{"id":5392,"date":"2025-07-31T21:48:17","date_gmt":"2025-08-01T00:48:17","guid":{"rendered":"https:\/\/circuitosalta.com.ar\/?p=5392"},"modified":"2025-07-31T21:48:19","modified_gmt":"2025-08-01T00:48:19","slug":"el-bureau-de-convenciones-celebro-su-asamblea-anual-y-refuerza-la-estrategia-de-salta-como-destino-de-eventos","status":"publish","type":"post","link":"https:\/\/circuitosalta.com.ar\/?p=5392","title":{"rendered":"El Bureau de Convenciones celebr\u00f3 su Asamblea Anual y refuerza la estrategia de Salta como destino de eventos"},"content":{"rendered":"\n<p><strong><em>En el encuentro se eligieron nuevas autoridades, se present\u00f3 la memoria institucional y se firm\u00f3 un convenio de colaboraci\u00f3n para la realizaci\u00f3n del 2\u00b0 Encuentro Nacional de Bodas Destino.<\/em><\/strong><\/p>\n\n\n\n<p>La ministra de Turismo y Deportes,&nbsp;<strong>Manuela Arancibia<\/strong>, particip\u00f3 de la Asamblea Anual Ordinaria del Bureau de Convenciones de Salta, junto al coordinador general del Ministerio,&nbsp;<strong>Santiago Su\u00f1er<\/strong>, y el director general de Turismo de Reuniones,&nbsp;<strong>Carlos Riob\u00f3<\/strong>.<\/p>\n\n\n\n<p>\u201cEl turismo de reuniones es un motor estrat\u00e9gico para el desarrollo de nuestro sector, porque dinamiza la econom\u00eda local durante todo el a\u00f1o. Desde el Ministerio vamos a seguir acompa\u00f1ando y articulando acciones con el Bureau para que Salta contin\u00fae posicion\u00e1ndose como sede de eventos nacionales e internacionales\u201d, expres\u00f3 la ministra Arancibia.<\/p>\n\n\n\n<p>Durante el encuentro se eligieron las nuevas autoridades de la instituci\u00f3n, resultando electo como presidente el Sr. Patricio Barbar\u00e1n. Tambi\u00e9n se present\u00f3 la memoria institucional 2024 y la proyecci\u00f3n de acciones para el a\u00f1o en curso, haciendo especial \u00e9nfasis en la colaboraci\u00f3n con el Ministerio como un diferencial clave para consolidar a Salta como uno de los principales destinos sede del pa\u00eds.<\/p>\n\n\n\n<p>Adem\u00e1s, se firm\u00f3 un convenio de colaboraci\u00f3n para la realizaci\u00f3n del 2\u00b0 Encuentro Nacional de Bodas Destino, que se llevar\u00e1 a cabo en septiembre en las ciudades de Salta y Cafayate, ampliando la propuesta tur\u00edstica de la provincia hacia nuevos segmentos.<\/p>\n\n\n\n<hr class=\"wp-block-separator has-alpha-channel-opacity\"\/>\n\n\n\n<p>Fuente:&nbsp;<strong>Secretar\u00eda de Prensa y Comunicaci\u00f3n<\/strong><\/p>\n","protected":false},"excerpt":{"rendered":"<p>En el encuentro se eligieron nuevas autoridades, se present\u00f3 la memoria institucional y se firm\u00f3 un convenio de colaboraci\u00f3n para la realizaci\u00f3n del 2\u00b0 Encuentro Nacional de Bodas Destino. La ministra de Turismo y Deportes,&nbsp;Manuela Arancibia, particip\u00f3 de la Asamblea Anual Ordinaria del Bureau de Convenciones de Salta, junto al coordinador general del Ministerio,&nbsp;Santiago Su\u00f1er, [&hellip;]<\/p>\n","protected":false},"author":2,"featured_media":5393,"comment_status":"open","ping_status":"open","sticky":false,"template":"","format":"standard","meta":{"tdm_status":"","tdm_grid_status":"","footnotes":""},"categories":[8,16],"tags":[],"class_list":{"0":"post-5392","1":"post","2":"type-post","3":"status-publish","4":"format-standard","5":"has-post-thumbnail","7":"category-eventos","8":"category-ferias-y-congresos"},"_links":{"self":[{"href":"https:\/\/circuitosalta.com.ar\/index.php?rest_route=\/wp\/v2\/posts\/5392"}],"collection":[{"href":"https:\/\/circuitosalta.com.ar\/index.php?rest_route=\/wp\/v2\/posts"}],"about":[{"href":"https:\/\/circuitosalta.com.ar\/index.php?rest_route=\/wp\/v2\/types\/post"}],"author":[{"embeddable":true,"href":"https:\/\/circuitosalta.com.ar\/index.php?rest_route=\/wp\/v2\/users\/2"}],"replies":[{"embeddable":true,"href":"https:\/\/circuitosalta.com.ar\/index.php?rest_route=%2Fwp%2Fv2%2Fcomments&post=5392"}],"version-history":[{"count":1,"href":"https:\/\/circuitosalta.com.ar\/index.php?rest_route=\/wp\/v2\/posts\/5392\/revisions"}],"predecessor-version":[{"id":5394,"href":"https:\/\/circuitosalta.com.ar\/index.php?rest_route=\/wp\/v2\/posts\/5392\/revisions\/5394"}],"wp:featuredmedia":[{"embeddable":true,"href":"https:\/\/circuitosalta.com.ar\/index.php?rest_route=\/wp\/v2\/media\/5393"}],"wp:attachment":[{"href":"https:\/\/circuitosalta.com.ar\/index.php?rest_route=%2Fwp%2Fv2%2Fmedia&parent=5392"}],"wp:term":[{"taxonomy":"category","embeddable":true,"href":"https:\/\/circuitosalta.com.ar\/index.php?rest_route=%2Fwp%2Fv2%2Fcategories&post=5392"},{"taxonomy":"post_tag","embeddable":true,"href":"https:\/\/circuitosalta.com.ar\/index.php?rest_route=%2Fwp%2Fv2%2Ftags&post=5392"}],"curies":[{"name":"wp","href":"https:\/\/api.w.org\/{rel}","templated":true}]}}