{"id":5395,"date":"2025-08-03T12:47:02","date_gmt":"2025-08-03T15:47:02","guid":{"rendered":"https:\/\/circuitosalta.com.ar\/?p=5395"},"modified":"2025-08-03T12:47:05","modified_gmt":"2025-08-03T15:47:05","slug":"el-fondo-de-emprendedores-turisticos-llego-con-capacitaciones-presenciales-a-urundel-y-aguaray","status":"publish","type":"post","link":"https:\/\/circuitosalta.com.ar\/?p=5395","title":{"rendered":"El Fondo de Emprendedores Tur\u00edsticos lleg\u00f3 con capacitaciones presenciales a Urundel y Aguaray"},"content":{"rendered":"\n<p><strong><em>M\u00e1s de 50 emprendedores participaron de los talleres realizados por el Ministerio de Turismo y Deportes en la regi\u00f3n Selva de Monta\u00f1a. La pr\u00f3xima semana habr\u00e1 nuevas instancias presenciales en los Valles Calchaqu\u00edes y Puna.<\/em><\/strong><\/p>\n\n\n\n<p>El Ministerio de Turismo y Deportes contin\u00faa fortaleciendo el acceso al Fondo de Emprendedores Tur\u00edsticos a trav\u00e9s de instancias de formaci\u00f3n y asesoramiento territorial. En esta oportunidad, se realizaron capacitaciones presenciales en los municipios de Urundel y Aguaray, con una amplia participaci\u00f3n de emprendedores locales.<\/p>\n\n\n\n<p>Las jornadas estuvieron destinadas a brindar herramientas pr\u00e1cticas para la correcta formulaci\u00f3n de proyectos tur\u00edsticos sostenibles e innovadores que deseen acceder al financiamiento no reembolsable.<\/p>\n\n\n\n<p>Las actividades fueron encabezadas por el director de Articulaci\u00f3n con Destinos Tur\u00edsticos,&nbsp;<strong>Alejandro Romero<\/strong>, junto al equipo t\u00e9cnico del Ministerio, con el acompa\u00f1amiento de autoridades locales. En Urundel, la capacitaci\u00f3n reuni\u00f3 a m\u00e1s de 30 participantes, mientras que en Aguaray fueron 20 los emprendedores que completaron la formaci\u00f3n y recibieron su correspondiente certificaci\u00f3n.<\/p>\n\n\n\n<p>En Urundel se destac\u00f3 el desarrollo de propuestas vinculadas al turismo gastron\u00f3mico, de naturaleza y actividades relacionadas con el r\u00edo San Francisco. Por su parte, en Aguaray se valoraron las iniciativas impulsadas por comunidades originarias en parajes como Acambuco, Campo Blanco, Pe\u00f1a Morada y Tuyunti, as\u00ed como tambi\u00e9n acciones en torno al turismo religioso, rural comunitario, y el fortalecimiento de servicios como alojamientos y guiados tur\u00edsticos.<\/p>\n\n\n\n<p>En cada municipio, el equipo t\u00e9cnico fue recibido por el director de Turismo y Cultura de Urundel, Iv\u00e1n Cruz, y por el director de Turismo de Aguaray, Gustavo Villagra. Adem\u00e1s, se realiz\u00f3 una reuni\u00f3n con el secretario de Gobierno del Municipio de Or\u00e1n, Daniel Garc\u00eda, a quien se present\u00f3 la iniciativa y se abordaron las actividades programadas en el marco de las fiestas fundacionales y patronales de San Ram\u00f3n de la Nueva Or\u00e1n, previstas para el mes de agosto.<\/p>\n\n\n\n<p>Cabe se\u00f1alar que estos municipios forman parte de la regi\u00f3n Selva de Monta\u00f1a, territorio en el que se avanza en la elaboraci\u00f3n de un plan de desarrollo tur\u00edstico con enfoque regional.<\/p>\n\n\n\n<p><strong>En cuanto a las capacitaciones ya realizadas, se destacan:<\/strong><\/p>\n\n\n\n<p>\u2022 Rosario de la Frontera (23 de julio): participaron 85 emprendedores; estuvieron presentes el intendente Kuldeep Singh y la directora de Turismo Valeria Luque.<\/p>\n\n\n\n<p>\u2022 Met\u00e1n (10 de julio): cont\u00f3 con 20 participantes y la presencia de la directora de Turismo, Cristina Mu\u00f1oz.<\/p>\n\n\n\n<p>\u2022 Nazareno (28 de junio): asistieron 30 emprendedores y acompa\u00f1\u00f3 la jornada el director de Turismo y Deportes, Rolando Quiquinte.<\/p>\n\n\n\n<p>Desde el Ministerio se recuerda que contin\u00faan abiertas las inscripciones para las capacitaciones virtuales obligatorias, destinadas a quienes deseen postular al Fondo de Emprendedores Tur\u00edsticos. Las mismas se desarrollan en diferentes fechas y horarios, y requieren inscripci\u00f3n previa en<a href=\"https:\/\/www.turismotecapacita.com.\/\">https:\/\/www.turismotecapacita.com.<\/a><\/p>\n\n\n\n<figure class=\"wp-block-image\"><a href=\"https:\/\/www.salta.gob.ar\/public\/images\/noticias\/contenidos\/18676-el-fondo-de-emprendedores-turisticos-llego-con-capacitaciones-presenciales-a-urundel-y-aguaray.webp\"><img decoding=\"async\" src=\"https:\/\/www.salta.gob.ar\/public\/images\/noticias\/contenidos\/18676-el-fondo-de-emprendedores-turisticos-llego-con-capacitaciones-presenciales-a-urundel-y-aguaray.webp\" alt=\"El Fondo de Emprendedores Tur\u00edsticos lleg\u00f3 con capacitaciones presenciales a Urundel y Aguaray\"\/><\/a><\/figure>\n\n\n\n<p>Asimismo,&nbsp;<strong>la semana pr\u00f3xima se llevar\u00e1n adelante nuevas capacitaciones presenciales<\/strong>, con el siguiente cronograma:<\/p>\n\n\n\n<p>\u2022 Lunes 4 de agosto: Cafayate, Animan\u00e1 y San Carlos<\/p>\n\n\n\n<p>\u2022 Martes 5 de agosto: Cachi y Molinos<\/p>\n\n\n\n<p>\u2022 Mi\u00e9rcoles 6 de agosto: El Carril<\/p>\n\n\n\n<p>\u2022 Jueves 7 de agosto: San Antonio de los Cobres<\/p>\n\n\n\n<p>Cabe destacar que el plazo para presentar proyectos al Fondo vence el 15 de agosto, a trav\u00e9s de la plataforma:&nbsp;<a href=\"https:\/\/www.salta.gob.ar\/fondo.turismosalta.gov.ar\">fondo.turismosalta.gov.ar<\/a><br>&nbsp;<\/p>\n\n\n\n<hr class=\"wp-block-separator has-alpha-channel-opacity\"\/>\n\n\n\n<p>Fuente:&nbsp;<strong>Secretar\u00eda de Prensa y Comunicaci\u00f3n<\/strong><\/p>\n","protected":false},"excerpt":{"rendered":"<p>M\u00e1s de 50 emprendedores participaron de los talleres realizados por el Ministerio de Turismo y Deportes en la regi\u00f3n Selva de Monta\u00f1a. La pr\u00f3xima semana habr\u00e1 nuevas instancias presenciales en los Valles Calchaqu\u00edes y Puna. El Ministerio de Turismo y Deportes contin\u00faa fortaleciendo el acceso al Fondo de Emprendedores Tur\u00edsticos a trav\u00e9s de instancias de [&hellip;]<\/p>\n","protected":false},"author":2,"featured_media":5396,"comment_status":"open","ping_status":"open","sticky":false,"template":"","format":"standard","meta":{"tdm_status":"","tdm_grid_status":"","footnotes":""},"categories":[11,15],"tags":[],"class_list":{"0":"post-5395","1":"post","2":"type-post","3":"status-publish","4":"format-standard","5":"has-post-thumbnail","7":"category-datos-utiles","8":"category-provincial"},"_links":{"self":[{"href":"https:\/\/circuitosalta.com.ar\/index.php?rest_route=\/wp\/v2\/posts\/5395"}],"collection":[{"href":"https:\/\/circuitosalta.com.ar\/index.php?rest_route=\/wp\/v2\/posts"}],"about":[{"href":"https:\/\/circuitosalta.com.ar\/index.php?rest_route=\/wp\/v2\/types\/post"}],"author":[{"embeddable":true,"href":"https:\/\/circuitosalta.com.ar\/index.php?rest_route=\/wp\/v2\/users\/2"}],"replies":[{"embeddable":true,"href":"https:\/\/circuitosalta.com.ar\/index.php?rest_route=%2Fwp%2Fv2%2Fcomments&post=5395"}],"version-history":[{"count":1,"href":"https:\/\/circuitosalta.com.ar\/index.php?rest_route=\/wp\/v2\/posts\/5395\/revisions"}],"predecessor-version":[{"id":5397,"href":"https:\/\/circuitosalta.com.ar\/index.php?rest_route=\/wp\/v2\/posts\/5395\/revisions\/5397"}],"wp:featuredmedia":[{"embeddable":true,"href":"https:\/\/circuitosalta.com.ar\/index.php?rest_route=\/wp\/v2\/media\/5396"}],"wp:attachment":[{"href":"https:\/\/circuitosalta.com.ar\/index.php?rest_route=%2Fwp%2Fv2%2Fmedia&parent=5395"}],"wp:term":[{"taxonomy":"category","embeddable":true,"href":"https:\/\/circuitosalta.com.ar\/index.php?rest_route=%2Fwp%2Fv2%2Fcategories&post=5395"},{"taxonomy":"post_tag","embeddable":true,"href":"https:\/\/circuitosalta.com.ar\/index.php?rest_route=%2Fwp%2Fv2%2Ftags&post=5395"}],"curies":[{"name":"wp","href":"https:\/\/api.w.org\/{rel}","templated":true}]}}