{"id":5408,"date":"2025-08-08T12:17:58","date_gmt":"2025-08-08T15:17:58","guid":{"rendered":"https:\/\/circuitosalta.com.ar\/?p=5408"},"modified":"2025-08-08T12:18:00","modified_gmt":"2025-08-08T15:18:00","slug":"salta-celebra-los-aniversarios-de-sus-centros-de-convenciones-en-salta-capital-y-cafayate","status":"publish","type":"post","link":"https:\/\/circuitosalta.com.ar\/?p=5408","title":{"rendered":"Salta celebra los aniversarios de sus Centros de Convenciones en Salta Capital y Cafayate"},"content":{"rendered":"\n<p><strong><em>La provincia es la \u00fanica del pa\u00eds con dos centros de convenciones en funcionamiento, consolidando su posicionamiento en la industria del turismo de reuniones.<\/em><\/strong><\/p>\n\n\n\n<p>En el marco del crecimiento sostenido del turismo de reuniones en Salta como pol\u00edtica de Estado, este mes se celebran dos fechas clave: el 18\u00b0 aniversario del Centro de Convenciones Salta, el m\u00e1s importante del norte argentino, y el 1\u00b0 aniversario del Centro de Convenciones&nbsp;Cafayate, una infraestructura de vanguardia emplazada en el coraz\u00f3n de los Valles Calchaqu\u00edes.<\/p>\n\n\n\n<p>Ambos espacios se convirtieron en herramientas fundamentales para el desarrollo del sector MICE (Meetings, Incentives,&nbsp;Congresses&nbsp;and&nbsp;Exhibitions), impulsando la actividad econ\u00f3mica local, la generaci\u00f3n de empleo, la&nbsp;desestacionalizaci\u00f3n&nbsp;tur\u00edstica y el posicionamiento nacional e internacional de la provincia.<\/p>\n\n\n\n<p><strong>18 a\u00f1os del Centro de Convenciones Salta: epicentro del turismo de reuniones en el norte del pa\u00eds<\/strong><\/p>\n\n\n\n<p>Desde su inauguraci\u00f3n el 11 de agosto de 2007, el Centro de Convenciones Salta fue sede de m\u00e1s de 1.300 eventos, posicion\u00e1ndose como el complejo para reuniones y&nbsp;eventos m\u00e1s importantes&nbsp;del norte argentino. Con un dise\u00f1o arquitect\u00f3nico vers\u00e1til y un predio de 30 hect\u00e1reas, el centro cuenta con 10.685 m\u00b2 cubiertos, diversos salones, salas de conferencias, cocinas equipadas, SUM independiente, foyer, amplios espacios exteriores para ferias y espect\u00e1culos, y un estacionamiento con gran capacidad.<\/p>\n\n\n\n<p>La creaci\u00f3n de la Sociedad del Estado en 2012, junto al acompa\u00f1amiento del Ministerio de Turismo y Deportes y el trabajo articulado con sectores p\u00fablicos y privados, permiti\u00f3 proyectar a Salta como uno de los destinos m\u00e1s elegidos en Latinoam\u00e9rica para eventos de todo tipo.<\/p>\n\n\n\n<p>Entre los eventos destacados se encuentran la Convenci\u00f3n&nbsp;Remax, Argentina&nbsp;Mining, Feria Potencia 2024, Asamblea Testigos de Jehov\u00e1, Expo Ciudad, Congreso Argentino de Anestesiolog\u00eda, Ciclos de conferencias acad\u00e9micos y empresariales, y propuestas como&nbsp;Beauty&nbsp;Prof&nbsp;Salta y&nbsp;Chachingo&nbsp;Wine&nbsp;FairNacional, entre muchos otros. Pr\u00f3ximamente, ser\u00e1 sede nuevamente de Experiencia&nbsp;EndeavorNOA, que re\u00fane a m\u00e1s de 3.000 asistentes.<\/p>\n\n\n\n<p>El centro se fortalece a\u00f1o tras a\u00f1o como motor del conocimiento, el desarrollo acad\u00e9mico, econ\u00f3mico y social de la regi\u00f3n.<\/p>\n\n\n\n<p><strong>Centro de Convenciones&nbsp;Cafayate: un a\u00f1o fortaleciendo la Ruta del Vino como destino MICE<\/strong><\/p>\n\n\n<div class=\"wp-block-image\">\n<figure class=\"alignright size-large is-resized\"><img fetchpriority=\"high\" decoding=\"async\" width=\"1024\" height=\"576\" src=\"https:\/\/circuitosalta.com.ar\/wp-content\/uploads\/2025\/08\/13589-centro-de-convenciones-de-cafayate-1024x576.webp\" alt=\"\" class=\"wp-image-5409\" style=\"width:298px;height:auto\" srcset=\"https:\/\/circuitosalta.com.ar\/wp-content\/uploads\/2025\/08\/13589-centro-de-convenciones-de-cafayate-1024x576.webp 1024w, https:\/\/circuitosalta.com.ar\/wp-content\/uploads\/2025\/08\/13589-centro-de-convenciones-de-cafayate-300x169.webp 300w, https:\/\/circuitosalta.com.ar\/wp-content\/uploads\/2025\/08\/13589-centro-de-convenciones-de-cafayate-768x432.webp 768w, https:\/\/circuitosalta.com.ar\/wp-content\/uploads\/2025\/08\/13589-centro-de-convenciones-de-cafayate-746x420.webp 746w, https:\/\/circuitosalta.com.ar\/wp-content\/uploads\/2025\/08\/13589-centro-de-convenciones-de-cafayate-696x392.webp 696w, https:\/\/circuitosalta.com.ar\/wp-content\/uploads\/2025\/08\/13589-centro-de-convenciones-de-cafayate.webp 1066w\" sizes=\"(max-width: 1024px) 100vw, 1024px\" \/><\/figure><\/div>\n\n\n<p>Ubicado estrat\u00e9gicamente sobre la Ruta 40 y junto al r\u00edo&nbsp;Lorohuasi, el Centro de Convenciones&nbsp;Cafayate&nbsp;celebra su primer a\u00f1o como insignia del turismo de reuniones en los Valles Calchaqu\u00edes. Con un edificio de 6.100 m\u00b2 cubiertos, un predio exterior de 9.200 m\u00b2 y capacidad para 700 personas, cuenta con un sal\u00f3n&nbsp;principal divisible, SUM, cocina, dep\u00f3sitos y un dise\u00f1o moderno que se adapta a m\u00faltiples formatos.<\/p>\n\n\n\n<p>Desde su apertura, ha albergado eventos cient\u00edficos, culturales, corporativos y gastron\u00f3micos, tales como la Asamblea Anual de FEHGRA, el Congreso de FAEVYT Joven, el Congreso Internacional Intercultural de Pueblos Originarios, las Jornadas Cient\u00edficas de Neurolog\u00eda y Cardiolog\u00eda, y la Feria Potencia Federal, que atrajo a una gran cantidad de p\u00fablico y emprendedores del interior provincial.<\/p>\n\n\n\n<p>Cafayate, sin\u00f3nimo de vitivinicultura y paisajes \u00fanicos, comienza a consolidarse como sede nacional de eventos. En ese sentido, ya se confirm\u00f3 que ser\u00e1 anfitri\u00f3n del 1\u00b0 Congreso Nacional de Bodas Destino, actividades corporativas y deportivas como la 5ta edici\u00f3n del&nbsp;Qhapaq&nbsp;\u00d1an&nbsp;Trail, adem\u00e1s de encuentros educativos como&nbsp;la Feria Nacional de Ciencias.<\/p>\n\n\n\n<p>El Centro de Convenciones&nbsp;Cafayate&nbsp;representa una apuesta por la diversificaci\u00f3n de la oferta tur\u00edstica, generando empleo local, articulando con prestadores de servicios, fortaleciendo el desarrollo regional y fomentando el arraigo de la comunidad anfitriona.<\/p>\n\n\n\n<p>Con estas dos infraestructuras en funcionamiento, Salta es la primera provincia argentina en contar con dos centros de convenciones activos, reafirmando su liderazgo en el sector MICE y consolidando su compromiso con el desarrollo econ\u00f3mico, social y cultural mediante el turismo.<\/p>\n\n\n\n<figure class=\"wp-block-gallery has-nested-images columns-default is-cropped wp-block-gallery-1 is-layout-flex wp-block-gallery-is-layout-flex\">\n<figure class=\"wp-block-image size-large\"><img decoding=\"async\" width=\"1024\" height=\"576\" data-id=\"5409\" src=\"https:\/\/circuitosalta.com.ar\/wp-content\/uploads\/2025\/08\/13589-centro-de-convenciones-de-cafayate-1024x576.webp\" alt=\"\" class=\"wp-image-5409\" srcset=\"https:\/\/circuitosalta.com.ar\/wp-content\/uploads\/2025\/08\/13589-centro-de-convenciones-de-cafayate-1024x576.webp 1024w, https:\/\/circuitosalta.com.ar\/wp-content\/uploads\/2025\/08\/13589-centro-de-convenciones-de-cafayate-300x169.webp 300w, https:\/\/circuitosalta.com.ar\/wp-content\/uploads\/2025\/08\/13589-centro-de-convenciones-de-cafayate-768x432.webp 768w, https:\/\/circuitosalta.com.ar\/wp-content\/uploads\/2025\/08\/13589-centro-de-convenciones-de-cafayate-746x420.webp 746w, https:\/\/circuitosalta.com.ar\/wp-content\/uploads\/2025\/08\/13589-centro-de-convenciones-de-cafayate-696x392.webp 696w, https:\/\/circuitosalta.com.ar\/wp-content\/uploads\/2025\/08\/13589-centro-de-convenciones-de-cafayate.webp 1066w\" sizes=\"(max-width: 1024px) 100vw, 1024px\" \/><\/figure>\n\n\n\n<figure class=\"wp-block-image size-large\"><img decoding=\"async\" width=\"1024\" height=\"576\" data-id=\"5411\" src=\"https:\/\/circuitosalta.com.ar\/wp-content\/uploads\/2025\/08\/13588-encuentro-1024x576.webp\" alt=\"\" class=\"wp-image-5411\" srcset=\"https:\/\/circuitosalta.com.ar\/wp-content\/uploads\/2025\/08\/13588-encuentro-1024x576.webp 1024w, https:\/\/circuitosalta.com.ar\/wp-content\/uploads\/2025\/08\/13588-encuentro-300x169.webp 300w, https:\/\/circuitosalta.com.ar\/wp-content\/uploads\/2025\/08\/13588-encuentro-768x432.webp 768w, https:\/\/circuitosalta.com.ar\/wp-content\/uploads\/2025\/08\/13588-encuentro-746x420.webp 746w, https:\/\/circuitosalta.com.ar\/wp-content\/uploads\/2025\/08\/13588-encuentro-696x392.webp 696w, https:\/\/circuitosalta.com.ar\/wp-content\/uploads\/2025\/08\/13588-encuentro.webp 1066w\" sizes=\"(max-width: 1024px) 100vw, 1024px\" \/><\/figure>\n\n\n\n<figure class=\"wp-block-image size-large\"><img loading=\"lazy\" decoding=\"async\" width=\"1024\" height=\"576\" data-id=\"5410\" src=\"https:\/\/circuitosalta.com.ar\/wp-content\/uploads\/2025\/08\/13587-encuentros-1024x576.webp\" alt=\"\" class=\"wp-image-5410\" srcset=\"https:\/\/circuitosalta.com.ar\/wp-content\/uploads\/2025\/08\/13587-encuentros-1024x576.webp 1024w, https:\/\/circuitosalta.com.ar\/wp-content\/uploads\/2025\/08\/13587-encuentros-300x169.webp 300w, https:\/\/circuitosalta.com.ar\/wp-content\/uploads\/2025\/08\/13587-encuentros-768x432.webp 768w, https:\/\/circuitosalta.com.ar\/wp-content\/uploads\/2025\/08\/13587-encuentros-746x420.webp 746w, https:\/\/circuitosalta.com.ar\/wp-content\/uploads\/2025\/08\/13587-encuentros-696x392.webp 696w, https:\/\/circuitosalta.com.ar\/wp-content\/uploads\/2025\/08\/13587-encuentros.webp 1066w\" sizes=\"(max-width: 1024px) 100vw, 1024px\" \/><\/figure>\n<\/figure>\n","protected":false},"excerpt":{"rendered":"<p>La provincia es la \u00fanica del pa\u00eds con dos centros de convenciones en funcionamiento, consolidando su posicionamiento en la industria del turismo de reuniones. En el marco del crecimiento sostenido del turismo de reuniones en Salta como pol\u00edtica de Estado, este mes se celebran dos fechas clave: el 18\u00b0 aniversario del Centro de Convenciones Salta, [&hellip;]<\/p>\n","protected":false},"author":2,"featured_media":5412,"comment_status":"open","ping_status":"open","sticky":false,"template":"","format":"standard","meta":{"tdm_status":"","tdm_grid_status":"","footnotes":""},"categories":[16],"tags":[],"class_list":{"0":"post-5408","1":"post","2":"type-post","3":"status-publish","4":"format-standard","5":"has-post-thumbnail","7":"category-ferias-y-congresos"},"_links":{"self":[{"href":"https:\/\/circuitosalta.com.ar\/index.php?rest_route=\/wp\/v2\/posts\/5408"}],"collection":[{"href":"https:\/\/circuitosalta.com.ar\/index.php?rest_route=\/wp\/v2\/posts"}],"about":[{"href":"https:\/\/circuitosalta.com.ar\/index.php?rest_route=\/wp\/v2\/types\/post"}],"author":[{"embeddable":true,"href":"https:\/\/circuitosalta.com.ar\/index.php?rest_route=\/wp\/v2\/users\/2"}],"replies":[{"embeddable":true,"href":"https:\/\/circuitosalta.com.ar\/index.php?rest_route=%2Fwp%2Fv2%2Fcomments&post=5408"}],"version-history":[{"count":1,"href":"https:\/\/circuitosalta.com.ar\/index.php?rest_route=\/wp\/v2\/posts\/5408\/revisions"}],"predecessor-version":[{"id":5413,"href":"https:\/\/circuitosalta.com.ar\/index.php?rest_route=\/wp\/v2\/posts\/5408\/revisions\/5413"}],"wp:featuredmedia":[{"embeddable":true,"href":"https:\/\/circuitosalta.com.ar\/index.php?rest_route=\/wp\/v2\/media\/5412"}],"wp:attachment":[{"href":"https:\/\/circuitosalta.com.ar\/index.php?rest_route=%2Fwp%2Fv2%2Fmedia&parent=5408"}],"wp:term":[{"taxonomy":"category","embeddable":true,"href":"https:\/\/circuitosalta.com.ar\/index.php?rest_route=%2Fwp%2Fv2%2Fcategories&post=5408"},{"taxonomy":"post_tag","embeddable":true,"href":"https:\/\/circuitosalta.com.ar\/index.php?rest_route=%2Fwp%2Fv2%2Ftags&post=5408"}],"curies":[{"name":"wp","href":"https:\/\/api.w.org\/{rel}","templated":true}]}}