{"id":548,"date":"2022-04-05T19:30:11","date_gmt":"2022-04-05T22:30:11","guid":{"rendered":"http:\/\/circuitosalta.com.ar\/?p=548"},"modified":"2022-04-05T19:30:13","modified_gmt":"2022-04-05T22:30:13","slug":"nueva-reunion-del-comite-de-turismo-de-la-ciudad-de-salta","status":"publish","type":"post","link":"https:\/\/circuitosalta.com.ar\/?p=548","title":{"rendered":"Nueva reuni\u00f3n del Comit\u00e9 de Turismo de la ciudad de Salta"},"content":{"rendered":"\n<h3 class=\"has-text-color wp-block-heading\" style=\"color:#ba163f\"><strong>Como cada mes, desde su creaci\u00f3n, el Comit\u00e9 se re\u00fane para analizar y proyectar el trabajo p\u00fablico-privado en el municipio.\u00a0Se abordaron distintos temas, entre ellos las proyecciones para Semana Santa.<\/strong><\/h3>\n\n\n\n<p>El Comit\u00e9 de Turismo de la ciudad de Salta, que integra la Municipalidad de Salta a trav\u00e9s de la Secretar\u00eda de Cultura y Turismo, llev\u00f3 a cabo la reuni\u00f3n correspondiente a marzo de 2022 en el recientemente remodelado restaurant Aniceto.<\/p>\n\n\n\n<p>Al inicio de la reuni\u00f3n se recorrieron las instalaciones del lugar para conocer las obras de remodelaci\u00f3n realizadas. Se destac\u00f3 la inversi\u00f3n que complementa la oferta de servicios de la ciudad y el potenciamiento del corredor gastron\u00f3mico de Tres Cerritos.<\/p>\n\n\n\n<p>Durante la reuni\u00f3n se analiz\u00f3 el movimiento tur\u00edstico del primer trimestre del a\u00f1o y las proyecciones para Semana Santa. Tambi\u00e9n se present\u00f3 el calendario de actividades para abril,&nbsp;mayo y junio, haciendo hincapi\u00e9 en los feriados largos que se presentan en estos meses y los eventos programados.<\/p>\n\n\n\n<p>En esta oportunidad, estuvo invitada la presidenta del Ente de Desarrollo Econ\u00f3mico, Guadalupe Blanco, quien explic\u00f3 el trabajo que se realiza desde ese organismo municipal y present\u00f3 las nuevas propuestas que tendr\u00e1 para este a\u00f1o dirigido al sector tur\u00edstico y a los oficios complementarios que requiere la actividad, entre los que se destacan ingl\u00e9s y portugu\u00c9s tur\u00edstico, mec\u00e1nica ligera, soldadura de elementos gastron\u00f3micos, atenci\u00f3n al cliente, baristas, entre otros.<\/p>\n\n\n\n<p>Los cursos ser\u00e1n&nbsp;te\u00f3ricos- pr\u00e1cticos&nbsp;y comenzar\u00e1n el 9 de mayo en la Escuela de Artes y Oficio de la Municipalidad.<\/p>\n\n\n\n<p>Tambi\u00e9n se present\u00f3 a la se\u00f1ora Norma Ruiz, quien ser\u00e1 la representante por la ciudad de Salta en el Primer Concurso de la Empanada Provincial, quien recibi\u00f3 de manos de las autoridades los delantales y cofias distintivas de la ciudad, confeccionadas por el grupo del polo textil de barrio Solidaridad del Ente de Desarrollo Econ\u00f3mico municipal.<\/p>\n\n\n\n<p>\u00abRepresento&nbsp;con orgullo a la ciudad de Salta y agradezco a todos los que de una manera u otra colaboran en este momento tan importante\u00bb dijo emocionada Norma Ruiz.<\/p>\n\n\n\n<p>Participaron de la reuni\u00f3n, representando al municipio, el secretario de Cultura y Turismo, Fernando Garc\u00eda Soria; la presidenta del Ente Desarrollo Econ\u00f3mico, Guadalupe Blanco; la subsecretaria&nbsp;de Gesti\u00f3n, Emilia San\u00edn Milian, el subsecretario de Turismo, Juan Manuel Contreras.<\/p>\n\n\n\n<p>Por el sector privado, lo hicieron: Freddy Soria, presidente de la C\u00e1mara Hotelera Gastron\u00f3mica y Afines de Salta; L\u00eda Rivella, presidenta de la Asociaci\u00f3n Salte\u00f1a de Agencias de Turismo; Mariana Farjat, presidenta de la Asociaci\u00f3n de Hoteles de Turismo \u2013 Filial Salta; Federico Ochoa, titular de la Asociaci\u00f3n de Operadores y Prestadores de Turismo Activo, el presidente de la C\u00e1mara de Comercio e Industria de Salta, Daniel Betzel y Yusseff Issa propietario de Aniceto.<\/p>\n\n\n\n<figure class=\"wp-block-embed is-type-video is-provider-youtube wp-block-embed-youtube wp-embed-aspect-16-9 wp-has-aspect-ratio\"><div class=\"wp-block-embed__wrapper\">\n<iframe title=\"Reuni\u00f3n del Comit\u00e9 de Turismo con Norma Ruiz representante de Capital al 1er Concurso de la Empanada\" width=\"696\" height=\"392\" src=\"https:\/\/www.youtube.com\/embed\/hXRmnXkdOzo?feature=oembed\" frameborder=\"0\" allow=\"accelerometer; autoplay; clipboard-write; encrypted-media; gyroscope; picture-in-picture\" allowfullscreen><\/iframe>\n<\/div><\/figure>\n\n\n\n<figure class=\"wp-block-gallery has-nested-images columns-default is-cropped wp-block-gallery-1 is-layout-flex wp-block-gallery-is-layout-flex\">\n<figure class=\"wp-block-image size-large\"><img fetchpriority=\"high\" decoding=\"async\" width=\"1024\" height=\"681\" data-id=\"551\" src=\"https:\/\/circuitosalta.com.ar\/wp-content\/uploads\/2022\/04\/comite-de-turismo-2-1024x681.jpeg\" alt=\"\" class=\"wp-image-551\" srcset=\"https:\/\/circuitosalta.com.ar\/wp-content\/uploads\/2022\/04\/comite-de-turismo-2-1024x681.jpeg 1024w, https:\/\/circuitosalta.com.ar\/wp-content\/uploads\/2022\/04\/comite-de-turismo-2-300x199.jpeg 300w, https:\/\/circuitosalta.com.ar\/wp-content\/uploads\/2022\/04\/comite-de-turismo-2-768x511.jpeg 768w, https:\/\/circuitosalta.com.ar\/wp-content\/uploads\/2022\/04\/comite-de-turismo-2-696x463.jpeg 696w, https:\/\/circuitosalta.com.ar\/wp-content\/uploads\/2022\/04\/comite-de-turismo-2-1068x710.jpeg 1068w, https:\/\/circuitosalta.com.ar\/wp-content\/uploads\/2022\/04\/comite-de-turismo-2-632x420.jpeg 632w, https:\/\/circuitosalta.com.ar\/wp-content\/uploads\/2022\/04\/comite-de-turismo-2.jpeg 1280w\" sizes=\"(max-width: 1024px) 100vw, 1024px\" \/><\/figure>\n\n\n\n<figure class=\"wp-block-image size-large\"><img decoding=\"async\" width=\"1024\" height=\"681\" data-id=\"549\" src=\"https:\/\/circuitosalta.com.ar\/wp-content\/uploads\/2022\/04\/comite-de-turismo-3-1024x681.jpeg\" alt=\"\" class=\"wp-image-549\" srcset=\"https:\/\/circuitosalta.com.ar\/wp-content\/uploads\/2022\/04\/comite-de-turismo-3-1024x681.jpeg 1024w, https:\/\/circuitosalta.com.ar\/wp-content\/uploads\/2022\/04\/comite-de-turismo-3-300x199.jpeg 300w, https:\/\/circuitosalta.com.ar\/wp-content\/uploads\/2022\/04\/comite-de-turismo-3-768x511.jpeg 768w, https:\/\/circuitosalta.com.ar\/wp-content\/uploads\/2022\/04\/comite-de-turismo-3-696x463.jpeg 696w, https:\/\/circuitosalta.com.ar\/wp-content\/uploads\/2022\/04\/comite-de-turismo-3-1068x710.jpeg 1068w, https:\/\/circuitosalta.com.ar\/wp-content\/uploads\/2022\/04\/comite-de-turismo-3-632x420.jpeg 632w, https:\/\/circuitosalta.com.ar\/wp-content\/uploads\/2022\/04\/comite-de-turismo-3.jpeg 1280w\" sizes=\"(max-width: 1024px) 100vw, 1024px\" \/><\/figure>\n\n\n\n<figure class=\"wp-block-image size-large\"><img decoding=\"async\" width=\"1024\" height=\"772\" data-id=\"550\" src=\"https:\/\/circuitosalta.com.ar\/wp-content\/uploads\/2022\/04\/comite-de-turismo-4a-1024x772.jpg\" alt=\"\" class=\"wp-image-550\" srcset=\"https:\/\/circuitosalta.com.ar\/wp-content\/uploads\/2022\/04\/comite-de-turismo-4a-1024x772.jpg 1024w, https:\/\/circuitosalta.com.ar\/wp-content\/uploads\/2022\/04\/comite-de-turismo-4a-300x226.jpg 300w, https:\/\/circuitosalta.com.ar\/wp-content\/uploads\/2022\/04\/comite-de-turismo-4a-768x579.jpg 768w, https:\/\/circuitosalta.com.ar\/wp-content\/uploads\/2022\/04\/comite-de-turismo-4a-1536x1158.jpg 1536w, https:\/\/circuitosalta.com.ar\/wp-content\/uploads\/2022\/04\/comite-de-turismo-4a-696x525.jpg 696w, https:\/\/circuitosalta.com.ar\/wp-content\/uploads\/2022\/04\/comite-de-turismo-4a-1068x805.jpg 1068w, https:\/\/circuitosalta.com.ar\/wp-content\/uploads\/2022\/04\/comite-de-turismo-4a-557x420.jpg 557w, https:\/\/circuitosalta.com.ar\/wp-content\/uploads\/2022\/04\/comite-de-turismo-4a-80x60.jpg 80w, https:\/\/circuitosalta.com.ar\/wp-content\/uploads\/2022\/04\/comite-de-turismo-4a.jpg 1543w\" sizes=\"(max-width: 1024px) 100vw, 1024px\" \/><\/figure>\n<\/figure>\n","protected":false},"excerpt":{"rendered":"<p>Como cada mes, desde su creaci\u00f3n, el Comit\u00e9 se re\u00fane para analizar y proyectar el trabajo p\u00fablico-privado en el municipio.\u00a0Se abordaron distintos temas, entre ellos las proyecciones para Semana Santa. El Comit\u00e9 de Turismo de la ciudad de Salta, que integra la Municipalidad de Salta a trav\u00e9s de la Secretar\u00eda de Cultura y Turismo, llev\u00f3 [&hellip;]<\/p>\n","protected":false},"author":2,"featured_media":552,"comment_status":"open","ping_status":"open","sticky":false,"template":"","format":"standard","meta":{"tdm_status":"","tdm_grid_status":"","footnotes":""},"categories":[26,17],"tags":[],"class_list":{"0":"post-548","1":"post","2":"type-post","3":"status-publish","4":"format-standard","5":"has-post-thumbnail","7":"category-culturales","8":"category-sociales"},"_links":{"self":[{"href":"https:\/\/circuitosalta.com.ar\/index.php?rest_route=\/wp\/v2\/posts\/548"}],"collection":[{"href":"https:\/\/circuitosalta.com.ar\/index.php?rest_route=\/wp\/v2\/posts"}],"about":[{"href":"https:\/\/circuitosalta.com.ar\/index.php?rest_route=\/wp\/v2\/types\/post"}],"author":[{"embeddable":true,"href":"https:\/\/circuitosalta.com.ar\/index.php?rest_route=\/wp\/v2\/users\/2"}],"replies":[{"embeddable":true,"href":"https:\/\/circuitosalta.com.ar\/index.php?rest_route=%2Fwp%2Fv2%2Fcomments&post=548"}],"version-history":[{"count":1,"href":"https:\/\/circuitosalta.com.ar\/index.php?rest_route=\/wp\/v2\/posts\/548\/revisions"}],"predecessor-version":[{"id":553,"href":"https:\/\/circuitosalta.com.ar\/index.php?rest_route=\/wp\/v2\/posts\/548\/revisions\/553"}],"wp:featuredmedia":[{"embeddable":true,"href":"https:\/\/circuitosalta.com.ar\/index.php?rest_route=\/wp\/v2\/media\/552"}],"wp:attachment":[{"href":"https:\/\/circuitosalta.com.ar\/index.php?rest_route=%2Fwp%2Fv2%2Fmedia&parent=548"}],"wp:term":[{"taxonomy":"category","embeddable":true,"href":"https:\/\/circuitosalta.com.ar\/index.php?rest_route=%2Fwp%2Fv2%2Fcategories&post=548"},{"taxonomy":"post_tag","embeddable":true,"href":"https:\/\/circuitosalta.com.ar\/index.php?rest_route=%2Fwp%2Fv2%2Ftags&post=548"}],"curies":[{"name":"wp","href":"https:\/\/api.w.org\/{rel}","templated":true}]}}