{"id":558,"date":"2022-04-06T12:32:35","date_gmt":"2022-04-06T15:32:35","guid":{"rendered":"http:\/\/circuitosalta.com.ar\/?p=558"},"modified":"2022-04-06T12:32:37","modified_gmt":"2022-04-06T15:32:37","slug":"abierto-el-plazo-para-participar-en-la-19a-cata-internacional-de-aguas-de-termatalia","status":"publish","type":"post","link":"https:\/\/circuitosalta.com.ar\/?p=558","title":{"rendered":"ABIERTO EL PLAZO PARA PARTICIPAR EN LA 19\u00aa CATA INTERNACIONAL DE AGUAS DE TERMATALIA"},"content":{"rendered":"\n<h4 class=\"has-vivid-cyan-blue-color has-text-color wp-block-heading\">Termatalia, Feria Internacional de Turismo Termal, Salud y Bienestar, regresa al calendario feria de Expourense y se celebrar\u00e1 como feria completa (con todas sus acciones profesionales habituales) los d\u00edas 29 y 30 de septiembre de 2022. Una de estas actividades ser\u00e1 la Cata Internacional de Aguas que cumplir\u00e1 ya 19 ediciones y que est\u00e1 posicionada como una prueba de gran prestigio internacional paras las aguas minerales envasadas que utilizan los galardones en esta cata como una herramienta de marketing y como se\u00f1al de su calidad acreditada.<\/h4>\n\n\n\n<p>EXPOURENSE bajo el amparo de su marca TERMATALIA organiza este concurso de cata de aguas internacional con el objetivo de divulgar y mejorar la percepci\u00f3n de las cualidades organol\u00e9pticas excepcionales de las aguas minerales naturales.<br>La participaci\u00f3n se reserva a embotelladores a nivel mundial, entendiendo como embotellador la persona f\u00edsica o moral que toma la responsabilidad del agua figurando su nombre en la etiqueta y que ofrece los criterios de trazabilidad, respetando las normas sanitarias vigentes en su pa\u00eds de embotellado. La cata se celebrar\u00e1 el 29 de septiembre y los premios se entregar\u00e1n en Expourense el 30 de septiembre de 2022. La cata se complementar\u00e1 con un Bar de Aguas internacionales en la que podr\u00e1n conocerse y degustarse las aguas participantes.<\/p>\n\n\n\n<p><br>Estas son las categor\u00edas en las que se puede participar en esta cata:<\/p>\n\n\n\n<p>AGUAS MINERALES NATURALES SIN GAS:<br>Mineralizaci\u00f3n muy baja, muy d\u00e9bil o ligeras (&lt; 50 mgr\/l R.S o S.S)<br>Mineralizaci\u00f3n d\u00e9bil, media o mixtas<br>Mineralizaci\u00f3n alta, fuerte o con car\u00e1cter.<\/p>\n\n\n\n<p>AGUAS MINERALES NATURALES CON GAS:<br>Gas a\u00f1adido<br>Gas natural.<\/p>\n\n\n\n<p>AGUAS NO MINERALES: agua potable preparada, agua de consumo p\u00fablico envasada, aguas purificadas u otras aguas gourmet.<br>(*) No se incluyen aguas de sabores, aromatizadas etc.<br>DISTINCIONES ESPECIALES EN EL \u00c1MBITO DEL AGUA MINERAL ENVASADA:<br>POL\u00cdTICA EMPRESARIAL EN RESPONSABILIDAD SOCIAL CORPORATIVA (RSC) Y MEDIO AMBIENTE<br>ENVASE INNOVADOR<\/p>\n\n\n\n<p>Ganadores de la \u00faltima edici\u00f3n de la Cata Internacional de Aguas celebrada en 2021:<\/p>\n\n\n\n<p><br>Categor\u00eda Agua de Mineralizaci\u00f3n Muy D\u00e9bil:<br>\u2022 1\u00ba Premio: Agua Sana (Galicia)<\/p>\n\n\n\n<p>Categor\u00eda Agua de Mineralizaci\u00f3n D\u00e9bil:<br>\u2022 1\u00ba premio: Fontecelta (Galicia)<br>\u2022 2\u00ba premio: La Sasse (Francia)<br>\u2022 3\u00ba premio: Agua de Benassal (Comunidad Valenciana)<\/p>\n\n\n\n<p>Categor\u00eda Agua mineral con gas natural:<br>\u2022 1\u00ba premio: Ventadour (Francia)<br>\u2022 2\u00ba premio: Magma Original (Galicia)<\/p>\n\n\n\n<p>Categor\u00eda de Agua Mineral con gas a\u00f1adido:<br>\u2022 1\u00ba premio: Vimeiro (Portugal)<br>\u2022 2\u00ba premio: Aguas de Sousas (Galicia)<br>Categor\u00eda \u201cEnvase innovador\u201d: 1\u00ba premio: Bezoya (Castilla y Le\u00f3n)<br>Categor\u00eda Responsabilidad Social Corporativa: 1\u00ba premio: Bezoya (Castilla y Le\u00f3n)<br>Menci\u00f3n especial a Pedras Salgadas (Portugal) por su 150\u00ba aniversario<\/p>\n\n\n\n<p>Las bases para participar en la 19\u00aa Cata Internacional de Aguas pueden consultarse&nbsp;<a href=\"https:\/\/www.termatalia.com\/wp-content\/uploads\/basescata2022-1.pdf\" target=\"_blank\" rel=\"noreferrer noopener\">Aqu\u00ed.<\/a><\/p>\n","protected":false},"excerpt":{"rendered":"<p>Termatalia, Feria Internacional de Turismo Termal, Salud y Bienestar, regresa al calendario feria de Expourense y se celebrar\u00e1 como feria completa (con todas sus acciones profesionales habituales) los d\u00edas 29 y 30 de septiembre de 2022. Una de estas actividades ser\u00e1 la Cata Internacional de Aguas que cumplir\u00e1 ya 19 ediciones y que est\u00e1 posicionada [&hellip;]<\/p>\n","protected":false},"author":2,"featured_media":559,"comment_status":"open","ping_status":"open","sticky":false,"template":"","format":"standard","meta":{"tdm_status":"","tdm_grid_status":"","footnotes":""},"categories":[19],"tags":[],"class_list":{"0":"post-558","1":"post","2":"type-post","3":"status-publish","4":"format-standard","5":"has-post-thumbnail","7":"category-salud-bienestar"},"_links":{"self":[{"href":"https:\/\/circuitosalta.com.ar\/index.php?rest_route=\/wp\/v2\/posts\/558"}],"collection":[{"href":"https:\/\/circuitosalta.com.ar\/index.php?rest_route=\/wp\/v2\/posts"}],"about":[{"href":"https:\/\/circuitosalta.com.ar\/index.php?rest_route=\/wp\/v2\/types\/post"}],"author":[{"embeddable":true,"href":"https:\/\/circuitosalta.com.ar\/index.php?rest_route=\/wp\/v2\/users\/2"}],"replies":[{"embeddable":true,"href":"https:\/\/circuitosalta.com.ar\/index.php?rest_route=%2Fwp%2Fv2%2Fcomments&post=558"}],"version-history":[{"count":1,"href":"https:\/\/circuitosalta.com.ar\/index.php?rest_route=\/wp\/v2\/posts\/558\/revisions"}],"predecessor-version":[{"id":560,"href":"https:\/\/circuitosalta.com.ar\/index.php?rest_route=\/wp\/v2\/posts\/558\/revisions\/560"}],"wp:featuredmedia":[{"embeddable":true,"href":"https:\/\/circuitosalta.com.ar\/index.php?rest_route=\/wp\/v2\/media\/559"}],"wp:attachment":[{"href":"https:\/\/circuitosalta.com.ar\/index.php?rest_route=%2Fwp%2Fv2%2Fmedia&parent=558"}],"wp:term":[{"taxonomy":"category","embeddable":true,"href":"https:\/\/circuitosalta.com.ar\/index.php?rest_route=%2Fwp%2Fv2%2Fcategories&post=558"},{"taxonomy":"post_tag","embeddable":true,"href":"https:\/\/circuitosalta.com.ar\/index.php?rest_route=%2Fwp%2Fv2%2Ftags&post=558"}],"curies":[{"name":"wp","href":"https:\/\/api.w.org\/{rel}","templated":true}]}}