{"id":561,"date":"2022-04-06T13:01:32","date_gmt":"2022-04-06T16:01:32","guid":{"rendered":"http:\/\/circuitosalta.com.ar\/?p=561"},"modified":"2022-04-06T13:01:33","modified_gmt":"2022-04-06T16:01:33","slug":"desde-julio-aerolineas-unira-a-jujuy-con-mendoza-e-iguazu","status":"publish","type":"post","link":"https:\/\/circuitosalta.com.ar\/?p=561","title":{"rendered":"Desde julio, Aerol\u00edneas unir\u00e1 a Jujuy con Mendoza e Iguaz\u00fa"},"content":{"rendered":"\n<h4 class=\"has-vivid-cyan-blue-color has-text-color wp-block-heading\">La aerol\u00ednea de bandera operar\u00e1\u00a0Iguaz\u00fa-Jujuy-Mendoza todos los lunes y viernes, mientras que, martes y s\u00e1bado, funcionar\u00e1 en el sentido inverso. Adem\u00e1s, aumentar\u00e1n las frecuencias entre San Salvador de Jujuy y Buenos Aires.<\/h4>\n\n\n\n<p>Aerol\u00edneas Argentinas comenzar\u00e1 a operar desde el mes de julio un nuevo corredor tur\u00edstico que unir\u00e1 a Jujuy con Mendoza e Iguaz\u00fa, y adem\u00e1s, aumentar\u00e1 las frecuencias entre San Salvador de Jujuy y Buenos Aires, seg\u00fan lo confirm\u00f3 el presidente de la compa\u00f1\u00eda, Pablo Ceriani, a trav\u00e9s de su cuenta de Twitter.<\/p>\n\n\n\n<p>El nuevo corredor est\u00e1 configurado para operar&nbsp;<strong>Iguaz\u00fa-Jujuy-Mendoza, todos los lunes y viernes, mientras que, martes y s\u00e1bado, funcionar\u00e1 en el sentido inverso.<\/strong><\/p>\n\n\n\n<p>Adicionalmente, tambi\u00e9n desde julio, suma tres nuevos vuelos entre Jujuy y Buenos Aires, pasando de 18 a 21 frecuencias semanales.<\/p>\n\n\n\n<p>\u00abImportante aumento de la conectividad para la provincia de Jujuy. Desde julio suma vuelos directos de Aerol\u00edneas con Iguaz\u00fa y Mendoza, conformando un Corredor Tur\u00edstico Federal. Adem\u00e1s, aumenta sus frecuencias con BUE de 18 a 21 vuelos semanales\u00bb, inform\u00f3 Ceriani en su red social.<\/p>\n\n\n\n<figure class=\"wp-block-embed is-type-rich is-provider-twitter wp-block-embed-twitter\"><div class=\"wp-block-embed__wrapper\">\n<blockquote class=\"twitter-tweet\" data-width=\"550\" data-dnt=\"true\"><p lang=\"es\" dir=\"ltr\">Este nuevo corredor operar\u00e1 en sentido Iguaz\u00fa-Jujuy-Mendoza los d\u00edas lunes y viernes. Mientras que, martes y s\u00e1bado, funcionar\u00e1 en el sentido inverso. Se suma las 4 frecuencias semanales con C\u00f3rdoba, que otorgan conectividad a toda la regi\u00f3n con el sur del pa\u00eds.<\/p>&mdash; Pablo Ceriani (@ceriani_pablo) <a href=\"https:\/\/twitter.com\/ceriani_pablo\/status\/1509873015605108741?ref_src=twsrc%5Etfw\">April 1, 2022<\/a><\/blockquote><script async src=\"https:\/\/platform.twitter.com\/widgets.js\" charset=\"utf-8\"><\/script>\n<\/div><figcaption>Agreg\u00f3 que \u00abeste nuevo corredor operar\u00e1 en sentido Iguaz\u00fa-Jujuy-Mendoza los d\u00edas lunes y viernes. Mientras que, martes y s\u00e1bado, funcionar\u00e1 en el sentido inverso. Se suma las cuatro frecuencias semanales con C\u00f3rdoba, que otorgan conectividad a toda la regi\u00f3n con el sur del pa\u00eds\u00bb.<br><br><strong>\u00abLos vuelos federales sin pasar por Buenos Aires, son una herramienta fundamental potenciar la actividad tur\u00edstica, econ\u00f3mica, social y cultural\u00a0<\/strong>de las provincias. Desde Aerol\u00edneas vamos a seguir trabajando en esa direcci\u00f3n\u00bb, puntualiz\u00f3.<br><br>Y concluy\u00f3 afirmando que \u00abestos nuevos vuelos van a potenciar much\u00edsimo la llegada de turistas a la provincia de Jujuy, ya que al formarse un corredor entre tres provincias con atractivos muy importantes y diversos, estamos ofreciendo la posibilidad de conocer Argentina sin tener que volver a Buenos Aires para tomar el siguiente vuelo\u00bb.<br><br>Por su parte el gobernador de la provincia de Jujuy, Gerardo Morales destac\u00f3 la importancia de que Aerol\u00edneas siga apostando por Jujuy y por todo el pa\u00eds con sus vuelos federales y agreg\u00f3 que \u201ces fundamental contar con los vuelos transversales que nos conectan sin tener que pasar por Aeroparque\u00bb.<br><br>Aerol\u00edneas Argentinas opera tambi\u00e9n cuatro frecuencias semanales entre Jujuy y su \u00abhub\u00bb en C\u00f3rdoba, ofreciendo de esta manera conectividad con los vuelos que parten desde all\u00ed al sur del pa\u00eds.<br><br>Con la confirmaci\u00f3n de los nuevos intertramos, la empresa alcanza la cifra de 41 rutas federales sin pasar por Buenos Aires.<\/figcaption><\/figure>\n\n\n\n<figure class=\"wp-block-embed is-type-rich is-provider-soundcloud wp-block-embed-soundcloud\"><div class=\"wp-block-embed__wrapper\">\n<iframe title=\"Aerol\u00edneas Argentinas con casi 300 mil reservas para Semana Santa y crecimiento internacional by PODCAST\" width=\"696\" height=\"400\" scrolling=\"no\" frameborder=\"no\" src=\"https:\/\/w.soundcloud.com\/player\/?visual=true&#038;url=https%3A%2F%2Fapi.soundcloud.com%2Ftracks%2F1242628852&#038;show_artwork=true&#038;maxheight=1000&#038;maxwidth=696\"><\/iframe>\n<\/div><\/figure>\n\n\n\n<p>\u201cHemos tenido una temporada alta realmente excelente, hemos ya pr\u00e1cticamente superado los niveles de pre pandemia, eso ocurri\u00f3 en el carnaval\u201d, record\u00f3.<\/p>\n\n\n\n<p>Lombardo precis\u00f3 que al margen de crecimiento superior al 90 % que registra el mercado nacional, en el internacional tambi\u00e9n se da un marcado crecimiento \u201ccomo es la pol\u00edtica de la compa\u00f1\u00eda, de buscar una mayor conectividad en todo lo que es la Rep\u00fablica Argentina y en el hecho de traer turistas, tambi\u00e9n estamos creciendo, sobre todo en los mercados de Brasil\u201d.<\/p>\n\n\n\n<p>\u201cYa anunciamos el vuelo de San Pablo a Salta y de San Pablo a Bariloche con el objetivo que tiene la compa\u00f1\u00eda de promover el turismo receptivo\u201d, indic\u00f3.<\/p>\n\n\n\n<p>En otro orden, Lombardo dijo que \u201cya contest\u00f3 nuestro presidente, Pablo Ceriani, a ese nefasto comentario del expresidente (Mauricio Macri)\u00bb.<\/p>\n\n\n\n<p>\u00abNosotros seguimos trabajando fuerte en promover la conectividad de los argentinos, promover el turismo receptivo y que Aerol\u00edneas sea un instrumento para el desarrollo de las econom\u00edas regionales\u201d, subray\u00f3.<\/p>\n\n\n\n<p>\u201cTenemos una perspectiva de crecimiento a corto y medio plazos -continu\u00f3-, hemos estado en Brasil haciendo la promoci\u00f3n de los vuelos de Porto Alegre, Curitiba y Brasilia y hemos notado un compromiso total del mercado brasile\u00f1o para venir a la Argentina, hay que aprovechar esta coyuntura\u201d, se explay\u00f3.<\/p>\n\n\n\n<p>Respecto de Semana Santa, destac\u00f3 que haya \u201cpr\u00e1cticamente 300.000 pasajeros reservados\u201d y subray\u00f3 que ese inter\u00e9s se expresa \u201cen un amplio abanico de destinos, esto hace pensar que vamos a superar las cifras que tuvimos en la pre pandemia\u201d.<\/p>\n\n\n\n<figure class=\"wp-block-image size-full\"><a href=\"https:\/\/www.telam.com.ar\/notas\/202204\/588236-aerolineas-nuevo-corredor-turistico-jujuy-mendoza-iguazu.html\" target=\"_blank\" rel=\"noopener\"><img fetchpriority=\"high\" decoding=\"async\" width=\"964\" height=\"96\" src=\"https:\/\/circuitosalta.com.ar\/wp-content\/uploads\/2022\/04\/Captura-web_6-4-2022_125922_www.telam_.com_.ar_.jpeg\" alt=\"\" class=\"wp-image-562\" srcset=\"https:\/\/circuitosalta.com.ar\/wp-content\/uploads\/2022\/04\/Captura-web_6-4-2022_125922_www.telam_.com_.ar_.jpeg 964w, https:\/\/circuitosalta.com.ar\/wp-content\/uploads\/2022\/04\/Captura-web_6-4-2022_125922_www.telam_.com_.ar_-300x30.jpeg 300w, https:\/\/circuitosalta.com.ar\/wp-content\/uploads\/2022\/04\/Captura-web_6-4-2022_125922_www.telam_.com_.ar_-768x76.jpeg 768w, https:\/\/circuitosalta.com.ar\/wp-content\/uploads\/2022\/04\/Captura-web_6-4-2022_125922_www.telam_.com_.ar_-696x69.jpeg 696w\" sizes=\"(max-width: 964px) 100vw, 964px\" \/><\/a><\/figure>\n","protected":false},"excerpt":{"rendered":"<p>La aerol\u00ednea de bandera operar\u00e1\u00a0Iguaz\u00fa-Jujuy-Mendoza todos los lunes y viernes, mientras que, martes y s\u00e1bado, funcionar\u00e1 en el sentido inverso. Adem\u00e1s, aumentar\u00e1n las frecuencias entre San Salvador de Jujuy y Buenos Aires. Aerol\u00edneas Argentinas comenzar\u00e1 a operar desde el mes de julio un nuevo corredor tur\u00edstico que unir\u00e1 a Jujuy con Mendoza e Iguaz\u00fa, y [&hellip;]<\/p>\n","protected":false},"author":2,"featured_media":563,"comment_status":"open","ping_status":"open","sticky":false,"template":"","format":"standard","meta":{"tdm_status":"","tdm_grid_status":"","footnotes":""},"categories":[5],"tags":[],"class_list":{"0":"post-561","1":"post","2":"type-post","3":"status-publish","4":"format-standard","5":"has-post-thumbnail","7":"category-buses-y-aeropuertos"},"_links":{"self":[{"href":"https:\/\/circuitosalta.com.ar\/index.php?rest_route=\/wp\/v2\/posts\/561"}],"collection":[{"href":"https:\/\/circuitosalta.com.ar\/index.php?rest_route=\/wp\/v2\/posts"}],"about":[{"href":"https:\/\/circuitosalta.com.ar\/index.php?rest_route=\/wp\/v2\/types\/post"}],"author":[{"embeddable":true,"href":"https:\/\/circuitosalta.com.ar\/index.php?rest_route=\/wp\/v2\/users\/2"}],"replies":[{"embeddable":true,"href":"https:\/\/circuitosalta.com.ar\/index.php?rest_route=%2Fwp%2Fv2%2Fcomments&post=561"}],"version-history":[{"count":1,"href":"https:\/\/circuitosalta.com.ar\/index.php?rest_route=\/wp\/v2\/posts\/561\/revisions"}],"predecessor-version":[{"id":564,"href":"https:\/\/circuitosalta.com.ar\/index.php?rest_route=\/wp\/v2\/posts\/561\/revisions\/564"}],"wp:featuredmedia":[{"embeddable":true,"href":"https:\/\/circuitosalta.com.ar\/index.php?rest_route=\/wp\/v2\/media\/563"}],"wp:attachment":[{"href":"https:\/\/circuitosalta.com.ar\/index.php?rest_route=%2Fwp%2Fv2%2Fmedia&parent=561"}],"wp:term":[{"taxonomy":"category","embeddable":true,"href":"https:\/\/circuitosalta.com.ar\/index.php?rest_route=%2Fwp%2Fv2%2Fcategories&post=561"},{"taxonomy":"post_tag","embeddable":true,"href":"https:\/\/circuitosalta.com.ar\/index.php?rest_route=%2Fwp%2Fv2%2Ftags&post=561"}],"curies":[{"name":"wp","href":"https:\/\/api.w.org\/{rel}","templated":true}]}}