{"id":565,"date":"2022-04-06T13:23:49","date_gmt":"2022-04-06T16:23:49","guid":{"rendered":"http:\/\/circuitosalta.com.ar\/?p=565"},"modified":"2022-04-06T13:23:50","modified_gmt":"2022-04-06T16:23:50","slug":"el-metaverso-y-la-inclusion-dominaron-el-primer-dia-de-wtm-latin-america","status":"publish","type":"post","link":"https:\/\/circuitosalta.com.ar\/?p=565","title":{"rendered":"El metaverso y la inclusi\u00f3n dominaron el primer d\u00eda de WTM Latin America"},"content":{"rendered":"\n<h5 class=\"wp-block-heading\">Diversidad e Inclusi\u00f3n, Turismo Responsable y Tecnolog\u00eda. Los tres pilares que guiaron el programa de conferencias de\u00a0<strong>WTM Latin America<\/strong>\u00a0ganaron salas dedicadas, con intenso movimiento en este primer d\u00eda del evento.\u00a0\u00a0<\/h5>\n\n\n\n<p>Profesionales del mercado, expertos invitados y ejecutivos de otras industrias subieron a los escenarios tem\u00e1ticos para destacar tendencias globales, compartir soluciones y provocar la reflexi\u00f3n entre los presentes.<\/p>\n\n\n\n<p>Uno de los platos fuertes de la jornada fue el lanzamiento del Manifiesto por la Diversidad y la Inclusi\u00f3n, un documento escrito por personalidades de diferentes sectores del turismo que re\u00fane seis compromisos orientados a iniciativas inclusivas y acciones m\u00e1s tolerantes.&nbsp;&nbsp;<\/p>\n\n\n\n<p>\u201cNo queremos distinguir entre personas\u201d, afirma Mariana Aldrigui, profesora e investigadora vinculada a la Universidad de S\u00e3o Paulo y miembro del Comit\u00e9 de Diversidad de la WTM.<\/p>\n\n\n\n<p>En la presentaci\u00f3n del Manifiesto, la acad\u00e9mica destac\u00f3 que las buenas ideas pueden y deben ser replicadas en el grupo, que permanecer\u00e1 abierto a sugerencias.&nbsp;&nbsp;<strong>Simon Mayle<\/strong>, director de WTM Latinoam\u00e9rica, defendi\u00f3 el aspecto humano e intercultural del turismo y, en consecuencia, la inclusi\u00f3n de todas las personas.&nbsp; \u201cEl Manifiesto tiene el papel de provocar cambios positivos\u201d, concluye el director.<\/p>\n\n\n\n<p>El teatro de Turismo Responsable alberg\u00f3 ricos debates que revelaron la sinergia de sus atributos con el segmento de lujo, adem\u00e1s de compartir buenas pr\u00e1cticas en la gesti\u00f3n de la sustentabilidad en establecimientos de hospedaje y tips ESG (Ambiental, Social y de Gobernanza) para peque\u00f1as y medianas empresas.\u00a0<\/p>\n\n\n\n<figure class=\"wp-block-image size-large\"><img decoding=\"async\" src=\"https:\/\/www.caribbeannewsdigital.com\/sites\/default\/files\/inline-images\/xWTM,P202022.jpg.pagespeed.ic.VlxIt0JSxy.webp\" alt=\"\"\/><\/figure>\n\n\n\n<p><strong>Simone Scorsato<\/strong>, presidenta de la Asociaci\u00f3n Brasile\u00f1a de Viajes de Lujo, contextualiz\u00f3 el turismo de alta gama, enumer\u00f3 las acciones lideradas por BLTA en el \u00e1mbito socioambiental y convoc\u00f3 a dos asociados para destacar las iniciativas propuestas en la conferencia \u201cSostenibilidad: Nuevo elemento indispensable en el Lujo Turismo\u00bb.&nbsp; El ejecutivo defendi\u00f3 que es necesario insertar iniciativas responsables en el core business y reforz\u00f3 que la pandemia valor\u00f3 la sencillez y consolid\u00f3 la relaci\u00f3n entre sustentabilidad y autenticidad.<\/p>\n\n\n\n<p><strong>Silmara Ambr\u00f3sio<\/strong>, de Rancho do Peixe (Pre\u00e1\/CE), record\u00f3 que la sostenibilidad es un compromiso con el medio ambiente, ya que la atracci\u00f3n de un nuevo flujo transforma la comunidad.&nbsp; Las compensaciones van m\u00e1s all\u00e1 de la construcci\u00f3n con un impacto m\u00ednimo, preferencia por materiales naturales y mano de obra local.&nbsp; El proyecto cre\u00f3 su propio centro de reciclaje y naturaliz\u00f3 el verbo \u201cnativar\u201d que refuerza el compromiso social.&nbsp; \u201cSon las personas las que marcan la diferencia en los lugares\u201d, dice Silmara.<\/p>\n\n\n\n<p><strong>Daniel Martins<\/strong>, de Unique Garden, afirma que la postura de la empresa es ver la sustentabilidad como una causa y no como una obligaci\u00f3n legal.&nbsp; Las acciones son muchas e incluyen el monitoreo del consumo de energ\u00eda y combustibles, adem\u00e1s de la construcci\u00f3n de dos estaciones de tratamiento de efluentes en el complejo ubicado en Mairipor\u00e3 (SP).&nbsp; Adem\u00e1s de tratar adecuadamente los residuos, el hotel tambi\u00e9n genera oportunidades de ingresos para cooperativas locales con materiales reciclables.&nbsp; Otro frente es un \u00e1rea para la conservaci\u00f3n de animales silvestres.<\/p>\n\n\n\n<p>Dos de los 14 finalistas de la segunda edici\u00f3n del Premio Turismo Responsable se presentaron y demostraron que hay espacio para la acci\u00f3n afirmativa.&nbsp; Adem\u00e1s de crear itinerarios de agroturismo, una tendencia creciente en Brasil y en todo el mundo, Diaspora Black registra anfitriones para alojamiento y experiencias y realiza capacitaciones sobre el tema.&nbsp; La iniciativa Turismo Legal Co2 \u2013 Guardianes del Clima, por otro lado, propone mitigar las emisiones de carbono a trav\u00e9s de la actividad tur\u00edstica en Itacar\u00e9 (BA), adem\u00e1s de ofrecer apoyo para la certificaci\u00f3n org\u00e1nica y sensibilizar a la poblaci\u00f3n local para actuar como guardianes de los bienes naturales.&nbsp; Los ganadores ser\u00e1n anunciados ma\u00f1ana a las 6pm.<\/p>\n\n\n\n<p><strong>Antonietta Varlese<\/strong>\u00a0(Accor Hotels),\u00a0<strong>Jason Ward<\/strong>\u00a0(Azul Linhas A\u00e9reas) y\u00a0<strong>Pedro Telles<\/strong>\u00a0(Movida) encabezaron el debate sobre las mejores pr\u00e1cticas en ESG.\u00a0 Moderada por\u00a0<strong>Gustavo Syllos<\/strong>, la presentaci\u00f3n destac\u00f3 iniciativas de la empresa e ideas simples que pueden ser replicadas por peque\u00f1as y medianas empresas, como la contrataci\u00f3n de una consultor\u00eda para delinear estrategias y acciones viables, as\u00ed como la evaluaci\u00f3n comparativa.\u00a0 Los tres ejecutivos reforzaron que la implicaci\u00f3n de todos los departamentos es fundamental y recordaron la importancia de crear indicadores y medir los resultados de todas las actuaciones.<\/p>\n\n\n\n<figure class=\"wp-block-image size-large\"><img decoding=\"async\" src=\"https:\/\/www.caribbeannewsdigital.com\/sites\/default\/files\/inline-images\/xWTM,P202.jpg.pagespeed.ic.5ry7nRalx3.webp\" alt=\"\"\/><\/figure>\n\n\n\n<p>En el \u00e1rea de Travel Tech,&nbsp;<strong>Jeanine Pires<\/strong>&nbsp;abord\u00f3 las oportunidades de venta de viajes que surgen a trav\u00e9s de las redes sociales.&nbsp; El ejecutivo anunci\u00f3 el breve debut de una plataforma B2B con asociados y una propuesta de puesta en marcha, atenci\u00f3n 24 horas y humanizada, con plantillas listas para usar para los socios.&nbsp; \u201cObviamente, las redes sociales aumentar\u00e1n la visibilidad, mientras produzcas un buen contenido, se podr\u00e1 llegar a muchas m\u00e1s personas\u201d, dice.<\/p>\n\n\n\n<p><strong>Caroline Dalmolin<\/strong>&nbsp;abord\u00f3 los impactos del metaverso, un conjunto de espacios virtuales que permiten la interacci\u00f3n con personas que no son cercanas a ti.&nbsp; Tener una reuni\u00f3n de trabajo en realidad aumentada y conocer Grecia desde el sof\u00e1 de casa, por ejemplo, es algo que viene ocurriendo r\u00e1pidamente. \u201cObviamente, nada puede reemplazar lo real, lo f\u00edsico, como oler el mar, por ejemplo.&nbsp; Pero la novedad abrir\u00e1 nuevas posibilidades de experiencias\u201d, dice el ejecutivo de Meta.<\/p>\n\n\n\n<p>Seg\u00fan ella, Brasil es el segundo pa\u00eds m\u00e1s grande en consumo de redes sociales, lo que puede impulsar a la tecnolog\u00eda a expandirse cada vez m\u00e1s.\u00a0 \u201cCreo firmemente en un futuro tecnol\u00f3gicamente evolucionado.\u00a0 Veo que el celular, por ejemplo, no ser\u00e1 necesario y se crear\u00e1n otras formas de comunicaci\u00f3n a trav\u00e9s de nuevas herramientas\u201d, concluy\u00f3.<\/p>\n\n\n\n<h3 class=\"has-light-green-cyan-background-color has-background wp-block-heading\"><strong>Compromisos del Manifiesto WTM por la Diversidad y la Inclusi\u00f3n<\/strong><\/h3>\n\n\n\n<h3 class=\"has-light-green-cyan-background-color has-background wp-block-heading\">1- La industria depende de la paz y la tolerancia entre los pueblos y debe ser modelo en la adopci\u00f3n de pol\u00edticas de diversidad.&nbsp; Somos un retrato real de un mundo diverso.<\/h3>\n\n\n\n<h3 class=\"has-light-green-cyan-background-color has-background wp-block-heading\">2- Nuestro objetivo es ser inclusivos y acogedores con las personas.&nbsp; Todas las personas.&nbsp; Sin ninguna distinci\u00f3n.<\/h3>\n\n\n\n<h3 class=\"has-light-green-cyan-background-color has-background wp-block-heading\">3 &#8211; Trabajamos para aumentar la participaci\u00f3n de empresas comprometidas con acciones de responsabilidad social y ambiental.<\/h3>\n\n\n\n<h3 class=\"has-light-green-cyan-background-color has-background wp-block-heading\">4- Ampliaremos las acciones de reconocimiento, valoraci\u00f3n y difusi\u00f3n de iniciativas exitosas e inspiradoras para el turismo.<\/h3>\n\n\n\n<h3 class=\"has-light-green-cyan-background-color has-background wp-block-heading\">5 &#8211; A trav\u00e9s de estudios, mapearemos la desigualdad y las barreras de acceso a empleos y oportunidades en el sector, compartiendo informaci\u00f3n que nos pueda llevar a mejores indicadores.<\/h3>\n\n\n\n<h3 class=\"has-light-green-cyan-background-color has-background wp-block-heading\">6- El prejuicio es incompatible con el turismo.&nbsp; Dondequiera.<\/h3>\n\n\n\n<figure class=\"wp-block-image size-full is-resized\"><a href=\"https:\/\/www.caribbeannewsdigital.com\/es\/eventos\/el-metaverso-y-la-inclusion-dominaron-el-primer-dia-de-wtm-latin-america\" target=\"_blank\" rel=\"noopener\"><img decoding=\"async\" src=\"https:\/\/circuitosalta.com.ar\/wp-content\/uploads\/2022\/03\/Captura-web_14-3-2022_10522_www.caribbeannewsdigital.com_.jpeg\" alt=\"\" class=\"wp-image-311\" width=\"162\" height=\"50\"\/><\/a><\/figure>\n","protected":false},"excerpt":{"rendered":"<p>Diversidad e Inclusi\u00f3n, Turismo Responsable y Tecnolog\u00eda. Los tres pilares que guiaron el programa de conferencias de\u00a0WTM Latin America\u00a0ganaron salas dedicadas, con intenso movimiento en este primer d\u00eda del evento.\u00a0\u00a0 Profesionales del mercado, expertos invitados y ejecutivos de otras industrias subieron a los escenarios tem\u00e1ticos para destacar tendencias globales, compartir soluciones y provocar la reflexi\u00f3n [&hellip;]<\/p>\n","protected":false},"author":2,"featured_media":566,"comment_status":"open","ping_status":"open","sticky":false,"template":"","format":"standard","meta":{"tdm_status":"","tdm_grid_status":"","footnotes":""},"categories":[16],"tags":[],"class_list":{"0":"post-565","1":"post","2":"type-post","3":"status-publish","4":"format-standard","5":"has-post-thumbnail","7":"category-ferias-y-congresos"},"_links":{"self":[{"href":"https:\/\/circuitosalta.com.ar\/index.php?rest_route=\/wp\/v2\/posts\/565"}],"collection":[{"href":"https:\/\/circuitosalta.com.ar\/index.php?rest_route=\/wp\/v2\/posts"}],"about":[{"href":"https:\/\/circuitosalta.com.ar\/index.php?rest_route=\/wp\/v2\/types\/post"}],"author":[{"embeddable":true,"href":"https:\/\/circuitosalta.com.ar\/index.php?rest_route=\/wp\/v2\/users\/2"}],"replies":[{"embeddable":true,"href":"https:\/\/circuitosalta.com.ar\/index.php?rest_route=%2Fwp%2Fv2%2Fcomments&post=565"}],"version-history":[{"count":1,"href":"https:\/\/circuitosalta.com.ar\/index.php?rest_route=\/wp\/v2\/posts\/565\/revisions"}],"predecessor-version":[{"id":567,"href":"https:\/\/circuitosalta.com.ar\/index.php?rest_route=\/wp\/v2\/posts\/565\/revisions\/567"}],"wp:featuredmedia":[{"embeddable":true,"href":"https:\/\/circuitosalta.com.ar\/index.php?rest_route=\/wp\/v2\/media\/566"}],"wp:attachment":[{"href":"https:\/\/circuitosalta.com.ar\/index.php?rest_route=%2Fwp%2Fv2%2Fmedia&parent=565"}],"wp:term":[{"taxonomy":"category","embeddable":true,"href":"https:\/\/circuitosalta.com.ar\/index.php?rest_route=%2Fwp%2Fv2%2Fcategories&post=565"},{"taxonomy":"post_tag","embeddable":true,"href":"https:\/\/circuitosalta.com.ar\/index.php?rest_route=%2Fwp%2Fv2%2Ftags&post=565"}],"curies":[{"name":"wp","href":"https:\/\/api.w.org\/{rel}","templated":true}]}}