{"id":568,"date":"2022-04-06T22:27:15","date_gmt":"2022-04-07T01:27:15","guid":{"rendered":"http:\/\/circuitosalta.com.ar\/?p=568"},"modified":"2022-04-06T22:36:06","modified_gmt":"2022-04-07T01:36:06","slug":"brasil-wtm-distinguio-a-argentina-con-el-premio-al-mejor-stand","status":"publish","type":"post","link":"https:\/\/circuitosalta.com.ar\/?p=568","title":{"rendered":"BRASIL: WTM DISTINGUI\u00d3 A ARGENTINA CON EL PREMIO AL MEJOR STAND"},"content":{"rendered":"\n<h5 class=\"has-vivid-cyan-blue-color has-text-color wp-block-heading\">Adem\u00e1s, la delegaci\u00f3n recibi\u00f3 un segundo reconocimiento en los premios de turismo responsable por la reducci\u00f3n del pl\u00e1stico.<br>&nbsp;<br>Con un imponente stand de m\u00e1s de 300m2, el pa\u00eds participa en la feria m\u00e1s importante de Brasil mostrando su oferta tur\u00edstica de naturaleza y nieve. Adem\u00e1s se anunciaron nuevas frecuencias a\u00e9reas.<\/h5>\n\n\n\n<p>Autoridades de la&nbsp;<strong>Feria WTM Latinom\u00e9rica&nbsp;<\/strong>que se realiza en San Pablo (Brasil) premi\u00f3 a la Argentina con la distinci\u00f3n del&nbsp;<strong>mejor stand 2022.<\/strong><\/p>\n\n\n\n<p>El reconocimiento fue recibido por el Ministro de Turismo y Deportes de la Naci\u00f3n,&nbsp;<strong>Mat\u00edas Lammens<\/strong>&nbsp;y el Secretario Ejecutivo del INPROTUR,&nbsp;<strong>Ricardo Sosa<\/strong>&nbsp;y fue entregado por el Director de WTM Latinam\u00e9rica,&nbsp;<strong>Sim\u00f3n Mayle<\/strong>&nbsp;durante el segundo d\u00eda de la feria. Asimismo, la empresa Wilderness Patagonia Travel Company recibi\u00f3 el premio por su reducci\u00f3n de pl\u00e1stico en los premios de turismo responsable entregados por la organizaci\u00f3n, y lo recibieron autoridades nacionales.<br><br>En&nbsp;<strong>WTM, Argentina<\/strong>&nbsp;cuenta con un stand de&nbsp;<strong>300m2<\/strong>&nbsp;y la delegaci\u00f3n participa con el objetivo de generar comercializaci\u00f3n y lograr m\u00e1s conectividad entre ambos pa\u00edses con el fin de recuperar los niveles de turismo receptivo de la prepandemia y superarlos.<\/p>\n\n\n\n<figure class=\"wp-block-image size-large\"><img decoding=\"async\" src=\"https:\/\/ci5.googleusercontent.com\/proxy\/rvdmbXGm6lc1tN-O17hoqOtNN7IHCk4FFdKM4xYDU7KjDIgMpL4iTnclZ6nNf0kw4o35ncBJBkB0m4qCjmxhpsq7X08aYxH_TLDqSTXdAMaNPDltcCa-poVB6zDLPqfSIacDQ4yClBP-_AMZ8r_LrVOpFjliUIc=s0-d-e1-ft#https:\/\/mcusercontent.com\/c72ee12e8482a64a249259cc5\/images\/b9a6a040-da73-bdb8-30f0-3e5d14e0d04d.jpeg\" alt=\"\"\/><\/figure>\n\n\n\n<p>Participan 15 destinos de Argentina, quienes muestran su oferta tur\u00edstica a los Tour Operadores y agencias m\u00e1s importantes de Brasil, y m\u00e1s de 30 prestadores de servicios tur\u00edsticos convocados por la C\u00e1mara Argentina de Turismo tienen sus espacios de reuniones en b\u00fasqueda de nuevos negocios.<br><br>El&nbsp;<strong>ministro<\/strong><strong>Lammens<\/strong>&nbsp;expres\u00f3: \u201c<em>Brasil es el principal mercado emisor de turistas para nuestro pa\u00eds y venir a la WTM Latinoam\u00e9rica es muy importante porque tenemos mucha expectativa para generar nuevos negocios. Es un gran desaf\u00edo para recuperar todo el turismo receptivo. Queremos tener m\u00e1s vuelos y no solamente que lleguen a Buenos Aires. Tenemos el desaf\u00edo de generar rutas y conectividad a m\u00e1s destinos argentinos. Nuestro plan estrat\u00e9gico es que el turismo sea uno de los motores de la recuperaci\u00f3n y el desarrollo econ\u00f3mico de la Argentina y en eso el turismo brasilero es determinante<\/em>\u201d.<\/p>\n\n\n\n<p>Por su parte, el&nbsp;<strong>Secretario Ejecutivo del INPROTUR,Ricardo Sosa<\/strong>, declar\u00f3: \u201c<em>Vemos que los arribos de brasileros vienen incrementando y podemos decir que desde la apertura de fronteras en octubre 2021 hasta la actualidad, m\u00e1s de 400.000 turistas brasileros arribaron nuestro pa\u00eds, lo que significa un aumento del 25% en comparaci\u00f3n a las mismas fechas de la prepandemia. Recibir este premio nos llena de orgullo por el esfuerzo que realiza toda la delegaci\u00f3n y los empresarios en seguir apostando al turismo. Para nosotros no solo es un premio al stand, es un premio al trabajo que nuestro equipo realiza y que vamos a continuar con un exhaustivo plan 2022\u201d<\/em>.<\/p>\n\n\n\n<figure class=\"wp-block-image size-large\"><img decoding=\"async\" src=\"https:\/\/ci5.googleusercontent.com\/proxy\/DO7cAYkbWB6etH-4d2fHUJQCSIQCCDxfMBSSQliqZwPgUas_iMXZcr2a94MjhzGT_M_tSZ41eF65lKigvLBosBOJe0D0gmDNqHSibvjicYGl4EqJnqIgNV1nN-W8KRxhdeec0ec5HNC3OTEETn3jWU5ckCMHfro=s0-d-e1-ft#https:\/\/mcusercontent.com\/c72ee12e8482a64a249259cc5\/images\/b6ba8264-c6a7-92ed-e811-9f866bdefaae.jpeg\" alt=\"\"\/><\/figure>\n\n\n\n<p>Las autoridades nacionales se pudieron reunir con aerol\u00edneas como&nbsp;<strong>Gol, Ethiopian Airlines, Qatar Airways,&nbsp;LATAM, Azul<\/strong>, y con empresas como&nbsp;<strong>CVC, Decolar, Braztoa&nbsp;<\/strong>entre otras.<br>&nbsp;<br>El stand cuenta con una imponente pantalla LED en el frente en la que los visitantes pudieron ingresar y sacarse fotograf\u00edas con paisajes de Argentina.<\/p>\n\n\n\n<figure class=\"wp-block-image size-large\"><a href=\"https:\/\/argentina.us10.list-manage.com\/track\/click?u=c72ee12e8482a64a249259cc5&amp;id=d1eb36ed4a&amp;e=1f1bd49e71\" target=\"_blank\" rel=\"noopener\"><img decoding=\"async\" src=\"https:\/\/ci5.googleusercontent.com\/proxy\/wb3qr0Eh0Tu1LSK3S1S1RToKOczV244VRH2_4qkFPOby7ikcIJxJC_2dyHoCoiZu0sgAagoNN_gJpUAwhaLnJFII2WiIUSVvd2-F-_5siznPwgT0Io7wc9UbPw6leWRRgY9gGPQnTrLtEp8T0-b2PLnI6sBA9Q=s0-d-e1-ft#https:\/\/mcusercontent.com\/c72ee12e8482a64a249259cc5\/images\/c1c10bec-1291-f77a-0479-0922363934fe.png\" alt=\"\"\/><\/a><\/figure>\n","protected":false},"excerpt":{"rendered":"<p>Adem\u00e1s, la delegaci\u00f3n recibi\u00f3 un segundo reconocimiento en los premios de turismo responsable por la reducci\u00f3n del pl\u00e1stico.&nbsp;Con un imponente stand de m\u00e1s de 300m2, el pa\u00eds participa en la feria m\u00e1s importante de Brasil mostrando su oferta tur\u00edstica de naturaleza y nieve. Adem\u00e1s se anunciaron nuevas frecuencias a\u00e9reas. Autoridades de la&nbsp;Feria WTM Latinom\u00e9rica&nbsp;que se [&hellip;]<\/p>\n","protected":false},"author":2,"featured_media":569,"comment_status":"open","ping_status":"open","sticky":false,"template":"","format":"standard","meta":{"tdm_status":"","tdm_grid_status":"","footnotes":""},"categories":[16],"tags":[],"class_list":{"0":"post-568","1":"post","2":"type-post","3":"status-publish","4":"format-standard","5":"has-post-thumbnail","7":"category-ferias-y-congresos"},"_links":{"self":[{"href":"https:\/\/circuitosalta.com.ar\/index.php?rest_route=\/wp\/v2\/posts\/568"}],"collection":[{"href":"https:\/\/circuitosalta.com.ar\/index.php?rest_route=\/wp\/v2\/posts"}],"about":[{"href":"https:\/\/circuitosalta.com.ar\/index.php?rest_route=\/wp\/v2\/types\/post"}],"author":[{"embeddable":true,"href":"https:\/\/circuitosalta.com.ar\/index.php?rest_route=\/wp\/v2\/users\/2"}],"replies":[{"embeddable":true,"href":"https:\/\/circuitosalta.com.ar\/index.php?rest_route=%2Fwp%2Fv2%2Fcomments&post=568"}],"version-history":[{"count":2,"href":"https:\/\/circuitosalta.com.ar\/index.php?rest_route=\/wp\/v2\/posts\/568\/revisions"}],"predecessor-version":[{"id":571,"href":"https:\/\/circuitosalta.com.ar\/index.php?rest_route=\/wp\/v2\/posts\/568\/revisions\/571"}],"wp:featuredmedia":[{"embeddable":true,"href":"https:\/\/circuitosalta.com.ar\/index.php?rest_route=\/wp\/v2\/media\/569"}],"wp:attachment":[{"href":"https:\/\/circuitosalta.com.ar\/index.php?rest_route=%2Fwp%2Fv2%2Fmedia&parent=568"}],"wp:term":[{"taxonomy":"category","embeddable":true,"href":"https:\/\/circuitosalta.com.ar\/index.php?rest_route=%2Fwp%2Fv2%2Fcategories&post=568"},{"taxonomy":"post_tag","embeddable":true,"href":"https:\/\/circuitosalta.com.ar\/index.php?rest_route=%2Fwp%2Fv2%2Ftags&post=568"}],"curies":[{"name":"wp","href":"https:\/\/api.w.org\/{rel}","templated":true}]}}