{"id":580,"date":"2022-04-07T13:53:38","date_gmt":"2022-04-07T16:53:38","guid":{"rendered":"http:\/\/circuitosalta.com.ar\/?p=580"},"modified":"2022-04-07T13:53:40","modified_gmt":"2022-04-07T16:53:40","slug":"lammens-en-wtm-el-turismo-brasilero-es-absolutamente-determinante","status":"publish","type":"post","link":"https:\/\/circuitosalta.com.ar\/?p=580","title":{"rendered":"Lammens en WTM: \u201cEl turismo brasilero es absolutamente determinante\u201d"},"content":{"rendered":"\n<h2 class=\"has-text-color wp-block-heading\" style=\"color:#716969\">En el marco de la reactivaci\u00f3n del turismo receptivo.<\/h2>\n\n\n\n<p>El ministro de Turismo y Deportes de la Naci\u00f3n, Mat\u00edas Lammens, llev\u00f3 adelante una intensa agenda de trabajo en WTM Latinoam\u00e9rica, una de las ferias tur\u00edsticas m\u00e1s importantes del continente, que se desarrolla en Brasil.<\/p>\n\n\n\n<p>\u201cEstamos trabajando en recuperar e incrementar la conectividad con Brasil, no solamente desde Buenos Aires. El turismo brasilero es absolutamente determinante para el sector, que es uno de los motores de la recuperaci\u00f3n y el desarrollo de la Argentina\u201d, asegur\u00f3 Lammens desde San Pablo. Adem\u00e1s, expuso sobre las posibilidades que genera la temporada de nieve en materia de turismo receptivo y acerca de \u201cLa Ruta Natural\u201d, el programa del Ministerio de Turismo y Deportes de la Naci\u00f3n para promocionar el turismo de naturaleza.<\/p>\n\n\n\n<p>Durante la jornada, Lammens se reuni\u00f3 con representantes de la aerol\u00ednea Qatar Airways y de las agencias de viajes CVC y Decolar. Adem\u00e1s, mantuvo un encuentro con el ministro de Turismo de Brasil, Carlos Brito; y con la subsecretaria de Turismo de Chile, Ver\u00f3nica Kunze. Finalmente, estuvo presente en exposiciones de destinos argentinos y, junto con el presidente de la C\u00e1mara Argentina de Turismo (CAT), Gustavo Hani, acompa\u00f1\u00f3 a representantes del sector empresario.<\/p>\n\n\n\n<p>Con el objetivo de seguir impulsando la llegada de turistas de Brasil a nuestro pa\u00eds en el nuevo contexto sanitario, Argentina sostiene la presencia en WTM mediante un stand que fue premiado por su escenograf\u00eda. El titular del Instituto Nacional de Promoci\u00f3n Tur\u00edstica (INPROTUR), Ricardo Sosa; y el presidente del Consejo Federal de Turismo (CFT), Sebasti\u00e1n Giobellina, tambi\u00e9n est\u00e1n presentes en San Pablo y llevaron adelante acciones para potenciar el posicionamiento internacional.<\/p>\n\n\n\n<figure class=\"wp-block-image size-full\"><a href=\"https:\/\/www.argentina.gob.ar\/noticias\/lammens-en-wtm-el-turismo-brasilero-es-absolutamente-determinante\" target=\"_blank\" rel=\"noopener\"><img fetchpriority=\"high\" decoding=\"async\" width=\"779\" height=\"142\" src=\"https:\/\/circuitosalta.com.ar\/wp-content\/uploads\/2022\/04\/779x142-1.png\" alt=\"\" class=\"wp-image-577\" srcset=\"https:\/\/circuitosalta.com.ar\/wp-content\/uploads\/2022\/04\/779x142-1.png 779w, https:\/\/circuitosalta.com.ar\/wp-content\/uploads\/2022\/04\/779x142-1-300x55.png 300w, https:\/\/circuitosalta.com.ar\/wp-content\/uploads\/2022\/04\/779x142-1-768x140.png 768w, https:\/\/circuitosalta.com.ar\/wp-content\/uploads\/2022\/04\/779x142-1-696x127.png 696w\" sizes=\"(max-width: 779px) 100vw, 779px\" \/><\/a><\/figure>\n","protected":false},"excerpt":{"rendered":"<p>En el marco de la reactivaci\u00f3n del turismo receptivo. El ministro de Turismo y Deportes de la Naci\u00f3n, Mat\u00edas Lammens, llev\u00f3 adelante una intensa agenda de trabajo en WTM Latinoam\u00e9rica, una de las ferias tur\u00edsticas m\u00e1s importantes del continente, que se desarrolla en Brasil. \u201cEstamos trabajando en recuperar e incrementar la conectividad con Brasil, no [&hellip;]<\/p>\n","protected":false},"author":2,"featured_media":581,"comment_status":"open","ping_status":"open","sticky":false,"template":"","format":"standard","meta":{"tdm_status":"","tdm_grid_status":"","footnotes":""},"categories":[22],"tags":[],"class_list":{"0":"post-580","1":"post","2":"type-post","3":"status-publish","4":"format-standard","5":"has-post-thumbnail","7":"category-internacional"},"_links":{"self":[{"href":"https:\/\/circuitosalta.com.ar\/index.php?rest_route=\/wp\/v2\/posts\/580"}],"collection":[{"href":"https:\/\/circuitosalta.com.ar\/index.php?rest_route=\/wp\/v2\/posts"}],"about":[{"href":"https:\/\/circuitosalta.com.ar\/index.php?rest_route=\/wp\/v2\/types\/post"}],"author":[{"embeddable":true,"href":"https:\/\/circuitosalta.com.ar\/index.php?rest_route=\/wp\/v2\/users\/2"}],"replies":[{"embeddable":true,"href":"https:\/\/circuitosalta.com.ar\/index.php?rest_route=%2Fwp%2Fv2%2Fcomments&post=580"}],"version-history":[{"count":1,"href":"https:\/\/circuitosalta.com.ar\/index.php?rest_route=\/wp\/v2\/posts\/580\/revisions"}],"predecessor-version":[{"id":582,"href":"https:\/\/circuitosalta.com.ar\/index.php?rest_route=\/wp\/v2\/posts\/580\/revisions\/582"}],"wp:featuredmedia":[{"embeddable":true,"href":"https:\/\/circuitosalta.com.ar\/index.php?rest_route=\/wp\/v2\/media\/581"}],"wp:attachment":[{"href":"https:\/\/circuitosalta.com.ar\/index.php?rest_route=%2Fwp%2Fv2%2Fmedia&parent=580"}],"wp:term":[{"taxonomy":"category","embeddable":true,"href":"https:\/\/circuitosalta.com.ar\/index.php?rest_route=%2Fwp%2Fv2%2Fcategories&post=580"},{"taxonomy":"post_tag","embeddable":true,"href":"https:\/\/circuitosalta.com.ar\/index.php?rest_route=%2Fwp%2Fv2%2Ftags&post=580"}],"curies":[{"name":"wp","href":"https:\/\/api.w.org\/{rel}","templated":true}]}}