{"id":591,"date":"2022-04-10T13:41:10","date_gmt":"2022-04-10T16:41:10","guid":{"rendered":"http:\/\/circuitosalta.com.ar\/?p=591"},"modified":"2022-04-10T13:41:12","modified_gmt":"2022-04-10T16:41:12","slug":"catedral-de-san-fernando-del-valle-de-catamarca","status":"publish","type":"post","link":"https:\/\/circuitosalta.com.ar\/?p=591","title":{"rendered":"Catedral de San Fernando del Valle de Catamarca"},"content":{"rendered":"\n<h4 class=\"has-white-color has-text-color has-background wp-block-heading\" style=\"background-color:#6a021c\">El arquitecto Luis Caravati finaliza esta magn\u00edfica obra arquitect\u00f3nica en 1869. Es el centro de devoci\u00f3n a la Virgen del Valle, su capacidad de 3.500 personas se ve colmada en los meses de abril y diciembre durante las Festividades Marianas.<\/h4>\n\n\n\n<div class=\"wp-block-image\"><figure class=\"alignleft size-full is-resized\"><img fetchpriority=\"high\" decoding=\"async\" src=\"https:\/\/circuitosalta.com.ar\/wp-content\/uploads\/2022\/04\/Captura-web_10-4-2022_132944_sfvc.travel.jpeg\" alt=\"\" class=\"wp-image-592\" width=\"287\" height=\"207\" srcset=\"https:\/\/circuitosalta.com.ar\/wp-content\/uploads\/2022\/04\/Captura-web_10-4-2022_132944_sfvc.travel.jpeg 814w, https:\/\/circuitosalta.com.ar\/wp-content\/uploads\/2022\/04\/Captura-web_10-4-2022_132944_sfvc.travel-300x216.jpeg 300w, https:\/\/circuitosalta.com.ar\/wp-content\/uploads\/2022\/04\/Captura-web_10-4-2022_132944_sfvc.travel-768x554.jpeg 768w, https:\/\/circuitosalta.com.ar\/wp-content\/uploads\/2022\/04\/Captura-web_10-4-2022_132944_sfvc.travel-696x502.jpeg 696w, https:\/\/circuitosalta.com.ar\/wp-content\/uploads\/2022\/04\/Captura-web_10-4-2022_132944_sfvc.travel-582x420.jpeg 582w, https:\/\/circuitosalta.com.ar\/wp-content\/uploads\/2022\/04\/Captura-web_10-4-2022_132944_sfvc.travel-324x235.jpeg 324w\" sizes=\"(max-width: 287px) 100vw, 287px\" \/><\/figure><\/div>\n\n\n\n<p>Es imperdible vivir y sentir la plaza \u201c25 de mayo\u201d inundada de fieles a la Morena salud\u00e1ndola con miles de pa\u00f1uelos blancos en mano, elevados al cielo. Podes vivir esta experiencia espiritual como peregrino, o como un turista en cualquier momento del a\u00f1o ingresando y absorbiendo, en piel y alma, una de las Catedrales m\u00e1s visitadas del pa\u00eds. Es de marcado orden corintio con grandes columnas y 2 torres de 40 mts. de orden d\u00f3rico. Presenta un atrio con 8 columnas y 2 pilares cuadrados. Tiene 65 mts de largo, 3 naves y 7 capillas laterales, todas comunicadas entre s\u00ed. <\/p>\n\n\n\n<p>En 1941 fue declarada monumento hist\u00f3rico nacional, en 1916 el arquitecto Lecouna levanta el camar\u00edn de la Virgen por detr\u00e1s del altar mayor, de estilo neog\u00f3tico flam\u00edgero, permitiendo la vista de la Virgen por dos lados.\u00a0<\/p>\n\n\n\n<figure class=\"wp-block-image size-large\"><img decoding=\"async\" width=\"1024\" height=\"598\" src=\"https:\/\/circuitosalta.com.ar\/wp-content\/uploads\/2022\/04\/Captura-web_10-4-2022_133318_sfvc.travel-1024x598.jpeg\" alt=\"\" class=\"wp-image-593\" srcset=\"https:\/\/circuitosalta.com.ar\/wp-content\/uploads\/2022\/04\/Captura-web_10-4-2022_133318_sfvc.travel-1024x598.jpeg 1024w, https:\/\/circuitosalta.com.ar\/wp-content\/uploads\/2022\/04\/Captura-web_10-4-2022_133318_sfvc.travel-300x175.jpeg 300w, https:\/\/circuitosalta.com.ar\/wp-content\/uploads\/2022\/04\/Captura-web_10-4-2022_133318_sfvc.travel-768x448.jpeg 768w, https:\/\/circuitosalta.com.ar\/wp-content\/uploads\/2022\/04\/Captura-web_10-4-2022_133318_sfvc.travel-696x406.jpeg 696w, https:\/\/circuitosalta.com.ar\/wp-content\/uploads\/2022\/04\/Captura-web_10-4-2022_133318_sfvc.travel-1068x624.jpeg 1068w, https:\/\/circuitosalta.com.ar\/wp-content\/uploads\/2022\/04\/Captura-web_10-4-2022_133318_sfvc.travel-719x420.jpeg 719w, https:\/\/circuitosalta.com.ar\/wp-content\/uploads\/2022\/04\/Captura-web_10-4-2022_133318_sfvc.travel.jpeg 1199w\" sizes=\"(max-width: 1024px) 100vw, 1024px\" \/><\/figure>\n\n\n\n<figure class=\"wp-block-image size-full is-resized\"><a href=\"https:\/\/sfvc.travel\/\" target=\"_blank\" rel=\"noopener\"><img decoding=\"async\" src=\"https:\/\/circuitosalta.com.ar\/wp-content\/uploads\/2022\/04\/Captura-web_10-4-2022_133843_sfvc.travel.jpeg\" alt=\"\" class=\"wp-image-594\" width=\"299\" height=\"91\"\/><\/a><figcaption>Fuente de la informaci\u00f3n<\/figcaption><\/figure>\n","protected":false},"excerpt":{"rendered":"<p>El arquitecto Luis Caravati finaliza esta magn\u00edfica obra arquitect\u00f3nica en 1869. Es el centro de devoci\u00f3n a la Virgen del Valle, su capacidad de 3.500 personas se ve colmada en los meses de abril y diciembre durante las Festividades Marianas. Es imperdible vivir y sentir la plaza \u201c25 de mayo\u201d inundada de fieles a la [&hellip;]<\/p>\n","protected":false},"author":2,"featured_media":595,"comment_status":"open","ping_status":"open","sticky":false,"template":"","format":"standard","meta":{"tdm_status":"","tdm_grid_status":"","footnotes":""},"categories":[2],"tags":[],"class_list":{"0":"post-591","1":"post","2":"type-post","3":"status-publish","4":"format-standard","5":"has-post-thumbnail","7":"category-religiosos"},"_links":{"self":[{"href":"https:\/\/circuitosalta.com.ar\/index.php?rest_route=\/wp\/v2\/posts\/591"}],"collection":[{"href":"https:\/\/circuitosalta.com.ar\/index.php?rest_route=\/wp\/v2\/posts"}],"about":[{"href":"https:\/\/circuitosalta.com.ar\/index.php?rest_route=\/wp\/v2\/types\/post"}],"author":[{"embeddable":true,"href":"https:\/\/circuitosalta.com.ar\/index.php?rest_route=\/wp\/v2\/users\/2"}],"replies":[{"embeddable":true,"href":"https:\/\/circuitosalta.com.ar\/index.php?rest_route=%2Fwp%2Fv2%2Fcomments&post=591"}],"version-history":[{"count":1,"href":"https:\/\/circuitosalta.com.ar\/index.php?rest_route=\/wp\/v2\/posts\/591\/revisions"}],"predecessor-version":[{"id":596,"href":"https:\/\/circuitosalta.com.ar\/index.php?rest_route=\/wp\/v2\/posts\/591\/revisions\/596"}],"wp:featuredmedia":[{"embeddable":true,"href":"https:\/\/circuitosalta.com.ar\/index.php?rest_route=\/wp\/v2\/media\/595"}],"wp:attachment":[{"href":"https:\/\/circuitosalta.com.ar\/index.php?rest_route=%2Fwp%2Fv2%2Fmedia&parent=591"}],"wp:term":[{"taxonomy":"category","embeddable":true,"href":"https:\/\/circuitosalta.com.ar\/index.php?rest_route=%2Fwp%2Fv2%2Fcategories&post=591"},{"taxonomy":"post_tag","embeddable":true,"href":"https:\/\/circuitosalta.com.ar\/index.php?rest_route=%2Fwp%2Fv2%2Ftags&post=591"}],"curies":[{"name":"wp","href":"https:\/\/api.w.org\/{rel}","templated":true}]}}