{"id":598,"date":"2022-04-13T09:32:28","date_gmt":"2022-04-13T12:32:28","guid":{"rendered":"http:\/\/circuitosalta.com.ar\/?p=598"},"modified":"2022-04-13T09:33:17","modified_gmt":"2022-04-13T12:33:17","slug":"el-domingo-se-correra-la-primera-edicion-del-biatlon-ciudad-san-jose-de-los-cerrillos","status":"publish","type":"post","link":"https:\/\/circuitosalta.com.ar\/?p=598","title":{"rendered":"El domingo se correr\u00e1 la primera edici\u00f3n del biatl\u00f3n \u00abCiudad San Jos\u00e9 de los Cerrillos\u00bb"},"content":{"rendered":"\n<h3 class=\"has-white-color has-text-color has-background wp-block-heading\" style=\"background-color:#72031f\">La prueba propondr\u00e1 20 km de ciclismo y 5 km de pedestrismo. La competencia iniciar\u00e1 a las 9 de la ma\u00f1ana desde la plaza Patricio Guanca.<\/h3>\n\n\n\n<p>La&nbsp; primera edici\u00f3n del el Biatl\u00f3n&nbsp; \u201cCiudad San Jos\u00e9 de los Cerrillos\u201d se desarrollar\u00e1 el&nbsp; domingo 17 de abril&nbsp; a las 9 desde la plaza Patricio Guanca. La convocatoria de atletas ser\u00e1 a las 8&nbsp; y las distancias establecidas ser\u00e1n 20 Km de ciclismo y 5 Km de pedestrismo.<\/p>\n\n\n\n<p>Los subsecretarios de Deportes, Romina Arroyo y Federico Abud, participaron del lanzamiento de la competencia junto a autoridades de Cerrillos y el organizador Dar\u00edo Ruiz de Biatl\u00f3n Salta.<\/p>\n\n\n\n<p>Para el tramo de competencia en bicicleta se aceptar\u00e1n rodados de ruta y mountain bike en las categor\u00edas cadetes, juveniles, mayores, especiales&nbsp; y por postas (varones, mujeres y mixto).<\/p>\n\n\n\n<p>\u201cQueremos agradecer al municipio y a la organizaci\u00f3n que est\u00e1 trabajando en este primer biatl\u00f3n , son distancias bastante accesibles y para todos los que les gusta la actividad los invitamos a sumarse\u201d, se\u00f1al\u00f3 Abud.<\/p>\n\n\n\n<p>Los atletas podr\u00e1n inscribirse a trav\u00e9s de la p\u00e1gina www.bubilo.com.ar o de manera presencial en el teatro municipal de Cerrillos el martes 12 y mi\u00e9rcoles 13 de abril de 14:30 a 18:30.<\/p>\n\n\n\n<p>Tambi\u00e9n habr\u00e1 un punto de inscripci\u00f3n en el Campo Hist\u00f3rico de la Cruz (sito entre calles General Arenales y Almirante Brown) el&nbsp; jueves 14, viernes 15 y s\u00e1bado 16 con horario de atenci\u00f3n de 14 a 18&nbsp;<\/p>\n\n\n\n<hr class=\"wp-block-separator\"\/>\n\n\n\n<p>Fuente:&nbsp;<strong><a href=\"https:\/\/www.salta.gob.ar\/prensa\/noticias\/el-domingo-se-correra-la-primera-edicion-del-biatlon-ciudad-san-jose-de-los-cerrillos-81744\">Secretar\u00eda de Prensa y Comunicaci\u00f3n<\/a><\/strong><\/p>\n","protected":false},"excerpt":{"rendered":"<p>La prueba propondr\u00e1 20 km de ciclismo y 5 km de pedestrismo. La competencia iniciar\u00e1 a las 9 de la ma\u00f1ana desde la plaza Patricio Guanca. La&nbsp; primera edici\u00f3n del el Biatl\u00f3n&nbsp; \u201cCiudad San Jos\u00e9 de los Cerrillos\u201d se desarrollar\u00e1 el&nbsp; domingo 17 de abril&nbsp; a las 9 desde la plaza Patricio Guanca. La convocatoria [&hellip;]<\/p>\n","protected":false},"author":2,"featured_media":599,"comment_status":"open","ping_status":"open","sticky":false,"template":"","format":"standard","meta":{"tdm_status":"","tdm_grid_status":"","footnotes":""},"categories":[14,18,17],"tags":[],"class_list":{"0":"post-598","1":"post","2":"type-post","3":"status-publish","4":"format-standard","5":"has-post-thumbnail","7":"category-anuncios","8":"category-rutas-y-caminos","9":"category-sociales"},"_links":{"self":[{"href":"https:\/\/circuitosalta.com.ar\/index.php?rest_route=\/wp\/v2\/posts\/598"}],"collection":[{"href":"https:\/\/circuitosalta.com.ar\/index.php?rest_route=\/wp\/v2\/posts"}],"about":[{"href":"https:\/\/circuitosalta.com.ar\/index.php?rest_route=\/wp\/v2\/types\/post"}],"author":[{"embeddable":true,"href":"https:\/\/circuitosalta.com.ar\/index.php?rest_route=\/wp\/v2\/users\/2"}],"replies":[{"embeddable":true,"href":"https:\/\/circuitosalta.com.ar\/index.php?rest_route=%2Fwp%2Fv2%2Fcomments&post=598"}],"version-history":[{"count":2,"href":"https:\/\/circuitosalta.com.ar\/index.php?rest_route=\/wp\/v2\/posts\/598\/revisions"}],"predecessor-version":[{"id":601,"href":"https:\/\/circuitosalta.com.ar\/index.php?rest_route=\/wp\/v2\/posts\/598\/revisions\/601"}],"wp:featuredmedia":[{"embeddable":true,"href":"https:\/\/circuitosalta.com.ar\/index.php?rest_route=\/wp\/v2\/media\/599"}],"wp:attachment":[{"href":"https:\/\/circuitosalta.com.ar\/index.php?rest_route=%2Fwp%2Fv2%2Fmedia&parent=598"}],"wp:term":[{"taxonomy":"category","embeddable":true,"href":"https:\/\/circuitosalta.com.ar\/index.php?rest_route=%2Fwp%2Fv2%2Fcategories&post=598"},{"taxonomy":"post_tag","embeddable":true,"href":"https:\/\/circuitosalta.com.ar\/index.php?rest_route=%2Fwp%2Fv2%2Ftags&post=598"}],"curies":[{"name":"wp","href":"https:\/\/api.w.org\/{rel}","templated":true}]}}