{"id":602,"date":"2022-04-13T09:39:45","date_gmt":"2022-04-13T12:39:45","guid":{"rendered":"http:\/\/circuitosalta.com.ar\/?p=602"},"modified":"2022-04-13T09:39:48","modified_gmt":"2022-04-13T12:39:48","slug":"agenda-de-capacitacion-turistica-durante-abril","status":"publish","type":"post","link":"https:\/\/circuitosalta.com.ar\/?p=602","title":{"rendered":"Agenda de capacitaci\u00f3n tur\u00edstica durante abril"},"content":{"rendered":"\n<h4 class=\"has-white-color has-text-color has-background wp-block-heading\" style=\"background-color:#62021a\">Profesionales de distintas disciplinas tendr\u00e1n a cargo las capacitaciones destinadas a los sectores p\u00fabico y privado. Los cursos son gratuitos y se desarrollan tanto en modalidad presencial como virtual. Informes e inscripci\u00f3n en https:\/\/turismotecapacita.com<\/h4>\n\n\n\n<p>El Ministerio de Turismo y Deportes contin\u00faa sus acciones de capacitaci\u00f3n destinadas al sector tur\u00edstico p\u00fablico y privado en el marco del Plan Integral de Capacitaci\u00f3n Tur\u00edstica cuyo objetivo general es brindar conocimientos, estrategias y herramientas para el desarrollo personal y profesional de los trabajadores del sector y el crecimiento del turismo en Salta.<\/p>\n\n\n\n<p>En &nbsp;abril se abordar\u00e1n durante temas relacionados, entre otros, a primeros auxilios, comunicaci\u00f3n, redes sociales; estos cursos, a cargo de profesionales se dictan en modalidad online o presencial y son gratuitos. Informes e inscripci\u00f3n en&nbsp;<a href=\"https:\/\/turismotecapacita.com\/\" rel=\"noreferrer noopener\" target=\"_blank\">https:\/\/turismotecapacita.com<\/a><\/p>\n\n\n\n<p><strong>Cronograma: &nbsp;&nbsp;&nbsp;&nbsp;&nbsp;&nbsp;&nbsp;&nbsp;&nbsp;&nbsp;&nbsp;&nbsp;&nbsp;<\/strong><\/p>\n\n\n\n<p><strong>16\/03 al 09\/05<\/strong>&nbsp;<strong>ComunicAcci\u00f3n<\/strong>&nbsp;a cargo de la Lic. Gabriela Gianoli, destinado a Informantes Tur\u00edsticos de los Centros de Atenci\u00f3n al Visitante&nbsp;adheridos al Programa de Gesti\u00f3n de Calidad&nbsp;con el objetivo&nbsp;fortalecer las capacidades adquiridas y sistematizar herramientas y formularios que permitan estandarizar el servicio y medir resultados cuanti cualitativamente.&nbsp;Lunes y mi\u00e9rcoles de 14:00 a 16:00 hs. Modalidad virtual<\/p>\n\n\n\n<p><strong>18, 19 y 20\/04<\/strong>&nbsp;<strong>Del Turismo Lineal al Turismo Circular<\/strong>&nbsp;el curso ser\u00e1 dictado por la Lic. Bettina Gonz\u00e1lez a la Red de Turismo Campesino. Se realizar\u00e1 en San Carlos. En tanto el&nbsp;<strong>21 y 22\/04<\/strong>&nbsp;se dictar\u00e1 en la&nbsp;Quebrada del Toro&nbsp;participar\u00e1n integrantes de la Red de Turismo Turu Yaco. Modalidad presencial.<\/p>\n\n\n\n<p>Reconociendo que el turismo se desarrolla a partir de atractivos naturales y culturales, esta propuesta trabajar\u00e1 sobre los siguientes contenidos: La econom\u00eda circular en las comunidades de Turismo Rural Comunitario y su relaci\u00f3n con el turismo. sobreexplotaci\u00f3n y sobreconsumo. La gesti\u00f3n de los residuos, los ecosistemas, las cadenas de abastecimiento y la generaci\u00f3n de residuos.<\/p>\n\n\n\n<p><strong>21\/04 y &nbsp;22\/04<\/strong><strong>&nbsp;Primeros Auxilios. Nivel I<\/strong>&nbsp;el Dr. Rodolfo Pastore dictar\u00e1 el curso en Salta Capital en la primera fecha&nbsp; y al d\u00eda siguiente en San Antonio de los Cobres, est\u00e1 destinado a todos los actores del sector tur\u00edstico. Modalidad presencial. Salta Capital se dictar\u00e1 de En Salta Capital &nbsp;se dictar\u00e1 de&nbsp;09:00 a 13:00 hs&nbsp;<\/p>\n\n\n\n<p>La capacitaci\u00f3n proporcioniar\u00e1 los conocimientos y las t\u00e9cnicas necesarias para atender correctamente, en el propio lugar del incidente, a un paciente, estabilizar su condici\u00f3n y transportarlo de manera segura hasta donde recibir\u00e1 atenci\u00f3n m\u00e9dica<\/p>\n\n\n\n<p><strong>22\/04 Formaci\u00f3n de Formadores de Cultura Tur\u00edstica Infanto- juvenil<\/strong>.&nbsp;El Ministerio de Turismo y Deportes ofrece talleres destinados a profesionales y estudiantes avanzados de turismo que quieran participar del Programa\u201cEl Turismo crece con los ni\u00f1os\u201d; se presentar\u00e1n los contenidos a desarrollar en el aula y las herramientas metodol\u00f3gicas&nbsp;Salta Capital:&nbsp;22 de abril de 09:00 a 12:00 hs.&nbsp;Modalidad presencial&nbsp;<\/p>\n\n\n\n<hr class=\"wp-block-separator\"\/>\n\n\n\n<p>Fuente:\u00a0<strong><a href=\"https:\/\/www.salta.gob.ar\/prensa\/noticias\/agenda-de-capacitacion-turistica-durante-abril-81688\" target=\"_blank\" rel=\"noreferrer noopener\" title=\"Secretaria de Prensa y Comunicaci\u00f3n\">Secretaria de Prensa y Comunicaci\u00f3n<\/a><\/strong><a href=\"https:\/\/www.salta.gob.ar\/prensa\/noticias\/agenda-de-capacitacion-turistica-durante-abril-81688\">https:\/\/www.salta.gob.ar\/prensa\/noticias\/agenda-de-capacitacion-turistica-durante-abril-81688<\/a><\/p>\n","protected":false},"excerpt":{"rendered":"<p>Profesionales de distintas disciplinas tendr\u00e1n a cargo las capacitaciones destinadas a los sectores p\u00fabico y privado. Los cursos son gratuitos y se desarrollan tanto en modalidad presencial como virtual. Informes e inscripci\u00f3n en https:\/\/turismotecapacita.com El Ministerio de Turismo y Deportes contin\u00faa sus acciones de capacitaci\u00f3n destinadas al sector tur\u00edstico p\u00fablico y privado en el marco [&hellip;]<\/p>\n","protected":false},"author":2,"featured_media":603,"comment_status":"open","ping_status":"open","sticky":false,"template":"","format":"standard","meta":{"tdm_status":"","tdm_grid_status":"","footnotes":""},"categories":[17],"tags":[],"class_list":{"0":"post-602","1":"post","2":"type-post","3":"status-publish","4":"format-standard","5":"has-post-thumbnail","7":"category-sociales"},"_links":{"self":[{"href":"https:\/\/circuitosalta.com.ar\/index.php?rest_route=\/wp\/v2\/posts\/602"}],"collection":[{"href":"https:\/\/circuitosalta.com.ar\/index.php?rest_route=\/wp\/v2\/posts"}],"about":[{"href":"https:\/\/circuitosalta.com.ar\/index.php?rest_route=\/wp\/v2\/types\/post"}],"author":[{"embeddable":true,"href":"https:\/\/circuitosalta.com.ar\/index.php?rest_route=\/wp\/v2\/users\/2"}],"replies":[{"embeddable":true,"href":"https:\/\/circuitosalta.com.ar\/index.php?rest_route=%2Fwp%2Fv2%2Fcomments&post=602"}],"version-history":[{"count":1,"href":"https:\/\/circuitosalta.com.ar\/index.php?rest_route=\/wp\/v2\/posts\/602\/revisions"}],"predecessor-version":[{"id":604,"href":"https:\/\/circuitosalta.com.ar\/index.php?rest_route=\/wp\/v2\/posts\/602\/revisions\/604"}],"wp:featuredmedia":[{"embeddable":true,"href":"https:\/\/circuitosalta.com.ar\/index.php?rest_route=\/wp\/v2\/media\/603"}],"wp:attachment":[{"href":"https:\/\/circuitosalta.com.ar\/index.php?rest_route=%2Fwp%2Fv2%2Fmedia&parent=602"}],"wp:term":[{"taxonomy":"category","embeddable":true,"href":"https:\/\/circuitosalta.com.ar\/index.php?rest_route=%2Fwp%2Fv2%2Fcategories&post=602"},{"taxonomy":"post_tag","embeddable":true,"href":"https:\/\/circuitosalta.com.ar\/index.php?rest_route=%2Fwp%2Fv2%2Ftags&post=602"}],"curies":[{"name":"wp","href":"https:\/\/api.w.org\/{rel}","templated":true}]}}