{"id":612,"date":"2022-04-21T11:55:02","date_gmt":"2022-04-21T14:55:02","guid":{"rendered":"http:\/\/circuitosalta.com.ar\/?p=612"},"modified":"2022-04-21T11:56:21","modified_gmt":"2022-04-21T14:56:21","slug":"salta-es-sede-del-xxiii-workshop-turistico","status":"publish","type":"post","link":"https:\/\/circuitosalta.com.ar\/?p=612","title":{"rendered":"Salta es sede del XXIII Workshop Tur\u00edstico"},"content":{"rendered":"\n<p>Participan del workshop, adem\u00e1s de Salta, destinos como Bariloche, Santiago del Estero, Villa Carlos Paz, Rosario de la Frontera, Jujuy, San Lorenzo, Ciudad de Salta, Rosario, R\u00edo Negro, agencias de viajes de todo el pa\u00eds y medios especializados en turismo.<\/p>\n\n\n\n<p>Organizado por la Asociaci\u00f3n Salte\u00f1a de Agencias de Turismo (ASAT) con el apoyo del Gobierno provincial, se lleva a cabo en esta ciudad el XXIII Workshop Tur\u00edstico, encuentro que re\u00fane a agentes de viajes y referentes del sector p\u00fablico con el objetivo de fortalecer la cadena de comercializaci\u00f3n.<\/p>\n\n\n\n<p>La secretaria de Turismo de Salta, Nadia Loza encabez\u00f3 el acto inaugural de la jornada junto a la vicepresidente de ASAT, L\u00eda Rivella; y el secretario de Cultura y Turismo de la Ciudad de Salta, Fernando Garc\u00eda Soria.<\/p>\n\n\n\n<p>\u201cQuiero agradecerles a todas las autoridades del pa\u00eds que est\u00e1n presentes, a las agencias de viajes y a los representantes de los municipios que est\u00e1n participando de este encuentro comercial que permite construir redes que incluyen a todos los actores que conforman la cadena del turismo\u201d, se\u00f1al\u00f3 la secretaria de Turismo.<\/p>\n\n\n\n<p>En relaci\u00f3n a la importancia que tienen estos eventos para la Provincia, Loza destac\u00f3 que todos los encuentros entre actores del turismo se enmarcan dentro de la etapa de marketing y comercializaci\u00f3n previstas en el Plan Estrat\u00e9gico \u201cLiderar\u201d.<\/p>\n\n\n\n<div class=\"wp-block-image\"><figure class=\"alignleft size-large is-resized\"><img decoding=\"async\" src=\"https:\/\/www.salta.gob.ar\/public\/images\/noticias\/contenidos\/2547-salta-es-sede-del-xxiii-workshop-turistico-es-sede-del-xxiii-workshop-turistico.JPG\" alt=\"\" width=\"-956\" height=\"-648\"\/><\/figure><\/div>\n\n\n\n<p>Participan del workshop, adem\u00e1s de Salta, destinos como Bariloche, Santiago del Estero, Villa Carlos Paz, Rosario de la Frontera, Jujuy, San Lorenzo, Ciudad de Salta, Rosario, R\u00edo Negro, agencias de viajes de todo el pa\u00eds y medios especializados en turismo.<\/p>\n\n\n\n<p>&nbsp;L\u00eda Rivella indic\u00f3 que la organizaci\u00f3n de este evento se realiz\u00f3 con la colaboraci\u00f3n de todos los presentes \u201clo que nos permiti\u00f3 llegar a este d\u00eda con muchas expectativas que hoy estamos viendo cumplidas en cada mesa de trabajo que se forma\u201d.<\/p>\n\n\n\n<p>Finalmente, el secretario de Cultura y Turismo de la Ciudad de Salta Fernando Garc\u00eda Soria expres\u00f3 que es una gran satisfacci\u00f3n ver a todos los actores del turismo reunidos para seguir trabajando sobre el proceso de reactivaci\u00f3n que la actividad atraviesa actualmente.<\/p>\n\n\n\n<figure class=\"wp-block-embed is-type-video is-provider-youtube wp-block-embed-youtube wp-embed-aspect-16-9 wp-has-aspect-ratio\"><div class=\"wp-block-embed__wrapper\">\n<iframe title=\"Salta es sede del XXIII Workshop Tur\u00edstico\" width=\"696\" height=\"392\" src=\"https:\/\/www.youtube.com\/embed\/RRvTVqjc2vw?feature=oembed\" frameborder=\"0\" allow=\"accelerometer; autoplay; clipboard-write; encrypted-media; gyroscope; picture-in-picture\" allowfullscreen><\/iframe>\n<\/div><\/figure>\n","protected":false},"excerpt":{"rendered":"<p>Participan del workshop, adem\u00e1s de Salta, destinos como Bariloche, Santiago del Estero, Villa Carlos Paz, Rosario de la Frontera, Jujuy, San Lorenzo, Ciudad de Salta, Rosario, R\u00edo Negro, agencias de viajes de todo el pa\u00eds y medios especializados en turismo. Organizado por la Asociaci\u00f3n Salte\u00f1a de Agencias de Turismo (ASAT) con el apoyo del Gobierno [&hellip;]<\/p>\n","protected":false},"author":2,"featured_media":613,"comment_status":"open","ping_status":"open","sticky":false,"template":"","format":"standard","meta":{"tdm_status":"","tdm_grid_status":"","footnotes":""},"categories":[16,15],"tags":[],"class_list":{"0":"post-612","1":"post","2":"type-post","3":"status-publish","4":"format-standard","5":"has-post-thumbnail","7":"category-ferias-y-congresos","8":"category-provincial"},"_links":{"self":[{"href":"https:\/\/circuitosalta.com.ar\/index.php?rest_route=\/wp\/v2\/posts\/612"}],"collection":[{"href":"https:\/\/circuitosalta.com.ar\/index.php?rest_route=\/wp\/v2\/posts"}],"about":[{"href":"https:\/\/circuitosalta.com.ar\/index.php?rest_route=\/wp\/v2\/types\/post"}],"author":[{"embeddable":true,"href":"https:\/\/circuitosalta.com.ar\/index.php?rest_route=\/wp\/v2\/users\/2"}],"replies":[{"embeddable":true,"href":"https:\/\/circuitosalta.com.ar\/index.php?rest_route=%2Fwp%2Fv2%2Fcomments&post=612"}],"version-history":[{"count":2,"href":"https:\/\/circuitosalta.com.ar\/index.php?rest_route=\/wp\/v2\/posts\/612\/revisions"}],"predecessor-version":[{"id":615,"href":"https:\/\/circuitosalta.com.ar\/index.php?rest_route=\/wp\/v2\/posts\/612\/revisions\/615"}],"wp:featuredmedia":[{"embeddable":true,"href":"https:\/\/circuitosalta.com.ar\/index.php?rest_route=\/wp\/v2\/media\/613"}],"wp:attachment":[{"href":"https:\/\/circuitosalta.com.ar\/index.php?rest_route=%2Fwp%2Fv2%2Fmedia&parent=612"}],"wp:term":[{"taxonomy":"category","embeddable":true,"href":"https:\/\/circuitosalta.com.ar\/index.php?rest_route=%2Fwp%2Fv2%2Fcategories&post=612"},{"taxonomy":"post_tag","embeddable":true,"href":"https:\/\/circuitosalta.com.ar\/index.php?rest_route=%2Fwp%2Fv2%2Ftags&post=612"}],"curies":[{"name":"wp","href":"https:\/\/api.w.org\/{rel}","templated":true}]}}