{"id":634,"date":"2022-04-22T19:08:45","date_gmt":"2022-04-22T22:08:45","guid":{"rendered":"http:\/\/circuitosalta.com.ar\/?p=634"},"modified":"2022-04-22T19:08:48","modified_gmt":"2022-04-22T22:08:48","slug":"instituciones-y-asociaciones-eligen-a-salta-como-destino-de-encuentros","status":"publish","type":"post","link":"https:\/\/circuitosalta.com.ar\/?p=634","title":{"rendered":"Instituciones y asociaciones eligen a Salta como destino de encuentros"},"content":{"rendered":"\n<h4 class=\"has-white-color has-text-color has-background wp-block-heading\" style=\"background-color:#470113\">La provincia es sede de la I Asamblea Ordinaria del Notariado Argentino que re\u00fane a m\u00e1s de 150 profesionales de la escriban\u00eda. El ministro Pe\u00f1a particip\u00f3 de la ceremonia inaugural.<\/h4>\n\n\n\n<p>La reactivaci\u00f3n del turismo de reuniones en Salta es un proceso que a diario se ve fortalecido con la realizaci\u00f3n de eventos organizados por instituciones y asociaciones locales y nacionales. En esta oportunidad, la provincia fue seleccionada como sede nacional para la realizaci\u00f3n de la I Asamblea Ordinaria del Notariado Argentino.<\/p>\n\n\n\n<p>El ministro de Turismo y Deportes&nbsp;<strong>Mario Pe\u00f1a<\/strong>&nbsp;particip\u00f3 del acto de apertura de la Asamblea junto a la intendenta de la Ciudad de Salta&nbsp;<strong>Bettina Romero<\/strong>, el presidente del Colegio de Escribanos de Salta,&nbsp;<strong>Juan Carlos Margalef<\/strong>, y la presidenta del Consejo Federal del Notariado Argentino&nbsp;<strong>Mar\u00eda Alejandra Castell\u00f3n Arrieta<\/strong>.<\/p>\n\n\n\n<p>El titular de la Cartera tur\u00edstica dio la bienvenida a los m\u00e1s de 150 escribanos de todo el pa\u00eds que participan del evento y destac\u00f3 la importancia tur\u00edstica de Salta que se encamina a convertirse en l\u00edder de la regi\u00f3n.<\/p>\n\n\n\n<div class=\"wp-block-image\"><figure class=\"alignleft size-large is-resized\"><img decoding=\"async\" src=\"https:\/\/www.salta.gob.ar\/public\/images\/noticias\/contenidos\/2590-instituciones-y-asociaciones-eligen-a-salta-como-destino-de-encuentros.jpg\" alt=\"\" width=\"-323\" height=\"-216\"\/><\/figure><\/div>\n\n\n\n<p>Por su parte, la Intendenta agradeci\u00f3 la elecci\u00f3n de Salta como sede de la Asamblea y consider\u00f3 que la presencia de todas las provincias fortalece la visi\u00f3n federal; en tanto, Juan Carlos Margalef indic\u00f3 que la instituci\u00f3n naci\u00f3 un 22 de abril de 1911 y destac\u00f3 la capacidad de adaptaci\u00f3n a los desaf\u00edos de los tiempos siempre asegurando la seguridad jur\u00eddica.<\/p>\n\n\n\n<p>Mar\u00eda Alejandra Castell\u00f3n Arrieta manifest\u00f3 el importante trabajo conjunto que se realiza en la Asamblea y las instancias de intercambio y capacitaci\u00f3n. Adem\u00e1s, realiz\u00f3 un homenaje al escribano Oscar Ram\u00f3n Ruiz quien fue un \u201cnotario celoso de los valores republicanos\u201d; el reconocimiento fue recibido por su hijo Daniel Oscar Ruiz.<\/p>\n\n\n\n<p>Participan de la Asamblea, la presidenta de la Uni\u00f3n Internacional del Notariado Latino&nbsp;<strong>Cristina Armella<\/strong>; el secretario de Desarrollo Territorial de la Naci\u00f3n&nbsp;<strong>Luciano Scatolini<\/strong>, el presidente de la Unidad de Informaci\u00f3n Financiera&nbsp;<strong>Juan Otero<\/strong>; la vicepresidente de la Unidad de Informaci\u00f3n Financiera&nbsp;<strong>Luna Montes<\/strong>; el &nbsp;titular de la Fundaci\u00f3n CONIN&nbsp;<strong>Abel Albino<\/strong>; organismos; instituciones notariales y representantes de provincia.&nbsp;<\/p>\n\n\n\n<hr class=\"wp-block-separator\"\/>\n\n\n\n<p>Fuente:\u00a0<strong><a href=\"https:\/\/www.salta.gob.ar\/prensa\/noticias\/instituciones-y-asociaciones-eligen-a-salta-como-destino-de-encuentros-81928\" target=\"_blank\" rel=\"noreferrer noopener\">Secretar\u00eda de Prensa y Comunicaci\u00f3n<\/a><\/strong><\/p>\n","protected":false},"excerpt":{"rendered":"<p>La provincia es sede de la I Asamblea Ordinaria del Notariado Argentino que re\u00fane a m\u00e1s de 150 profesionales de la escriban\u00eda. El ministro Pe\u00f1a particip\u00f3 de la ceremonia inaugural. La reactivaci\u00f3n del turismo de reuniones en Salta es un proceso que a diario se ve fortalecido con la realizaci\u00f3n de eventos organizados por instituciones [&hellip;]<\/p>\n","protected":false},"author":2,"featured_media":635,"comment_status":"open","ping_status":"open","sticky":false,"template":"","format":"standard","meta":{"tdm_status":"","tdm_grid_status":"","footnotes":""},"categories":[16],"tags":[],"class_list":{"0":"post-634","1":"post","2":"type-post","3":"status-publish","4":"format-standard","5":"has-post-thumbnail","7":"category-ferias-y-congresos"},"_links":{"self":[{"href":"https:\/\/circuitosalta.com.ar\/index.php?rest_route=\/wp\/v2\/posts\/634"}],"collection":[{"href":"https:\/\/circuitosalta.com.ar\/index.php?rest_route=\/wp\/v2\/posts"}],"about":[{"href":"https:\/\/circuitosalta.com.ar\/index.php?rest_route=\/wp\/v2\/types\/post"}],"author":[{"embeddable":true,"href":"https:\/\/circuitosalta.com.ar\/index.php?rest_route=\/wp\/v2\/users\/2"}],"replies":[{"embeddable":true,"href":"https:\/\/circuitosalta.com.ar\/index.php?rest_route=%2Fwp%2Fv2%2Fcomments&post=634"}],"version-history":[{"count":1,"href":"https:\/\/circuitosalta.com.ar\/index.php?rest_route=\/wp\/v2\/posts\/634\/revisions"}],"predecessor-version":[{"id":636,"href":"https:\/\/circuitosalta.com.ar\/index.php?rest_route=\/wp\/v2\/posts\/634\/revisions\/636"}],"wp:featuredmedia":[{"embeddable":true,"href":"https:\/\/circuitosalta.com.ar\/index.php?rest_route=\/wp\/v2\/media\/635"}],"wp:attachment":[{"href":"https:\/\/circuitosalta.com.ar\/index.php?rest_route=%2Fwp%2Fv2%2Fmedia&parent=634"}],"wp:term":[{"taxonomy":"category","embeddable":true,"href":"https:\/\/circuitosalta.com.ar\/index.php?rest_route=%2Fwp%2Fv2%2Fcategories&post=634"},{"taxonomy":"post_tag","embeddable":true,"href":"https:\/\/circuitosalta.com.ar\/index.php?rest_route=%2Fwp%2Fv2%2Ftags&post=634"}],"curies":[{"name":"wp","href":"https:\/\/api.w.org\/{rel}","templated":true}]}}