{"id":637,"date":"2022-04-24T18:23:13","date_gmt":"2022-04-24T21:23:13","guid":{"rendered":"http:\/\/circuitosalta.com.ar\/?p=637"},"modified":"2022-04-24T18:23:16","modified_gmt":"2022-04-24T21:23:16","slug":"cambio-de-habitos-adios-al-mate-compartido","status":"publish","type":"post","link":"https:\/\/circuitosalta.com.ar\/?p=637","title":{"rendered":"Cambio de h\u00e1bitos: \u00bfadi\u00f3s al mate compartido?"},"content":{"rendered":"\n<h3 class=\"has-white-color has-text-color has-background wp-block-heading\" style=\"background-color:#012c1c\">Un estudio realizado por investigadores de la Universidad Aut\u00f3noma de Entre R\u00edos (UADeER) y de la Universidad Nacional de Rosario (UNR) arroj\u00f3 que s\u00f3lo la mitad de los entrevistados volver\u00eda a tomar la infusi\u00f3n con personas que no pertenecen a su c\u00edrculo \u00edntimo.<\/h3>\n\n\n\n<p>A pesar de la flexibilizaci\u00f3n en las medidas de cuidado por el coronavirus,&nbsp;<strong>pocos se animan a compartir el mate m\u00e1s all\u00e1 de los lazos familiares&nbsp;<\/strong>y voceros del Instituto Nacional de la Yerba Mate (INYM) consideraron que&nbsp;<strong>la interrupci\u00f3n de \u00ablas rondas sociales de mate lleg\u00f3 para quedarse\u00bb a partir de la pandemia de coronavirus.<\/strong><\/p>\n\n\n\n<p>Especialistas del INYM consideraron que&nbsp;<strong>la pandemia por coronavirus modific\u00f3 h\u00e1bitos de manera permanente<\/strong>&nbsp;y dijeron que \u00abla pandemia arroj\u00f3 como saldo, entre otras tantas cosas, que el mate ya no se comparta socialmente, aunque concluya el distanciamiento\u00bb.<\/p>\n\n\n\n<p>Los voceros se\u00f1alaron a T\u00e9lam que \u00abs\u00ed puede ocurrir que se comparta con la pareja o con los hijos, pero ya no m\u00e1s entre amigos, conocidos, la familia ampliada o con compa\u00f1eros de trabajo\u00bb.<\/p>\n\n\n\n<p>Seg\u00fan el organismo,<strong>&nbsp;un dato que reafirma que se comparte menos esta infusi\u00f3n es el incremento en la cantidad de mates \u00aben circulaci\u00f3n\u00bb<\/strong>&nbsp;lo se asocia directamente con el<strong>&nbsp;\u00abr\u00e9cord de venta de yerba ocurrida durante el a\u00f1o pasado\u00bb.<\/strong><\/p>\n\n\n\n<p>El ingreso de hojas de yerba mate a secaderos durante 2021 fue de m\u00e1s de 882 millones de kilogramos, mientras que en el mercado interno se movieron m\u00e1s de 282 millones de kilos, lo que representan cifras r\u00e9cord hist\u00f3ricas de producci\u00f3n y consumo, informaron desde el INYM.<\/p>\n\n\n\n<p>En esa direcci\u00f3n, un estudio realizado por investigadores de la Universidad Aut\u00f3noma de Entre R\u00edos (UADeER) y de la Universidad Nacional de Rosario (UNR) que analiz\u00f3 los cambios en los h\u00e1bitos relacionados con el consumo del mate afirm\u00f3 que s\u00f3lo la mitad de los entrevistados volver\u00eda a compartir el mate con personas que no pertenecen a su c\u00edrculo \u00edntimo.<\/p>\n\n\n\n<p>De la investigaci\u00f3n realizada por las casas de altos estudios del litoral se desprende que, antes de que se desate la pandemia por coronavirus,&nbsp;<strong>el 96 por ciento de los entrevistados compart\u00eda el mate en sus trabajos,<\/strong>&nbsp;mientras cursaban clases en la universidad o en encuentros en espacios con personas no consideradas amigos cercanos.<\/p>\n\n\n\n<p>De ese total,<strong>&nbsp;el 71 por ciento asegur\u00f3 que contin\u00faa compartiendo el mate pero s\u00f3lo con su grupo familiar o personas convivientes y el 50 asegur\u00f3 que \u00abvolver\u00eda a los h\u00e1bitos tradicionales finalizada la pandemia\u00bb.<\/strong><\/p>\n\n\n\n<p>El estudio, dirigido por Norma Levrand, investigadora del Instituto de Estudios Sociales del Conicet\/UNER, junto Claudio Staffolani, docente de la Facultad de Ciencias M\u00e9dicas de la UNR, asegur\u00f3, adem\u00e1s que&nbsp;<strong>\u00abel h\u00e1bito de tomar mate contin\u00faa y la cantidad de ingestas diarias no vari\u00f3 considerablemente\u00bb, aunque tambi\u00e9n advirti\u00f3 que el 20 por ciento de los encuestados incorpor\u00f3 otras infusiones.<\/strong><\/p>\n\n\n\n<p>Por su parte, Las Mar\u00edas, uno de los principales establecimientos yerbateros de la provincia de Corrientes, asegur\u00f3 en di\u00e1logo con T\u00e9lam que<strong>&nbsp;desde el inicio de la pandemia alent\u00f3 \u00aba los consumidores a evitar situaciones de contagio, promoviendo entre otras cosas el consumo de mate de manera individual\u00bb.<\/strong><\/p>\n\n\n\n<p>Y agreg\u00f3 que \u00aben cuanto a los h\u00e1bitos de consumo, el cambio m\u00e1s notorio como consecuencia de la pandemia fue el de no compartir el mate\u00bb, sin embargo, desde el balance de la compa\u00f1\u00eda \u00aba pesar de eso y del mayor tiempo de permanencia de la gente en sus hogares, ello no se vio reflejado en un aumento de las ventas de yerba mate, que no registraron variaciones relevantes\u00bb.<\/p>\n\n\n\n<p>En este marco,\u00a0<strong>Karla Johan, sommelier de mate, consider\u00f3 que durante el confinamiento provocado por la pandemia de coronavirus se produjo \u00abun boom del mate, un cambio cultural<\/strong>\u00a0que, de la mano de la imposibilidad de compartirlo llevo a cada uno a interesarse m\u00e1s\u00bb sobre la infusi\u00f3n: \u00ablo que toda mi carrera esper\u00e9\u00bb, brome\u00f3.<\/p>\n\n\n\n<figure class=\"wp-block-image size-large\"><img decoding=\"async\" src=\"https:\/\/www.telam.com.ar\/thumbs\/bluesteel\/advf\/imagenes\/2021\/02\/603457054cdc3_900.jpg\" alt=\"\"\/><figcaption><br>           Los sondeos indican una mayor cantidad de mates en circulaci\u00f3n y un crecimiento en el consumo de yerba.<\/figcaption><\/figure>\n\n\n\n<p>\u00abAntes era com\u00fan que alguien llegue a una casa y tome un mate ya empezado o hecho de la forma que el anfitri\u00f3n disponga, tambi\u00e9n&nbsp;<strong>hab\u00eda gente que tomaba porque formaba parte de un grupo y lo agarraba\u00bb,<\/strong>&nbsp;expres\u00f3 la mujer que lleva 18 a\u00f1os dedicada al mundo de esta tradici\u00f3n argentina.<\/p>\n\n\n\n<p>En este sentido, explic\u00f3 que \u00abal tener que estar m\u00e1s tiempo en casa\u00bb muchas personas \u00abse perfeccionaron y empezaron a probar c\u00f3mo les gusta, con qu\u00e9 yerba, qu\u00e9 tipo de mates\u00bb y remarc\u00f3 que otra situaci\u00f3n para destacar durante la pandemia fue \u00abel v\u00ednculo de la juventud con el mate\u00bb.<\/p>\n\n\n\n<p>Basada en su experiencia y en las reflexiones y debates que se plantean en los talleres y en sus intervenciones a trav\u00e9s de su cuenta de Instagram con casi 19 mil seguidores, Johan apunt\u00f3 que \u00abdespu\u00e9s de la pandemia creo que va a suceder lo que ya pasa en Uruguay o en Siria o en L\u00edbano, en donde toman much\u00edsimo mate, incluso salen con los termos abajo del brazo pero cada uno con su mate y bombilla\u00bb.<\/p>\n\n\n\n<ul class=\"has-cyan-bluish-gray-background-color has-background wp-block-list\"><li>Desde el\u00a0Ministerio de Salud de la Naci\u00f3n\u00a0indicaron que \u00a0es preferible evitar compartirlo,\u00a0sobre todo de cara a la \u00e9poca invernal y las enfermedades respiratorias estacionales.<\/li><\/ul>\n\n\n\n<p>\u00abCreo que no se volver\u00e1 a compartir la bombilla, pero en un marco de intimidad s\u00ed, porque tiene que ver con nuestra cultura, el mate cebado te permite la uni\u00f3n, la charla, mientras yo tomo, tambi\u00e9n escucho, le permito al otro hablar y al rev\u00e9s\u00bb, consider\u00f3 la especialista.<\/p>\n\n\n\n<p>Por su parte, otro \u00e1mbito donde ya no se ven mates pasar de una persona a otra es&nbsp;<strong>en las aulas de las universidades, en donde muchos estudiantes optaron por otra infusi\u00f3n o se lleva cada uno el suyo.<\/strong><\/p>\n\n\n\n<p>\u00abAntes nos pon\u00edamos de acuerdo y uno llevaba el equipo, otro la yerba, otro alguna galletita y durante la cursada compart\u00edamos, ahora me da fiaca cargar todo para venir, capaz que me compro un caf\u00e9 o un agua y listo\u00bb, dijo Gonzalo, estudiante de Periodismo de la Universidad Nacional de Avellaneda (UNDAV).<\/p>\n\n\n\n<p>\u00abNo voy a volver a compartir el mate, tampoco es algo que me encante, generalmente tomaba algunos cuando me pasaban en el laburo o con alg\u00fan grupo de amigos, pero la verdad te pon\u00e9s a pensar y no me gusta tanto la idea, m\u00e1s all\u00e1 del coronavirus, hay gripe y resfr\u00edos\u00bb, sostuvo Ernesto, de 36 a\u00f1os.<\/p>\n\n\n\n<p>Desde el\u00a0<strong>Ministerio de Salud de la Naci\u00f3n<\/strong>\u00a0la recomendaci\u00f3n es clara: si bien en las \u00faltimas recomendaciones sanitarias no se habl\u00f3 nada del mate, indicaron que \u00a0<strong>es preferible evitar compartirlo,\u00a0sobre todo de cara a la \u00e9poca invernal y las enfermedades respiratorias estacionales.<\/strong><\/p>\n\n\n\n<figure class=\"wp-block-image size-full\"><a href=\"https:\/\/www.telam.com.ar\/notas\/202204\/589713-pandemia-consumo-mate-individual.html\" target=\"_blank\" rel=\"noopener\"><img fetchpriority=\"high\" decoding=\"async\" width=\"964\" height=\"96\" src=\"https:\/\/circuitosalta.com.ar\/wp-content\/uploads\/2022\/04\/Captura-web_6-4-2022_125922_www.telam_.com_.ar_.jpeg\" alt=\"\" class=\"wp-image-562\" srcset=\"https:\/\/circuitosalta.com.ar\/wp-content\/uploads\/2022\/04\/Captura-web_6-4-2022_125922_www.telam_.com_.ar_.jpeg 964w, https:\/\/circuitosalta.com.ar\/wp-content\/uploads\/2022\/04\/Captura-web_6-4-2022_125922_www.telam_.com_.ar_-300x30.jpeg 300w, https:\/\/circuitosalta.com.ar\/wp-content\/uploads\/2022\/04\/Captura-web_6-4-2022_125922_www.telam_.com_.ar_-768x76.jpeg 768w, https:\/\/circuitosalta.com.ar\/wp-content\/uploads\/2022\/04\/Captura-web_6-4-2022_125922_www.telam_.com_.ar_-696x69.jpeg 696w\" sizes=\"(max-width: 964px) 100vw, 964px\" \/><\/a><\/figure>\n","protected":false},"excerpt":{"rendered":"<p>Un estudio realizado por investigadores de la Universidad Aut\u00f3noma de Entre R\u00edos (UADeER) y de la Universidad Nacional de Rosario (UNR) arroj\u00f3 que s\u00f3lo la mitad de los entrevistados volver\u00eda a tomar la infusi\u00f3n con personas que no pertenecen a su c\u00edrculo \u00edntimo. A pesar de la flexibilizaci\u00f3n en las medidas de cuidado por el [&hellip;]<\/p>\n","protected":false},"author":2,"featured_media":638,"comment_status":"open","ping_status":"open","sticky":false,"template":"","format":"standard","meta":{"tdm_status":"","tdm_grid_status":"","footnotes":""},"categories":[17],"tags":[],"class_list":{"0":"post-637","1":"post","2":"type-post","3":"status-publish","4":"format-standard","5":"has-post-thumbnail","7":"category-sociales"},"_links":{"self":[{"href":"https:\/\/circuitosalta.com.ar\/index.php?rest_route=\/wp\/v2\/posts\/637"}],"collection":[{"href":"https:\/\/circuitosalta.com.ar\/index.php?rest_route=\/wp\/v2\/posts"}],"about":[{"href":"https:\/\/circuitosalta.com.ar\/index.php?rest_route=\/wp\/v2\/types\/post"}],"author":[{"embeddable":true,"href":"https:\/\/circuitosalta.com.ar\/index.php?rest_route=\/wp\/v2\/users\/2"}],"replies":[{"embeddable":true,"href":"https:\/\/circuitosalta.com.ar\/index.php?rest_route=%2Fwp%2Fv2%2Fcomments&post=637"}],"version-history":[{"count":1,"href":"https:\/\/circuitosalta.com.ar\/index.php?rest_route=\/wp\/v2\/posts\/637\/revisions"}],"predecessor-version":[{"id":639,"href":"https:\/\/circuitosalta.com.ar\/index.php?rest_route=\/wp\/v2\/posts\/637\/revisions\/639"}],"wp:featuredmedia":[{"embeddable":true,"href":"https:\/\/circuitosalta.com.ar\/index.php?rest_route=\/wp\/v2\/media\/638"}],"wp:attachment":[{"href":"https:\/\/circuitosalta.com.ar\/index.php?rest_route=%2Fwp%2Fv2%2Fmedia&parent=637"}],"wp:term":[{"taxonomy":"category","embeddable":true,"href":"https:\/\/circuitosalta.com.ar\/index.php?rest_route=%2Fwp%2Fv2%2Fcategories&post=637"},{"taxonomy":"post_tag","embeddable":true,"href":"https:\/\/circuitosalta.com.ar\/index.php?rest_route=%2Fwp%2Fv2%2Ftags&post=637"}],"curies":[{"name":"wp","href":"https:\/\/api.w.org\/{rel}","templated":true}]}}