{"id":644,"date":"2022-04-27T21:31:45","date_gmt":"2022-04-28T00:31:45","guid":{"rendered":"http:\/\/circuitosalta.com.ar\/?p=644"},"modified":"2022-04-27T21:31:48","modified_gmt":"2022-04-28T00:31:48","slug":"salta-se-alia-con-uno-de-los-mayores-operadores-turisticos-de-latinoamerica-para-comercializar-el-destino","status":"publish","type":"post","link":"https:\/\/circuitosalta.com.ar\/?p=644","title":{"rendered":"Salta se al\u00eda con uno de los mayores operadores tur\u00edsticos de Latinoam\u00e9rica para comercializar el destino"},"content":{"rendered":"\n<h4 class=\"has-white-color has-text-color has-background wp-block-heading\" style=\"background-color:#4d0114\">CVC Viagem, empresa l\u00edder en Latinoam\u00e9rica, comercializar\u00e1 productos tur\u00edsticos salte\u00f1os por primera vez en la historia. Los ministros de Turismo y Deportes Mario Pe\u00f1a y de Gobierno, Trabajo y Derechos Humanos, Ricardo Villada dieron la bienvenida al director de Productos Internacionales de CVC Cristiano Olandim Placeres.<\/h4>\n\n\n\n<p>Por primera vez en la historia de Salta, la empresa brasile\u00f1a CVC Viagem trabajar\u00e1 con los sectores p\u00fablico y privado en el proceso de comercializaci\u00f3n de los atractivos tur\u00edsticos salte\u00f1os. La llegada de este gigante comercial significa un importante salto de calidad en lo que respecta al reposicionamiento de Salta como destino internacional.<\/p>\n\n\n\n<p>Los ministros de Turismo y Deportes&nbsp;<strong>Mario Pe\u00f1a&nbsp;<\/strong>y de Gobierno, Trabajo y Derechos Humanos,&nbsp;<strong>Ricardo Villada<\/strong>&nbsp;dieron la bienvenida al director de Productos Internacionales de CVC&nbsp;<strong>Cristiano Olandim Placeres<\/strong>&nbsp;y al equipo de la firma. Los corporativos recorrer\u00e1n la provincia y la regi\u00f3n durante los pr\u00f3ximos d\u00edas con el objetivo de conocer la variada oferta de servicios y experiencias que Salta y el Norte ofrecen al turista.<\/p>\n\n\n\n<p>El 2022 se presenta para CVC como el a\u00f1o del 50\u00b0 aniversario como operador tur\u00edstico y ese es el marco elegido por la empresa para sumar a Salta y el Norte Argentino como un nuevo producto para el mercado carioca y los pa\u00edses de la regi\u00f3n. Si bien la firma tiene una importante relaci\u00f3n con el pa\u00eds al momento de desarrollar paquetes tur\u00edsticos, este es el primer desembarco que se realiza en estas latitudes.<\/p>\n\n\n\n<figure class=\"wp-block-image size-large\"><img decoding=\"async\" src=\"https:\/\/www.salta.gob.ar\/public\/images\/noticias\/contenidos\/2627-salta-se-alia-con-uno-de-los-mayores-operadores-turisticos-de-latinoamerica-para-comercializar-el-destino.jpg\" alt=\"\"\/><\/figure>\n\n\n\n<p>Al respecto Cristiano Olandim se\u00f1al\u00f3, \u201cestamos muy contentos de conmemorar este aniversario iniciando un trabajo de desarrollo tur\u00edstico en Salta, el equipo est\u00e1 muy comprometido con el proceso de divulgaci\u00f3n y comercializaci\u00f3n de los destinos junto a Aerol\u00edneas Argentinas y a la cadena de comercializaci\u00f3n local\u201d.<\/p>\n\n\n\n<p>El Gobierno provincial llega a este punto de inflexi\u00f3n para la actividad tur\u00edstica y su impacto socioecon\u00f3mico tras un importante proceso de gestiones p\u00fablicas y privadas encabezadas por el gobernador Gustavo S\u00e1enz y el equipo del Ministerio de Turismo y Deportes, que incluyeron el establecimiento de una ruta a\u00e9rea in\u00e9dita como Salta &#8211; San Pablo y la realizaci\u00f3n de un masterplan pensado espec\u00edficamente para el turismo y su prospectiva.<\/p>\n\n\n\n<p>\u201cEn Salta el turismo es pol\u00edtica de Estado, una pol\u00edtica que por decisi\u00f3n y convencimiento del gobernador Gustavo S\u00e1enz seguimos desarrollando y fortaleciendo con acciones como la gesti\u00f3n de una ruta internacional que hoy ha tra\u00eddo la posibilidad de contar con la presencia de una empresa l\u00edder como lo es CVC en suelo salte\u00f1o\u201d, se\u00f1al\u00f3 el ministro Pe\u00f1a.<\/p>\n\n\n\n<figure class=\"wp-block-image size-large\"><img decoding=\"async\" src=\"https:\/\/www.salta.gob.ar\/public\/images\/noticias\/contenidos\/2628-salta-se-alia-con-uno-de-los-mayores-operadores-turisticos-de-latinoamerica-para-comercializar-el-destino.jpg\" alt=\"\"\/><\/figure>\n\n\n\n<p>El funcionario provincial destac\u00f3 que esta acci\u00f3n tambi\u00e9n resulta posible gracias al apoyo que recibe la Provincia por parte del Ministerio de Turismo y Deportes de la Naci\u00f3n, el Instituto Nacional de Promoci\u00f3n y Aerol\u00edneas Argentinas. \u201cEstamos frente a la posibilidad de abrirnos al mundo de la mano de una empresa l\u00edder en turismo brasilero en Latinoam\u00e9rica con una cartera de clientes cercana a los 30 millones de pasajeros\u201d, concluy\u00f3 Pe\u00f1a.<\/p>\n\n\n\n<p>El impacto del desembarco de este operador tur\u00edstico tambi\u00e9n fue destacado por el sector privado local.&nbsp;<strong>Gustavo Di Mecola<\/strong>&nbsp;presidente de la C\u00e1mara de Turismo de Salta, manifest\u00f3 que esto significa una importante proyecci\u00f3n de futuro para todo el sector en cuanto a la generaci\u00f3n de trabajo y va a llevar a todos los prestadores a un escal\u00f3n m\u00e1s arriba marcando una bisagra en la historia del turismo salte\u00f1o.<\/p>\n\n\n\n<p>Estuvieron presentes la presidente del Inprotur Salta,\u00a0<strong>Manuela Arancibia<\/strong>; la directora ejecutiva del organismo\u00a0<strong>Mar\u00eda Eugenia Cornejo<\/strong>;\u00a0<strong>Mariana Farjat<\/strong>\u00a0Presidente de la AHT;\u00a0<strong>Jonatan Kira<\/strong>\u00a0representante de la C\u00e1mara Hotelera Gastron\u00f3mica y Afines;\u00a0<strong>Mariano Ochoa<\/strong>\u00a0representante de ADOPTA y\u00a0<strong>Jorge Salgado<\/strong>\u00a0gerente de Aerol\u00edneas Argentinas en Salta.<\/p>\n\n\n\n<figure class=\"wp-block-embed is-type-video is-provider-youtube wp-block-embed-youtube wp-embed-aspect-16-9 wp-has-aspect-ratio\"><div class=\"wp-block-embed__wrapper\">\n<iframe title=\"Salta se al\u00eda con uno de los mayores operadores tur\u00edsticos de Latinoam\u00e9rica\" width=\"696\" height=\"392\" src=\"https:\/\/www.youtube.com\/embed\/nCQDs69Rbc4?feature=oembed\" frameborder=\"0\" allow=\"accelerometer; autoplay; clipboard-write; encrypted-media; gyroscope; picture-in-picture\" allowfullscreen><\/iframe>\n<\/div><\/figure>\n","protected":false},"excerpt":{"rendered":"<p>CVC Viagem, empresa l\u00edder en Latinoam\u00e9rica, comercializar\u00e1 productos tur\u00edsticos salte\u00f1os por primera vez en la historia. Los ministros de Turismo y Deportes Mario Pe\u00f1a y de Gobierno, Trabajo y Derechos Humanos, Ricardo Villada dieron la bienvenida al director de Productos Internacionales de CVC Cristiano Olandim Placeres. Por primera vez en la historia de Salta, la [&hellip;]<\/p>\n","protected":false},"author":2,"featured_media":645,"comment_status":"open","ping_status":"open","sticky":false,"template":"","format":"standard","meta":{"tdm_status":"","tdm_grid_status":"","footnotes":""},"categories":[14],"tags":[],"class_list":{"0":"post-644","1":"post","2":"type-post","3":"status-publish","4":"format-standard","5":"has-post-thumbnail","7":"category-anuncios"},"_links":{"self":[{"href":"https:\/\/circuitosalta.com.ar\/index.php?rest_route=\/wp\/v2\/posts\/644"}],"collection":[{"href":"https:\/\/circuitosalta.com.ar\/index.php?rest_route=\/wp\/v2\/posts"}],"about":[{"href":"https:\/\/circuitosalta.com.ar\/index.php?rest_route=\/wp\/v2\/types\/post"}],"author":[{"embeddable":true,"href":"https:\/\/circuitosalta.com.ar\/index.php?rest_route=\/wp\/v2\/users\/2"}],"replies":[{"embeddable":true,"href":"https:\/\/circuitosalta.com.ar\/index.php?rest_route=%2Fwp%2Fv2%2Fcomments&post=644"}],"version-history":[{"count":1,"href":"https:\/\/circuitosalta.com.ar\/index.php?rest_route=\/wp\/v2\/posts\/644\/revisions"}],"predecessor-version":[{"id":646,"href":"https:\/\/circuitosalta.com.ar\/index.php?rest_route=\/wp\/v2\/posts\/644\/revisions\/646"}],"wp:featuredmedia":[{"embeddable":true,"href":"https:\/\/circuitosalta.com.ar\/index.php?rest_route=\/wp\/v2\/media\/645"}],"wp:attachment":[{"href":"https:\/\/circuitosalta.com.ar\/index.php?rest_route=%2Fwp%2Fv2%2Fmedia&parent=644"}],"wp:term":[{"taxonomy":"category","embeddable":true,"href":"https:\/\/circuitosalta.com.ar\/index.php?rest_route=%2Fwp%2Fv2%2Fcategories&post=644"},{"taxonomy":"post_tag","embeddable":true,"href":"https:\/\/circuitosalta.com.ar\/index.php?rest_route=%2Fwp%2Fv2%2Ftags&post=644"}],"curies":[{"name":"wp","href":"https:\/\/api.w.org\/{rel}","templated":true}]}}