{"id":647,"date":"2022-04-28T11:39:48","date_gmt":"2022-04-28T14:39:48","guid":{"rendered":"http:\/\/circuitosalta.com.ar\/?p=647"},"modified":"2022-04-28T11:39:51","modified_gmt":"2022-04-28T14:39:51","slug":"la-gran-carrera-de-autos-clasicos-llega-a-la-ciudad-el-sabado-30","status":"publish","type":"post","link":"https:\/\/circuitosalta.com.ar\/?p=647","title":{"rendered":"La Gran Carrera de Autos Cl\u00e1sicos llega a la ciudad el s\u00e1bado 30"},"content":{"rendered":"\n<h4 class=\"has-white-color has-text-color has-background wp-block-heading\" style=\"background-color:#8a0123\"><strong>La competencia de\u00a0autos deportivos y cl\u00e1sicos ic\u00f3nicos largar\u00e1 desde el Cabildo a las 8.30.\u00a0Participan 83 pilotos. En esta oportunidad, el recorrido de la carrera comprende las provincias de Salta, Jujuy y Tucum\u00e1n.\u00a0<\/strong><\/h4>\n\n\n\n<p>La Municipalidad de la ciudad de Salta, a trav\u00e9s de la Secretar\u00eda&nbsp;de Cultura y Turismo, invita a&nbsp;disfrutar de la largada de la&nbsp;Gran Carrera de Autos Cl\u00e1sicos, el s\u00e1bado&nbsp;30 de abril&nbsp;en inmediaciones de calle Caseros frente al Cabildo Hist\u00f3rico, a partir de las 8.30.<\/p>\n\n\n\n<p>La Gran Carrera en un evento especial que se ha convertido en una de las carreras m\u00e1s importantes de la Argentina de autos deportivos y cl\u00e1sicos. Los pilotos m\u00e1s reconocidos de Argentina, Sudam\u00e9rica y Europa estar\u00e1n en nuestra ciudad.<\/p>\n\n\n\n<p>Para esta oportunidad, el recorrido comprende las provincias de Salta, Jujuy y Tucum\u00e1n y se realizar\u00e1 entre del 27 al 30 de abril.<\/p>\n\n\n\n<p>\u00abLa Gran Carrera lleva una&nbsp;log\u00edstica&nbsp;complicada,&nbsp;los autos son el motivo de todo, la idea es que los saquen a pasear por lugares&nbsp;incre\u00edbles y&nbsp;la gente&nbsp;est\u00e1&nbsp;contenta con pasar por Salta. El 29 de abril salimos para&nbsp;la capital salte\u00f1a desde Cafayate&nbsp;y el&nbsp;s\u00e1bado&nbsp;30 salimos&nbsp;a las 8,30 desde el Cabildo a Purmamarca&nbsp;y volvemos a la&nbsp;tarde&nbsp;para terminar en la ciudad de Salta\u00bb, explic\u00f3 Alejandro Gache, director de la prueba.<\/p>\n\n\n\n<p>Adem\u00e1s, Gache agreg\u00f3 que siempre tratan de pasar por Salta y se\u00f1al\u00f3 que \u00abdesde que hacemos a carrera, ustedes, los salte\u00f1os&nbsp;nos acompa\u00f1aron y nos ayudan con la organizaci\u00f3n. Por otro lado, a la gente&nbsp;que participa le gusta Salta y este a\u00f1o son 83 pilotos de varias provincias\u00bb.<\/p>\n\n\n\n<p><strong>Sobre la Prueba&nbsp;&nbsp;<\/strong><\/p>\n\n\n\n<p>La Gran Carrera de Autos Cl\u00e1sicos naci\u00f3 una noche en Per\u00fa, en 2007, cuando un grupo de amigos pens\u00f3 en manejar desde Salta hasta Cusco para correr el Rally Andino.<\/p>\n\n\n\n<p>Desde ese momento, pasaron 12 ediciones de la Gran Carrera, a trav\u00e9s de incontables rutas, paisajes incomparables, inolvidables experiencias de manejo y un mont\u00f3n de historias para contar y recordar que, sin dudas, han alimentado almas. Exactamente como aquellos amigos so\u00f1aron aquella noche en Per\u00fa.<\/p>\n\n\n\n<p>Este 2022 se realiza la edici\u00f3n n\u00famero 13 con\u00a0los mejores paisajes del pa\u00eds.<\/p>\n\n\n\n<figure class=\"wp-block-image size-large\"><img decoding=\"async\" src=\"https:\/\/prensa.municipalidadsalta.gob.ar\/wp-content\/uploads\/2022\/04\/screenshot-64.jpg\" alt=\"\"\/><\/figure>\n\n\n\n<figure class=\"wp-block-image size-full is-resized\"><a href=\"https:\/\/prensa.municipalidadsalta.gob.ar\/la-gran-carrera-de-autos-clasicos-llega-a-la-ciudad-el-sabado-30\/\" target=\"_blank\" rel=\"noopener\"><img decoding=\"async\" src=\"https:\/\/circuitosalta.com.ar\/wp-content\/uploads\/2022\/03\/cropped-logo-salta-web.png\" alt=\"\" class=\"wp-image-321\" width=\"158\" height=\"70\"\/><\/a><\/figure>\n","protected":false},"excerpt":{"rendered":"<p>La competencia de\u00a0autos deportivos y cl\u00e1sicos ic\u00f3nicos largar\u00e1 desde el Cabildo a las 8.30.\u00a0Participan 83 pilotos. En esta oportunidad, el recorrido de la carrera comprende las provincias de Salta, Jujuy y Tucum\u00e1n.\u00a0 La Municipalidad de la ciudad de Salta, a trav\u00e9s de la Secretar\u00eda&nbsp;de Cultura y Turismo, invita a&nbsp;disfrutar de la largada de la&nbsp;Gran Carrera [&hellip;]<\/p>\n","protected":false},"author":2,"featured_media":648,"comment_status":"open","ping_status":"open","sticky":false,"template":"","format":"standard","meta":{"tdm_status":"","tdm_grid_status":"","footnotes":""},"categories":[18],"tags":[],"class_list":{"0":"post-647","1":"post","2":"type-post","3":"status-publish","4":"format-standard","5":"has-post-thumbnail","7":"category-rutas-y-caminos"},"_links":{"self":[{"href":"https:\/\/circuitosalta.com.ar\/index.php?rest_route=\/wp\/v2\/posts\/647"}],"collection":[{"href":"https:\/\/circuitosalta.com.ar\/index.php?rest_route=\/wp\/v2\/posts"}],"about":[{"href":"https:\/\/circuitosalta.com.ar\/index.php?rest_route=\/wp\/v2\/types\/post"}],"author":[{"embeddable":true,"href":"https:\/\/circuitosalta.com.ar\/index.php?rest_route=\/wp\/v2\/users\/2"}],"replies":[{"embeddable":true,"href":"https:\/\/circuitosalta.com.ar\/index.php?rest_route=%2Fwp%2Fv2%2Fcomments&post=647"}],"version-history":[{"count":1,"href":"https:\/\/circuitosalta.com.ar\/index.php?rest_route=\/wp\/v2\/posts\/647\/revisions"}],"predecessor-version":[{"id":649,"href":"https:\/\/circuitosalta.com.ar\/index.php?rest_route=\/wp\/v2\/posts\/647\/revisions\/649"}],"wp:featuredmedia":[{"embeddable":true,"href":"https:\/\/circuitosalta.com.ar\/index.php?rest_route=\/wp\/v2\/media\/648"}],"wp:attachment":[{"href":"https:\/\/circuitosalta.com.ar\/index.php?rest_route=%2Fwp%2Fv2%2Fmedia&parent=647"}],"wp:term":[{"taxonomy":"category","embeddable":true,"href":"https:\/\/circuitosalta.com.ar\/index.php?rest_route=%2Fwp%2Fv2%2Fcategories&post=647"},{"taxonomy":"post_tag","embeddable":true,"href":"https:\/\/circuitosalta.com.ar\/index.php?rest_route=%2Fwp%2Fv2%2Ftags&post=647"}],"curies":[{"name":"wp","href":"https:\/\/api.w.org\/{rel}","templated":true}]}}