{"id":663,"date":"2022-05-02T09:23:11","date_gmt":"2022-05-02T12:23:11","guid":{"rendered":"http:\/\/circuitosalta.com.ar\/?p=663"},"modified":"2022-05-02T09:23:14","modified_gmt":"2022-05-02T12:23:14","slug":"convocan-a-modelos-no-profesionales-para-promover-la-moda-y-diseno-de-formosa","status":"publish","type":"post","link":"https:\/\/circuitosalta.com.ar\/?p=663","title":{"rendered":"Convocan a modelos no profesionales para promover la moda y dise\u00f1o de Formosa"},"content":{"rendered":"\n<h5 class=\"has-white-color has-text-color has-background wp-block-heading\" style=\"background-color:#580117\">La coordinadora de Acci\u00f3n Social de la ciudad de Formosa\u00a0se\u00f1al\u00f3 que el evento denominado Formoda\u00a0busca visibilizar los talentos formose\u00f1os y que por eso realiz\u00f3 una\u00a0convocatoria \u00ababierta e inclusiva\u00bb\u00a0a todas las personas que quieran participar de los desfiles de moda.<\/h5>\n\n\n\n<p>La Municipalidad de la ciudad de Formosa realiz\u00f3 una<strong>&nbsp;convocatoria \u00ababierta e inclusiva\u00bb<\/strong>&nbsp;a todas las personas que quieran participar de los desfiles de moda y dise\u00f1o de las temporadas oto\u00f1o-invierno y primavera-verano que estar\u00e1n abiertos durante todo el a\u00f1o para \u201cpromover el trabajo de talentos locales del rubro\u201d que fue \u00abmuy castigado\u201d durante la pandemia.<\/p>\n\n\n\n<p>As\u00ed lo explic\u00f3 a T\u00e9lam la&nbsp;<strong>coordinadora de Acci\u00f3n Social de ese municipio, Paula Cattaneo<\/strong>, al se\u00f1alar que el evento denominado&nbsp;<strong>Formoda&nbsp;<\/strong>busca \u201cvisibilizar los<strong>&nbsp;talentos formose\u00f1os<\/strong>&nbsp;que son muchos y que a causa de la pandemia fueron muy castigados\u201d y que se convoc\u00f3 a la ciudadan\u00eda para que participen de los desfiles.<\/p>\n\n\n\n<p>\u00abSe realiz\u00f3 abierta e inclusiva para que un centenar de&nbsp;<strong>personas est\u00e9n desfilando el pr\u00f3ximo 11 de junio<\/strong>&nbsp;y, de acuerdo a sus caracter\u00edsticas, m\u00e1s de 20 dise\u00f1adores de capital e interior mostrar\u00e1n sus ropas y joyas de la temporada oto\u00f1o-invierno\u201d, agreg\u00f3.<\/p>\n\n\n\n<p>Cattaneo precis\u00f3 que en el evento \u201ctambi\u00e9n participar\u00e1n casas de modas de la ciudad capital\u201d.<\/p>\n\n\n\n<p>Entre los dise\u00f1adores que participar\u00e1n se encuentran Mart\u00edn Escobar, Ver\u00f3nica Romero e Ibis Kriebaum, algunos de ellos multi-premiados, de trascendencia nacional e internacional.<\/p>\n\n\n\n<figure class=\"wp-block-image\"><a href=\"javascript:void(0);\"><img decoding=\"async\" src=\"https:\/\/www.telam.com.ar\/thumbs\/bluesteel\/advf\/imagenes\/2022\/04\/626c2325cc4db_900.jpg\" alt=\"Formosa Inclusin Moda Formoda busca visibilizar los talentos formoseos que son muchos y que a causa de la pandemia fueron muy castigados\"\/><\/a><figcaption>Formosa. Inclusi\u00f3n Moda. Formoda busca \u201cvisibilizar los talentos formose\u00f1os que son muchos y que a causa de la pandemia fueron muy castigados\u201d.<\/figcaption><\/figure>\n\n\n\n<p>El&nbsp;<strong>dise\u00f1ador local Augusto Montoya<\/strong>&nbsp;destac\u00f3 la respuesta \u00abpositiva\u00bb de la convocatoria para participar de estos desfiles \u201csobre todo porque&nbsp;<strong>muchos no profesionales se animaron a presentarse<\/strong>, motivados por otros ya reconocidos, al igual que la presencia de&nbsp;<strong>nuevos creativos y creativas&nbsp;<\/strong>que se acercaron para as\u00ed ir armando el camino del dise\u00f1o formose\u00f1o\u201d.<\/p>\n\n\n\n<p>Resalt\u00f3 que el proyecto&nbsp;<strong>Formoda&nbsp;<\/strong>\u201ctiene como objetivo conformar una&nbsp;<strong>vidriera&nbsp;<\/strong>para que la gente vea la movida, conozca el trabajo de los dise\u00f1adores locales y los tenga como referencia\u00bb.<\/p>\n\n\n\n<p>\u00abApuntamos a que la parte del\u00a0<strong>sector privado siga creciendo en el rubro<\/strong>, ya que cada rama &#8211; dise\u00f1o, confecci\u00f3n, maquillaje, fotograf\u00eda y accesorios &#8211; es una fuente de trabajo, y\u00a0<strong>el prop\u00f3sito es conquistar a futuro una mayor cartera de clientes<\/strong>, como tambi\u00e9n mantener a los que ya est\u00e1n\u201d, afirm\u00f3.<\/p>\n\n\n\n<figure class=\"wp-block-image size-full\"><a href=\"https:\/\/www.telam.com.ar\/notas\/202204\/591070-modelos-no-profesionales-moda-y-diseno-de-formosa.html\" target=\"_blank\" rel=\"noopener\"><img fetchpriority=\"high\" decoding=\"async\" width=\"964\" height=\"96\" src=\"https:\/\/circuitosalta.com.ar\/wp-content\/uploads\/2022\/05\/Captura-web_6-4-2022_125922_www.telam_.com_.ar_.jpeg\" alt=\"\" class=\"wp-image-664\" srcset=\"https:\/\/circuitosalta.com.ar\/wp-content\/uploads\/2022\/05\/Captura-web_6-4-2022_125922_www.telam_.com_.ar_.jpeg 964w, https:\/\/circuitosalta.com.ar\/wp-content\/uploads\/2022\/05\/Captura-web_6-4-2022_125922_www.telam_.com_.ar_-300x30.jpeg 300w, https:\/\/circuitosalta.com.ar\/wp-content\/uploads\/2022\/05\/Captura-web_6-4-2022_125922_www.telam_.com_.ar_-768x76.jpeg 768w, https:\/\/circuitosalta.com.ar\/wp-content\/uploads\/2022\/05\/Captura-web_6-4-2022_125922_www.telam_.com_.ar_-696x69.jpeg 696w\" sizes=\"(max-width: 964px) 100vw, 964px\" \/><\/a><\/figure>\n\n\n\n<p><\/p>\n","protected":false},"excerpt":{"rendered":"<p>La coordinadora de Acci\u00f3n Social de la ciudad de Formosa\u00a0se\u00f1al\u00f3 que el evento denominado Formoda\u00a0busca visibilizar los talentos formose\u00f1os y que por eso realiz\u00f3 una\u00a0convocatoria \u00ababierta e inclusiva\u00bb\u00a0a todas las personas que quieran participar de los desfiles de moda. La Municipalidad de la ciudad de Formosa realiz\u00f3 una&nbsp;convocatoria \u00ababierta e inclusiva\u00bb&nbsp;a todas las personas que [&hellip;]<\/p>\n","protected":false},"author":2,"featured_media":665,"comment_status":"open","ping_status":"open","sticky":false,"template":"","format":"standard","meta":{"tdm_status":"","tdm_grid_status":"","footnotes":""},"categories":[26],"tags":[],"class_list":{"0":"post-663","1":"post","2":"type-post","3":"status-publish","4":"format-standard","5":"has-post-thumbnail","7":"category-culturales"},"_links":{"self":[{"href":"https:\/\/circuitosalta.com.ar\/index.php?rest_route=\/wp\/v2\/posts\/663"}],"collection":[{"href":"https:\/\/circuitosalta.com.ar\/index.php?rest_route=\/wp\/v2\/posts"}],"about":[{"href":"https:\/\/circuitosalta.com.ar\/index.php?rest_route=\/wp\/v2\/types\/post"}],"author":[{"embeddable":true,"href":"https:\/\/circuitosalta.com.ar\/index.php?rest_route=\/wp\/v2\/users\/2"}],"replies":[{"embeddable":true,"href":"https:\/\/circuitosalta.com.ar\/index.php?rest_route=%2Fwp%2Fv2%2Fcomments&post=663"}],"version-history":[{"count":1,"href":"https:\/\/circuitosalta.com.ar\/index.php?rest_route=\/wp\/v2\/posts\/663\/revisions"}],"predecessor-version":[{"id":666,"href":"https:\/\/circuitosalta.com.ar\/index.php?rest_route=\/wp\/v2\/posts\/663\/revisions\/666"}],"wp:featuredmedia":[{"embeddable":true,"href":"https:\/\/circuitosalta.com.ar\/index.php?rest_route=\/wp\/v2\/media\/665"}],"wp:attachment":[{"href":"https:\/\/circuitosalta.com.ar\/index.php?rest_route=%2Fwp%2Fv2%2Fmedia&parent=663"}],"wp:term":[{"taxonomy":"category","embeddable":true,"href":"https:\/\/circuitosalta.com.ar\/index.php?rest_route=%2Fwp%2Fv2%2Fcategories&post=663"},{"taxonomy":"post_tag","embeddable":true,"href":"https:\/\/circuitosalta.com.ar\/index.php?rest_route=%2Fwp%2Fv2%2Ftags&post=663"}],"curies":[{"name":"wp","href":"https:\/\/api.w.org\/{rel}","templated":true}]}}