{"id":692,"date":"2022-05-05T09:54:39","date_gmt":"2022-05-05T12:54:39","guid":{"rendered":"http:\/\/circuitosalta.com.ar\/?p=692"},"modified":"2022-05-05T10:59:03","modified_gmt":"2022-05-05T13:59:03","slug":"la-orden-del-camino-de-santiago-y-su-xxvi-capitulo-extraordinario-se-celebra-con-el-nombramiento-por-primera-vez-en-su-historia-de-mas-damas-que-caballeros-alcanzando-la","status":"publish","type":"post","link":"https:\/\/circuitosalta.com.ar\/?p=692","title":{"rendered":"La Orden del Camino de Santiago y su XXVI Cap\u00edtulo Extraordinario se celebra con el nombramiento por primera vez en su historia de m\u00e1s Damas que Caballeros, alcanzando la cifra de 1.405 miembros."},"content":{"rendered":"\n<p class=\"has-cyan-bluish-gray-color has-text-color has-background\" style=\"background-color:#69011b\"><em><strong>El Cap\u00edtulo se ha celebrado dentro del marco del II Congreso Internacional \u201cLa gastronom\u00eda<\/strong> <strong>en el Camino\u201d, inaugurado el d\u00eda 3 por el Director del Xacobeo y representantes del Cl\u00faster<\/strong> <strong>de Turismo de Galicia, RADIOTURISMO y la Orden del<\/strong><\/em><strong> <em>Camino de Santiago.<\/em><\/strong><\/p>\n\n\n\n<p class=\"has-drop-cap\">Se presentaron diversas experiencias enogastron\u00f3micas de los Caminos de Santiago as\u00ed como la promoci\u00f3n de productos del territorio y la alimentaci\u00f3n del Peregrino.<\/p>\n\n\n\n<p>En el Cap\u00edtulo Extraordinario se han incorporado nueve Damas y Caballeros procedentes de Cantabria, Arag\u00f3n, Madrid, Murcia y Andaluc\u00eda, adem\u00e1s de Galicia.<\/p>\n\n\n\n<p>Es de destacar la investidura de 6 damas y 3 Caballeros, con lo que se alcanza el n\u00famero de 1405 miembros en 35 pa\u00edses.<\/p>\n\n\n\n<p>La \u00faltima jornada ha tenido lugar en la localidad de Melide, con diversos actos institucionales y la visita al Bosque de los Peregrinos.<\/p>\n\n\n\n<p>Ha finalizado el congreso con la visita a una empresa especializada en la fabricaci\u00f3n de licores y vinos espumosos elaborados de un modo artesanal.<\/p>\n\n\n\n<p>La pr\u00f3xima cita de la Orden ser\u00e1 los d\u00edas 15,16 y 17 de Julio en Santiago de Compostela, con el Congreso Internacional sobre Peregrinaciones y el Capitulo General.<\/p>\n\n\n\n<figure class=\"wp-block-gallery has-nested-images columns-default is-cropped wp-block-gallery-1 is-layout-flex wp-block-gallery-is-layout-flex\">\n<figure class=\"wp-block-image size-large\"><img fetchpriority=\"high\" decoding=\"async\" width=\"1024\" height=\"768\" data-id=\"693\" src=\"https:\/\/circuitosalta.com.ar\/wp-content\/uploads\/2022\/05\/PHOTO-2022-05-04-22-58-43.jpg\" alt=\"\" class=\"wp-image-693\" srcset=\"https:\/\/circuitosalta.com.ar\/wp-content\/uploads\/2022\/05\/PHOTO-2022-05-04-22-58-43.jpg 1024w, https:\/\/circuitosalta.com.ar\/wp-content\/uploads\/2022\/05\/PHOTO-2022-05-04-22-58-43-300x225.jpg 300w, https:\/\/circuitosalta.com.ar\/wp-content\/uploads\/2022\/05\/PHOTO-2022-05-04-22-58-43-768x576.jpg 768w, https:\/\/circuitosalta.com.ar\/wp-content\/uploads\/2022\/05\/PHOTO-2022-05-04-22-58-43-696x522.jpg 696w, https:\/\/circuitosalta.com.ar\/wp-content\/uploads\/2022\/05\/PHOTO-2022-05-04-22-58-43-560x420.jpg 560w, https:\/\/circuitosalta.com.ar\/wp-content\/uploads\/2022\/05\/PHOTO-2022-05-04-22-58-43-80x60.jpg 80w, https:\/\/circuitosalta.com.ar\/wp-content\/uploads\/2022\/05\/PHOTO-2022-05-04-22-58-43-265x198.jpg 265w\" sizes=\"(max-width: 1024px) 100vw, 1024px\" \/><\/figure>\n\n\n\n<figure class=\"wp-block-image size-large\"><img decoding=\"async\" width=\"1024\" height=\"531\" data-id=\"694\" src=\"https:\/\/circuitosalta.com.ar\/wp-content\/uploads\/2022\/05\/PHOTO-2022-05-04-22-57-01-1024x531.jpg\" alt=\"\" class=\"wp-image-694\" srcset=\"https:\/\/circuitosalta.com.ar\/wp-content\/uploads\/2022\/05\/PHOTO-2022-05-04-22-57-01-1024x531.jpg 1024w, https:\/\/circuitosalta.com.ar\/wp-content\/uploads\/2022\/05\/PHOTO-2022-05-04-22-57-01-300x155.jpg 300w, https:\/\/circuitosalta.com.ar\/wp-content\/uploads\/2022\/05\/PHOTO-2022-05-04-22-57-01-768x398.jpg 768w, https:\/\/circuitosalta.com.ar\/wp-content\/uploads\/2022\/05\/PHOTO-2022-05-04-22-57-01-1536x796.jpg 1536w, https:\/\/circuitosalta.com.ar\/wp-content\/uploads\/2022\/05\/PHOTO-2022-05-04-22-57-01-696x361.jpg 696w, https:\/\/circuitosalta.com.ar\/wp-content\/uploads\/2022\/05\/PHOTO-2022-05-04-22-57-01-1068x553.jpg 1068w, https:\/\/circuitosalta.com.ar\/wp-content\/uploads\/2022\/05\/PHOTO-2022-05-04-22-57-01-1920x995.jpg 1920w, https:\/\/circuitosalta.com.ar\/wp-content\/uploads\/2022\/05\/PHOTO-2022-05-04-22-57-01-811x420.jpg 811w, https:\/\/circuitosalta.com.ar\/wp-content\/uploads\/2022\/05\/PHOTO-2022-05-04-22-57-01.jpg 2044w\" sizes=\"(max-width: 1024px) 100vw, 1024px\" \/><\/figure>\n\n\n\n<figure class=\"wp-block-image size-large\"><img decoding=\"async\" width=\"1024\" height=\"382\" data-id=\"695\" src=\"https:\/\/circuitosalta.com.ar\/wp-content\/uploads\/2022\/05\/PHOTO-2022-05-04-22-57-01-2-1024x382.jpg\" alt=\"\" class=\"wp-image-695\" srcset=\"https:\/\/circuitosalta.com.ar\/wp-content\/uploads\/2022\/05\/PHOTO-2022-05-04-22-57-01-2-1024x382.jpg 1024w, https:\/\/circuitosalta.com.ar\/wp-content\/uploads\/2022\/05\/PHOTO-2022-05-04-22-57-01-2-300x112.jpg 300w, https:\/\/circuitosalta.com.ar\/wp-content\/uploads\/2022\/05\/PHOTO-2022-05-04-22-57-01-2-768x286.jpg 768w, https:\/\/circuitosalta.com.ar\/wp-content\/uploads\/2022\/05\/PHOTO-2022-05-04-22-57-01-2-1536x572.jpg 1536w, https:\/\/circuitosalta.com.ar\/wp-content\/uploads\/2022\/05\/PHOTO-2022-05-04-22-57-01-2-696x259.jpg 696w, https:\/\/circuitosalta.com.ar\/wp-content\/uploads\/2022\/05\/PHOTO-2022-05-04-22-57-01-2-1068x398.jpg 1068w, https:\/\/circuitosalta.com.ar\/wp-content\/uploads\/2022\/05\/PHOTO-2022-05-04-22-57-01-2-1920x715.jpg 1920w, https:\/\/circuitosalta.com.ar\/wp-content\/uploads\/2022\/05\/PHOTO-2022-05-04-22-57-01-2-1127x420.jpg 1127w, https:\/\/circuitosalta.com.ar\/wp-content\/uploads\/2022\/05\/PHOTO-2022-05-04-22-57-01-2.jpg 2048w\" sizes=\"(max-width: 1024px) 100vw, 1024px\" \/><\/figure>\n<\/figure>\n","protected":false},"excerpt":{"rendered":"<p>El Cap\u00edtulo se ha celebrado dentro del marco del II Congreso Internacional \u201cLa gastronom\u00eda en el Camino\u201d, inaugurado el d\u00eda 3 por el Director del Xacobeo y representantes del Cl\u00faster de Turismo de Galicia, RADIOTURISMO y la Orden del Camino de Santiago. Se presentaron diversas experiencias enogastron\u00f3micas de los Caminos de Santiago as\u00ed como la [&hellip;]<\/p>\n","protected":false},"author":2,"featured_media":693,"comment_status":"open","ping_status":"open","sticky":false,"template":"","format":"standard","meta":{"tdm_status":"","tdm_grid_status":"","footnotes":""},"categories":[18],"tags":[],"class_list":{"0":"post-692","1":"post","2":"type-post","3":"status-publish","4":"format-standard","5":"has-post-thumbnail","7":"category-rutas-y-caminos"},"_links":{"self":[{"href":"https:\/\/circuitosalta.com.ar\/index.php?rest_route=\/wp\/v2\/posts\/692"}],"collection":[{"href":"https:\/\/circuitosalta.com.ar\/index.php?rest_route=\/wp\/v2\/posts"}],"about":[{"href":"https:\/\/circuitosalta.com.ar\/index.php?rest_route=\/wp\/v2\/types\/post"}],"author":[{"embeddable":true,"href":"https:\/\/circuitosalta.com.ar\/index.php?rest_route=\/wp\/v2\/users\/2"}],"replies":[{"embeddable":true,"href":"https:\/\/circuitosalta.com.ar\/index.php?rest_route=%2Fwp%2Fv2%2Fcomments&post=692"}],"version-history":[{"count":2,"href":"https:\/\/circuitosalta.com.ar\/index.php?rest_route=\/wp\/v2\/posts\/692\/revisions"}],"predecessor-version":[{"id":697,"href":"https:\/\/circuitosalta.com.ar\/index.php?rest_route=\/wp\/v2\/posts\/692\/revisions\/697"}],"wp:featuredmedia":[{"embeddable":true,"href":"https:\/\/circuitosalta.com.ar\/index.php?rest_route=\/wp\/v2\/media\/693"}],"wp:attachment":[{"href":"https:\/\/circuitosalta.com.ar\/index.php?rest_route=%2Fwp%2Fv2%2Fmedia&parent=692"}],"wp:term":[{"taxonomy":"category","embeddable":true,"href":"https:\/\/circuitosalta.com.ar\/index.php?rest_route=%2Fwp%2Fv2%2Fcategories&post=692"},{"taxonomy":"post_tag","embeddable":true,"href":"https:\/\/circuitosalta.com.ar\/index.php?rest_route=%2Fwp%2Fv2%2Ftags&post=692"}],"curies":[{"name":"wp","href":"https:\/\/api.w.org\/{rel}","templated":true}]}}