{"id":698,"date":"2022-05-06T11:05:34","date_gmt":"2022-05-06T14:05:34","guid":{"rendered":"http:\/\/circuitosalta.com.ar\/?p=698"},"modified":"2022-05-06T11:05:37","modified_gmt":"2022-05-06T14:05:37","slug":"comenzaron-los-cursos-para-titulares-del-programa-potenciar-trabajo","status":"publish","type":"post","link":"https:\/\/circuitosalta.com.ar\/?p=698","title":{"rendered":"Comenzaron los cursos para titulares del programa \u00abPotenciar Trabajo\u00bb"},"content":{"rendered":"\n<h3 class=\"has-cyan-bluish-gray-color has-vivid-cyan-blue-background-color has-text-color has-background wp-block-heading\">Con el fin de promover nuevas incorporaciones al empleo registrado del sector gastron\u00f3mico y hotelero.<\/h3>\n\n\n\n<p>En el marco del programa \u201c<strong>Potenciar Trabajo<\/strong>\u201d, se llev\u00f3 adelante la primera de las&nbsp;<strong>capacitaciones que permitir\u00e1n trabajar y fortalecer contenidos vinculados a los conocimientos b\u00e1sicos de la industria hotelera y gastron\u00f3mica<\/strong>, como tambi\u00e9n al desarrollo de habilidades housekeeping y seguridad e higiene.<\/p>\n\n\n\n<p>Esta es una iniciativa destinada a los titulares del programa en el sector gastron\u00f3mico y hotelero, y surgi\u00f3 a trav\u00e9s del trabajo articulado entre la&nbsp;<strong>Asociaci\u00f3n de Hoteles, Restaurantes, Confiter\u00edas y Caf\u00e9s (AHRCC); la Federaci\u00f3n Empresaria Hotelera Gastron\u00f3mica de la Rep\u00fablica Argentina (FEHGRA); los Ministerios de Turismo y Deportes, Desarrollo Social y&nbsp;Trabajo, Empleo y Seguridad Social<\/strong>.<\/p>\n\n\n\n<p>En el evento estuvieron presentes la subsecretaria de Calidad, Accesibilidad y Sustentabilidad del Turismo Nacional,&nbsp;<strong>In\u00e9s Albergucci<\/strong>; el titular del programa nacional de Inclusi\u00f3n Socio-Productiva y Desarrollo Local \u201cPotenciar Trabajo\u201d,&nbsp;<strong>Pablo Pais<\/strong>; la secretaria de la Asociaci\u00f3n Hoteles, Restaurantes, Confiter\u00edas y Caf\u00e9s (AHRCC),&nbsp;<strong>Anal\u00eda Toccalino<\/strong>; el gerente del mismo organismo,&nbsp;<strong>Gabriel Bianchi<\/strong>; y el rector del Instituto Superior de Ense\u00f1anza Hotelero-Gastron\u00f3mica,&nbsp;<strong>Fabi\u00e1n Pereira<\/strong>.<\/p>\n\n\n\n<p>\u201c<em>Estamos muy contentos de poder iniciar esta actividad y agradecemos a la FEHGRA que nunca dud\u00f3 para disponer de sus equipos y recursos con el fin que podamos generar este espacio de formaci\u00f3n y ustedes puedan aprovechar de esta excelente oportunidad<\/em>\u201d, sostuvo\u00a0<strong>Albergucci<\/strong>, quien adem\u00e1s hizo referencia a la relevancia de estos cursos en las nuevas incorporaciones al empleo registrado y afirm\u00f3 que \u201c<em>van a complementar y ayudar a que el sector tur\u00edstico, hotelero y gastron\u00f3mico contin\u00fae creciendo<\/em>\u201d.<\/p>\n\n\n\n<figure class=\"wp-block-image size-large\"><img decoding=\"async\" src=\"https:\/\/www.argentina.gob.ar\/sites\/default\/files\/whatsapp_image_2022-05-05_at_12.59.37_pm.jpeg\" alt=\"\"\/><\/figure>\n\n\n\n<p>Las capacitaciones continuar\u00e1n durante los pr\u00f3ximos d\u00edas, de manera presencial y con una duraci\u00f3n de 3 horas, en el ISEHG. Cabe destacar que en ese espacio educativo se otorgar\u00e1 una serie de herramientas y recursos b\u00e1sicos para la formaci\u00f3n de diferentes competencias, lo que permitir\u00e1 ampliar la oferta de diferentes perfiles para el sector.<\/p>\n\n\n\n<p>De este modo, contin\u00faa el acompa\u00f1amiento a un sector estrat\u00e9gico en la reactivaci\u00f3n del pa\u00eds, generando nuevas oportunidades, impulsando la formalidad y promoviendo la inclusi\u00f3n social plena para personas que se encuentren en situaci\u00f3n de vulnerabilidad social y econ\u00f3mica.<\/p>\n\n\n\n<p>Informes:&nbsp;potenciarturismo@turismo.gob.ar<\/p>\n\n\n\n<p><a href=\"https:\/\/forms.office.com\/pages\/responsepage.aspx?id=KtTi3IYCIkiva4wAgbak1tm3bamEof9BngDj9PBbkqdUNVlaOExCUUE0MENROERVV0tQODhHQllEVi4u\" target=\"_blank\" rel=\"noreferrer noopener\">Formulario para empresas de solicitud de puestos a cubrir<\/a><\/p>\n\n\n\n<figure class=\"wp-block-image size-full is-style-rounded\"><a href=\"https:\/\/www.argentina.gob.ar\/noticias\/comenzaron-los-cursos-para-titulares-del-programa-potenciar-trabajo\" target=\"_blank\" rel=\"noopener\"><img fetchpriority=\"high\" decoding=\"async\" width=\"779\" height=\"142\" src=\"https:\/\/circuitosalta.com.ar\/wp-content\/uploads\/2022\/05\/779x142-1-1.png\" alt=\"\" class=\"wp-image-699\" srcset=\"https:\/\/circuitosalta.com.ar\/wp-content\/uploads\/2022\/05\/779x142-1-1.png 779w, https:\/\/circuitosalta.com.ar\/wp-content\/uploads\/2022\/05\/779x142-1-1-300x55.png 300w, https:\/\/circuitosalta.com.ar\/wp-content\/uploads\/2022\/05\/779x142-1-1-768x140.png 768w, https:\/\/circuitosalta.com.ar\/wp-content\/uploads\/2022\/05\/779x142-1-1-696x127.png 696w\" sizes=\"(max-width: 779px) 100vw, 779px\" \/><\/a><\/figure>\n","protected":false},"excerpt":{"rendered":"<p>Con el fin de promover nuevas incorporaciones al empleo registrado del sector gastron\u00f3mico y hotelero. En el marco del programa \u201cPotenciar Trabajo\u201d, se llev\u00f3 adelante la primera de las&nbsp;capacitaciones que permitir\u00e1n trabajar y fortalecer contenidos vinculados a los conocimientos b\u00e1sicos de la industria hotelera y gastron\u00f3mica, como tambi\u00e9n al desarrollo de habilidades housekeeping y seguridad [&hellip;]<\/p>\n","protected":false},"author":2,"featured_media":700,"comment_status":"open","ping_status":"open","sticky":false,"template":"","format":"standard","meta":{"tdm_status":"","tdm_grid_status":"","footnotes":""},"categories":[20],"tags":[],"class_list":{"0":"post-698","1":"post","2":"type-post","3":"status-publish","4":"format-standard","5":"has-post-thumbnail","7":"category-empresas"},"_links":{"self":[{"href":"https:\/\/circuitosalta.com.ar\/index.php?rest_route=\/wp\/v2\/posts\/698"}],"collection":[{"href":"https:\/\/circuitosalta.com.ar\/index.php?rest_route=\/wp\/v2\/posts"}],"about":[{"href":"https:\/\/circuitosalta.com.ar\/index.php?rest_route=\/wp\/v2\/types\/post"}],"author":[{"embeddable":true,"href":"https:\/\/circuitosalta.com.ar\/index.php?rest_route=\/wp\/v2\/users\/2"}],"replies":[{"embeddable":true,"href":"https:\/\/circuitosalta.com.ar\/index.php?rest_route=%2Fwp%2Fv2%2Fcomments&post=698"}],"version-history":[{"count":1,"href":"https:\/\/circuitosalta.com.ar\/index.php?rest_route=\/wp\/v2\/posts\/698\/revisions"}],"predecessor-version":[{"id":701,"href":"https:\/\/circuitosalta.com.ar\/index.php?rest_route=\/wp\/v2\/posts\/698\/revisions\/701"}],"wp:featuredmedia":[{"embeddable":true,"href":"https:\/\/circuitosalta.com.ar\/index.php?rest_route=\/wp\/v2\/media\/700"}],"wp:attachment":[{"href":"https:\/\/circuitosalta.com.ar\/index.php?rest_route=%2Fwp%2Fv2%2Fmedia&parent=698"}],"wp:term":[{"taxonomy":"category","embeddable":true,"href":"https:\/\/circuitosalta.com.ar\/index.php?rest_route=%2Fwp%2Fv2%2Fcategories&post=698"},{"taxonomy":"post_tag","embeddable":true,"href":"https:\/\/circuitosalta.com.ar\/index.php?rest_route=%2Fwp%2Fv2%2Ftags&post=698"}],"curies":[{"name":"wp","href":"https:\/\/api.w.org\/{rel}","templated":true}]}}