{"id":702,"date":"2022-05-06T11:10:26","date_gmt":"2022-05-06T14:10:26","guid":{"rendered":"http:\/\/circuitosalta.com.ar\/?p=702"},"modified":"2022-05-06T11:10:29","modified_gmt":"2022-05-06T14:10:29","slug":"lammens-en-el-calafate-la-recuperacion-del-turismo-receptivo-esta-en-marcha","status":"publish","type":"post","link":"https:\/\/circuitosalta.com.ar\/?p=702","title":{"rendered":"Lammens en El Calafate: \u00abLa recuperaci\u00f3n del turismo receptivo est\u00e1 en marcha\u00bb"},"content":{"rendered":"\n<h4 class=\"has-vivid-cyan-blue-background-color has-text-color has-background wp-block-heading\" style=\"color:#39393a\">Exposici\u00f3n en el 47\u00aa Congreso de FAEVYT y en la 158\u00aa Asamblea del CFT.<\/h4>\n\n\n\n<p>Con la presencia del ministro de Turismo y Deportes de la Naci\u00f3n, Mat\u00edas Lammens, y la gobernadora de la provincia de Santa Cruz, Alicia Kirchner, se inaugur\u00f3 el 47\u00b0 Congreso de Agentes de Viajes de la Federaci\u00f3n Argentina de Asociaciones de Empresas de Viajes y Turismo (FAEVYT) en la ciudad de El Calafate. Previamente, se llev\u00f3 adelante la 158\u00b0 Asamblea del Consejo Federal de Turismo (CFT), con la participaci\u00f3n de autoridades provinciales del sector<\/p>\n\n\n\n<p>En este sentido, el ministro Lammens asegur\u00f3: \u201cLos desaf\u00edos se renuevan: ahora es la recuperaci\u00f3n del turismo receptivo, una de las grandes apuestas de este Gobierno. Estamos trabajando para agregar rutas a\u00e9reas y frecuencias que promuevan la llegada de turistas extranjeros durante todo el a\u00f1o\u201d.<\/p>\n\n\n\n<p>La gobernadora Kirchner sostuvo: \u201cPoder realizar este Congreso es muy importante para nosotros. Santa Cruz es una tierra de oportunidades y tenemos ganas de impulsar otros atractivos porque nuestra provincia tiene una riqueza tur\u00edstica incre\u00edble para desarrollar\u201d.<\/p>\n\n\n\n<p>La secretaria de Promoci\u00f3n Tur\u00edstica, Yanina Mart\u00ednez; el presidente del CFT, Sebasti\u00e1n Giobellina; el titular de la C\u00e1mara Argentina de Turismo (CAT) y presidente de FAEVYT, Gustavo Hani; la ministra de Producci\u00f3n, Comercio e Industria santacruce\u00f1a, Silvina C\u00f3rdoba; y el secretario de Estado de Turismo de la provincia, Pablo Godoy, tambi\u00e9n estuvieron en la Asamblea, donde hubo exposiciones sobre Desarrollo, Calidad, INPROTUR y Aerol\u00edneas Argentinas, entre otros.<\/p>\n\n\n\n<p>Asimismo, la secretaria Mart\u00ednez afirm\u00f3: \u201cTenemos un turismo en marcha con una agenda intensa, que implica la reactivaci\u00f3n en todas las provincias y destinos. Queremos que el turismo sea sostenible, cuidando los lugares y trabajando con alianzas estrat\u00e9gicas entre el sector p\u00fablico y privado\u201d.<\/p>\n\n\n\n<p>\u201cLa Asamblea es un espacio para discutir, proponer y consensuar para el crecimiento de nuestra actividad. Trabajamos como equipo para abordar las problem\u00e1ticas de algunos segmentos y traducimos eso en una agenda de trabajo con acciones concretas\u201d, asever\u00f3 Giobellina a su turno, mientras que Hani agradeci\u00f3 por \u00abel apoyo que significa haber hecho la reuni\u00f3n del CFT en simult\u00e1neo con el Congreso, que super\u00f3 las expectativas con m\u00e1s de 1200 inscriptos\u201d.<\/p>\n\n\n\n<p>Por otra parte, el 47\u00b0 Congreso de Agentes de Viajes, que finalizar\u00e1 ma\u00f1ana, es un evento anual que nuclea a toda la industria tur\u00edstica y brinda conferencias, talleres, seminarios y paneles a cargo de especialistas del sector y de invitados de otros rubros.<\/p>\n\n\n\n<figure class=\"wp-block-image size-full is-style-rounded\"><a href=\"https:\/\/www.argentina.gob.ar\/noticias\/lammens-en-el-calafate-la-recuperacion-del-turismo-receptivo-esta-en-marcha\" target=\"_blank\" rel=\"noopener\"><img fetchpriority=\"high\" decoding=\"async\" width=\"779\" height=\"142\" src=\"https:\/\/circuitosalta.com.ar\/wp-content\/uploads\/2022\/05\/779x142-1-1.png\" alt=\"\" class=\"wp-image-699\" srcset=\"https:\/\/circuitosalta.com.ar\/wp-content\/uploads\/2022\/05\/779x142-1-1.png 779w, https:\/\/circuitosalta.com.ar\/wp-content\/uploads\/2022\/05\/779x142-1-1-300x55.png 300w, https:\/\/circuitosalta.com.ar\/wp-content\/uploads\/2022\/05\/779x142-1-1-768x140.png 768w, https:\/\/circuitosalta.com.ar\/wp-content\/uploads\/2022\/05\/779x142-1-1-696x127.png 696w\" sizes=\"(max-width: 779px) 100vw, 779px\" \/><\/a><\/figure>\n","protected":false},"excerpt":{"rendered":"<p>Exposici\u00f3n en el 47\u00aa Congreso de FAEVYT y en la 158\u00aa Asamblea del CFT. Con la presencia del ministro de Turismo y Deportes de la Naci\u00f3n, Mat\u00edas Lammens, y la gobernadora de la provincia de Santa Cruz, Alicia Kirchner, se inaugur\u00f3 el 47\u00b0 Congreso de Agentes de Viajes de la Federaci\u00f3n Argentina de Asociaciones de [&hellip;]<\/p>\n","protected":false},"author":2,"featured_media":703,"comment_status":"open","ping_status":"open","sticky":false,"template":"","format":"standard","meta":{"tdm_status":"","tdm_grid_status":"","footnotes":""},"categories":[16],"tags":[],"class_list":{"0":"post-702","1":"post","2":"type-post","3":"status-publish","4":"format-standard","5":"has-post-thumbnail","7":"category-ferias-y-congresos"},"_links":{"self":[{"href":"https:\/\/circuitosalta.com.ar\/index.php?rest_route=\/wp\/v2\/posts\/702"}],"collection":[{"href":"https:\/\/circuitosalta.com.ar\/index.php?rest_route=\/wp\/v2\/posts"}],"about":[{"href":"https:\/\/circuitosalta.com.ar\/index.php?rest_route=\/wp\/v2\/types\/post"}],"author":[{"embeddable":true,"href":"https:\/\/circuitosalta.com.ar\/index.php?rest_route=\/wp\/v2\/users\/2"}],"replies":[{"embeddable":true,"href":"https:\/\/circuitosalta.com.ar\/index.php?rest_route=%2Fwp%2Fv2%2Fcomments&post=702"}],"version-history":[{"count":1,"href":"https:\/\/circuitosalta.com.ar\/index.php?rest_route=\/wp\/v2\/posts\/702\/revisions"}],"predecessor-version":[{"id":704,"href":"https:\/\/circuitosalta.com.ar\/index.php?rest_route=\/wp\/v2\/posts\/702\/revisions\/704"}],"wp:featuredmedia":[{"embeddable":true,"href":"https:\/\/circuitosalta.com.ar\/index.php?rest_route=\/wp\/v2\/media\/703"}],"wp:attachment":[{"href":"https:\/\/circuitosalta.com.ar\/index.php?rest_route=%2Fwp%2Fv2%2Fmedia&parent=702"}],"wp:term":[{"taxonomy":"category","embeddable":true,"href":"https:\/\/circuitosalta.com.ar\/index.php?rest_route=%2Fwp%2Fv2%2Fcategories&post=702"},{"taxonomy":"post_tag","embeddable":true,"href":"https:\/\/circuitosalta.com.ar\/index.php?rest_route=%2Fwp%2Fv2%2Ftags&post=702"}],"curies":[{"name":"wp","href":"https:\/\/api.w.org\/{rel}","templated":true}]}}