{"id":705,"date":"2022-05-06T11:27:13","date_gmt":"2022-05-06T14:27:13","guid":{"rendered":"http:\/\/circuitosalta.com.ar\/?p=705"},"modified":"2022-05-06T11:27:15","modified_gmt":"2022-05-06T14:27:15","slug":"salta-suma-alianzas-estrategicas-con-agencias-de-viaje-de-brasil","status":"publish","type":"post","link":"https:\/\/circuitosalta.com.ar\/?p=705","title":{"rendered":"Salta suma alianzas estrat\u00e9gicas con agencias de viaje de Brasil"},"content":{"rendered":"\n<h4 class=\"has-cyan-bluish-gray-color has-text-color has-background wp-block-heading\" style=\"background-color:#62021a\">El mercado brasilero, entre las principales econom\u00edas del mundo, es clave en la estrategia comercial y promocional de Salta.<\/h4>\n\n\n\n<p>Agentes de viajes de Brasil interesados en incluir en su cartera de comercializaci\u00f3n de destinos a Salta, arribaron a la provincia para conocer la oferta de inter\u00e9s para el turista de ese pa\u00eds. La Ruta del Vino m\u00e1s alta del mundo, el Tren a las Nubes, los paisajes \u00fanicos y diversos con servicios de excelencia son los puntos de inter\u00e9s. &nbsp;&nbsp;<\/p>\n\n\n\n<p>Representantes de las empresas FLOT, Orinter, Diversa, Nova, TGK, Agaxtur, Ambiental, Terramundi, CVC, m\u00e1s dos medios de prensa de ese pa\u00eds est\u00e1n en la provincia en una acci\u00f3n colaborativa del Gobierno de Salta con Aerol\u00edneas Argentinas e Inprotur Naci\u00f3n.<\/p>\n\n\n\n<p>La secretaria de Turismo&nbsp;<strong>Nadia Loza&nbsp;<\/strong>y la directora ejecutiva de Inprotur Salta,&nbsp;<strong>Mar\u00eda Eugenia Cornejo<\/strong>&nbsp;recibieron a la delegaci\u00f3n de corporativos de agencias que en los pr\u00f3ximos d\u00edas recorrer\u00e1n puntos tur\u00edsticos de la provincia.<\/p>\n\n\n\n<p>\u201cSeguimos fortaleciendo la cadena de valor tur\u00edstica en el marco de una decisi\u00f3n pol\u00edtica del gobernador G<strong>ustavo S\u00e1enz&nbsp;<\/strong>de que esta actividad tenga una mirada federal y sea una gran generadora de empleo en toda la provincia\u201d, se\u00f1al\u00f3 la secretaria Nadia Loza, quien adem\u00e1s en el encuentro resumi\u00f3 a los agentes de viaje la gran diversidad de productos que encontrar\u00e1n en Salta.<\/p>\n\n\n\n<p>El trabajo que desarrolla el Ministerio de Turismo, a trav\u00e9s de su \u00e1rea de promoci\u00f3n y comercializaci\u00f3n internacional (Inprotur Salta), responde a una estrategia integral vinculada a la conexi\u00f3n a\u00e9rea que Salta tendr\u00e1 desde julio con la ciudad de San Pablo, el centro urbano m\u00e1s grande de Latinoam\u00e9rica. &nbsp;&nbsp;<\/p>\n\n\n\n<p>Tambi\u00e9n participaron en la recepci\u00f3n, referentes del sector privado de Salta favoreciendo el v\u00ednculo estrat\u00e9gico entre los dos sectores. Estuvieron presentes, Mariana Farjat, presidente de la AHT; Jonathan Kira, representante de la C\u00e1mara Hotelera Gastron\u00f3mica y Afines; Federico Ochoa, titular de ADOPTA, Camila Norte&nbsp; de la ASAT y Marcela Ruiz Salta de Convention &amp; Visitors Bureau.<\/p>\n\n\n\n<hr class=\"wp-block-separator\"\/>\n\n\n\n<p>Fuente:\u00a0<strong><a href=\"https:\/\/www.salta.gob.ar\/prensa\/noticias\/salta-suma-alianzas-estrategicas-con-agencias-de-viaje-de-brasil-82213\" target=\"_blank\" rel=\"noreferrer noopener\">Secretar\u00eda de Prensa y Comunicaci\u00f3n<\/a><\/strong><\/p>\n","protected":false},"excerpt":{"rendered":"<p>El mercado brasilero, entre las principales econom\u00edas del mundo, es clave en la estrategia comercial y promocional de Salta. Agentes de viajes de Brasil interesados en incluir en su cartera de comercializaci\u00f3n de destinos a Salta, arribaron a la provincia para conocer la oferta de inter\u00e9s para el turista de ese pa\u00eds. La Ruta del [&hellip;]<\/p>\n","protected":false},"author":2,"featured_media":706,"comment_status":"open","ping_status":"open","sticky":false,"template":"","format":"standard","meta":{"tdm_status":"","tdm_grid_status":"","footnotes":""},"categories":[20],"tags":[],"class_list":{"0":"post-705","1":"post","2":"type-post","3":"status-publish","4":"format-standard","5":"has-post-thumbnail","7":"category-empresas"},"_links":{"self":[{"href":"https:\/\/circuitosalta.com.ar\/index.php?rest_route=\/wp\/v2\/posts\/705"}],"collection":[{"href":"https:\/\/circuitosalta.com.ar\/index.php?rest_route=\/wp\/v2\/posts"}],"about":[{"href":"https:\/\/circuitosalta.com.ar\/index.php?rest_route=\/wp\/v2\/types\/post"}],"author":[{"embeddable":true,"href":"https:\/\/circuitosalta.com.ar\/index.php?rest_route=\/wp\/v2\/users\/2"}],"replies":[{"embeddable":true,"href":"https:\/\/circuitosalta.com.ar\/index.php?rest_route=%2Fwp%2Fv2%2Fcomments&post=705"}],"version-history":[{"count":1,"href":"https:\/\/circuitosalta.com.ar\/index.php?rest_route=\/wp\/v2\/posts\/705\/revisions"}],"predecessor-version":[{"id":707,"href":"https:\/\/circuitosalta.com.ar\/index.php?rest_route=\/wp\/v2\/posts\/705\/revisions\/707"}],"wp:featuredmedia":[{"embeddable":true,"href":"https:\/\/circuitosalta.com.ar\/index.php?rest_route=\/wp\/v2\/media\/706"}],"wp:attachment":[{"href":"https:\/\/circuitosalta.com.ar\/index.php?rest_route=%2Fwp%2Fv2%2Fmedia&parent=705"}],"wp:term":[{"taxonomy":"category","embeddable":true,"href":"https:\/\/circuitosalta.com.ar\/index.php?rest_route=%2Fwp%2Fv2%2Fcategories&post=705"},{"taxonomy":"post_tag","embeddable":true,"href":"https:\/\/circuitosalta.com.ar\/index.php?rest_route=%2Fwp%2Fv2%2Ftags&post=705"}],"curies":[{"name":"wp","href":"https:\/\/api.w.org\/{rel}","templated":true}]}}