{"id":708,"date":"2022-05-06T21:28:55","date_gmt":"2022-05-07T00:28:55","guid":{"rendered":"http:\/\/circuitosalta.com.ar\/?p=708"},"modified":"2022-05-06T21:28:58","modified_gmt":"2022-05-07T00:28:58","slug":"la-banda-de-musica-de-la-municipalidad-cumple-36-anos","status":"publish","type":"post","link":"https:\/\/circuitosalta.com.ar\/?p=708","title":{"rendered":"La Banda de M\u00fasica de la Municipalidad cumple 36 a\u00f1os"},"content":{"rendered":"\n<p><strong>Fue creada en 1986 por Ordenanza N\u00b0 5416. En la actualidad, la agrupaci\u00f3n cuenta con 30 miembros. En mayo actuar\u00e1 en diversos escenarios ofreciendo un variado repertorio.<\/strong><\/p>\n\n\n\n<p>La Municipalidad de la ciudad de Salta, a trav\u00e9s de la Secretar\u00eda de Cultura y Turismo, celebra&nbsp;las&nbsp;bodas de s\u00edlex de la Banda de m\u00fasica \u201c25 de Mayo\u201d.<\/p>\n\n\n\n<p>Creada por Ordenanza 5416 en el a\u00f1o&nbsp;1986, se toma como fecha de nacimiento el 25 de mayo por su \u201cdebut\u201d en el acto realizado en La Florida 62, en aquel entonces sede de la Municipalidad capitalina, y su participaci\u00f3n m\u00e1s&nbsp;tarde ese mismo d\u00eda, en la plaza&nbsp;9 de Julio, en el desfile c\u00edvico militar. Por ese motivo tom\u00f3 el nombre de banda \u201c25 de Mayo\u201d.<\/p>\n\n\n\n<p>El mentor de su creaci\u00f3n&nbsp;fue Carlos Funes, jefe del Departamento de M\u00fasica en 1986, cargo que hoy es desempe\u00f1ado por Carlos Barcatt.<\/p>\n\n\n\n<p>El primer&nbsp;director&nbsp;fue el maestro Rolando Edmundo Amante, le siguieron los maestros Normando Chauque, Mario Olivera, Miguel Gorriti y Omar Cabana, quien se desempe\u00f1a hasta la actualidad y ahora junto al maestro Sergio Altamirano. El jefe director de Departamento Banda Municipal es el maestro Carlos Barcatt.<\/p>\n\n\n\n<p>La banda \u201c25 de Mayo\u201d cuenta con&nbsp;30 integrantes y participa activamente junto a los vecinos principalmente en fechas patrias en distintos barrios, adem\u00e1s en actos oficiales e institucionales, acompa\u00f1a al intendente correspondiente en funci\u00f3n y es&nbsp;embajadora de la ciudad en actividades fuera del ejido urbano capitalino.<\/p>\n\n\n\n<p>Su repertorio es amplio compuesto por marchas oficiales y temas variados latinoamericanos y populares.<\/p>\n\n\n\n<p>Sus pr\u00f3ximas presentaciones ser\u00e1n las siguientes:<\/p>\n\n\n\n<p><strong>S\u00e1bado 7 de Mayo<\/strong><\/p>\n\n\n\n<p>Hs 10<\/p>\n\n\n\n<p>D\u00eda del Taxista<\/p>\n\n\n\n<p>Lugar: Plaza 7 de mayo Barrio Parque Belgrano<\/p>\n\n\n\n<p><strong>Domingo 8 de Mayo&nbsp;<\/strong><\/p>\n\n\n\n<p>Hs.10<br>Independencia de Israel<\/p>\n\n\n\n<p>Lugar: Parque San Mart\u00edn<\/p>\n\n\n\n<p><strong>Lunes 9 de Mayo<\/strong><\/p>\n\n\n\n<p>Hs 10<\/p>\n\n\n\n<p>Esc. Dr Ricardo Joaqu\u00edn Durand- Aniversario<\/p>\n\n\n\n<p>Lugar: Barrio San Ignacio<\/p>\n\n\n\n<p><strong>Mi\u00e9rcoles 11 de Mayo<\/strong><\/p>\n\n\n\n<p>Hs 11<\/p>\n\n\n\n<p>D\u00eda del Himno<\/p>\n\n\n\n<p>Lugar: Plaza 9 de Julio<\/p>\n\n\n\n<p><strong>Martes 24 de Mayo<\/strong><\/p>\n\n\n\n<p>Acto acad\u00e9mico del&nbsp;Colegio 521<\/p>\n\n\n\n<p>Lugar:&nbsp;Ciudad del Milagro<\/p>\n\n\n\n<p><strong>Mi\u00e9rcoles 25 de Mayo<\/strong><\/p>\n\n\n\n<p>Desfile y Acto Conmemorativo<\/p>\n\n\n\n<p>Lugar: Barrio 25 de Mayo<\/p>\n\n\n\n<p><strong>Jueves 26 de Mayo<\/strong><\/p>\n\n\n\n<p>Hs 10.30 Apertura del Congreso de Estudiantes de Turismo<\/p>\n\n\n\n<p>Lugar: Centro de Convenciones<\/p>\n\n\n\n<p><strong>Lunes 30 de mayo<\/strong><\/p>\n\n\n\n<p>Hs 11<\/p>\n\n\n\n<p>D\u00eda del Folklore. Retreta<\/p>\n\n\n\n<p>Lugar: Plaza 9 de julio<\/p>\n\n\n\n<figure class=\"wp-block-gallery has-nested-images columns-default is-cropped wp-block-gallery-1 is-layout-flex wp-block-gallery-is-layout-flex\">\n<figure class=\"wp-block-image size-large\"><img fetchpriority=\"high\" decoding=\"async\" width=\"1024\" height=\"607\" data-id=\"711\" src=\"https:\/\/circuitosalta.com.ar\/wp-content\/uploads\/2022\/05\/banda-de-musica-municipal-2-1024x607-1.jpeg\" alt=\"\" class=\"wp-image-711\" srcset=\"https:\/\/circuitosalta.com.ar\/wp-content\/uploads\/2022\/05\/banda-de-musica-municipal-2-1024x607-1.jpeg 1024w, https:\/\/circuitosalta.com.ar\/wp-content\/uploads\/2022\/05\/banda-de-musica-municipal-2-1024x607-1-300x178.jpeg 300w, https:\/\/circuitosalta.com.ar\/wp-content\/uploads\/2022\/05\/banda-de-musica-municipal-2-1024x607-1-768x455.jpeg 768w, https:\/\/circuitosalta.com.ar\/wp-content\/uploads\/2022\/05\/banda-de-musica-municipal-2-1024x607-1-696x413.jpeg 696w, https:\/\/circuitosalta.com.ar\/wp-content\/uploads\/2022\/05\/banda-de-musica-municipal-2-1024x607-1-709x420.jpeg 709w\" sizes=\"(max-width: 1024px) 100vw, 1024px\" \/><\/figure>\n\n\n\n<figure class=\"wp-block-image size-large\"><img decoding=\"async\" width=\"1024\" height=\"683\" data-id=\"709\" src=\"https:\/\/circuitosalta.com.ar\/wp-content\/uploads\/2022\/05\/banda-de-musica-6-1024x683-1.jpg\" alt=\"\" class=\"wp-image-709\" srcset=\"https:\/\/circuitosalta.com.ar\/wp-content\/uploads\/2022\/05\/banda-de-musica-6-1024x683-1.jpg 1024w, https:\/\/circuitosalta.com.ar\/wp-content\/uploads\/2022\/05\/banda-de-musica-6-1024x683-1-300x200.jpg 300w, https:\/\/circuitosalta.com.ar\/wp-content\/uploads\/2022\/05\/banda-de-musica-6-1024x683-1-768x512.jpg 768w, https:\/\/circuitosalta.com.ar\/wp-content\/uploads\/2022\/05\/banda-de-musica-6-1024x683-1-696x464.jpg 696w, https:\/\/circuitosalta.com.ar\/wp-content\/uploads\/2022\/05\/banda-de-musica-6-1024x683-1-630x420.jpg 630w\" sizes=\"(max-width: 1024px) 100vw, 1024px\" \/><\/figure>\n\n\n\n<figure class=\"wp-block-image size-large\"><img decoding=\"async\" width=\"1024\" height=\"562\" data-id=\"710\" src=\"https:\/\/circuitosalta.com.ar\/wp-content\/uploads\/2022\/05\/banda-de-musica-7a-1024x562-1.jpg\" alt=\"\" class=\"wp-image-710\" srcset=\"https:\/\/circuitosalta.com.ar\/wp-content\/uploads\/2022\/05\/banda-de-musica-7a-1024x562-1.jpg 1024w, https:\/\/circuitosalta.com.ar\/wp-content\/uploads\/2022\/05\/banda-de-musica-7a-1024x562-1-300x165.jpg 300w, https:\/\/circuitosalta.com.ar\/wp-content\/uploads\/2022\/05\/banda-de-musica-7a-1024x562-1-768x422.jpg 768w, https:\/\/circuitosalta.com.ar\/wp-content\/uploads\/2022\/05\/banda-de-musica-7a-1024x562-1-696x382.jpg 696w, https:\/\/circuitosalta.com.ar\/wp-content\/uploads\/2022\/05\/banda-de-musica-7a-1024x562-1-765x420.jpg 765w\" sizes=\"(max-width: 1024px) 100vw, 1024px\" \/><\/figure>\n<\/figure>\n","protected":false},"excerpt":{"rendered":"<p>Fue creada en 1986 por Ordenanza N\u00b0 5416. En la actualidad, la agrupaci\u00f3n cuenta con 30 miembros. En mayo actuar\u00e1 en diversos escenarios ofreciendo un variado repertorio. La Municipalidad de la ciudad de Salta, a trav\u00e9s de la Secretar\u00eda de Cultura y Turismo, celebra&nbsp;las&nbsp;bodas de s\u00edlex de la Banda de m\u00fasica \u201c25 de Mayo\u201d. Creada [&hellip;]<\/p>\n","protected":false},"author":2,"featured_media":710,"comment_status":"open","ping_status":"open","sticky":false,"template":"","format":"standard","meta":{"tdm_status":"","tdm_grid_status":"","footnotes":""},"categories":[26],"tags":[],"class_list":{"0":"post-708","1":"post","2":"type-post","3":"status-publish","4":"format-standard","5":"has-post-thumbnail","7":"category-culturales"},"_links":{"self":[{"href":"https:\/\/circuitosalta.com.ar\/index.php?rest_route=\/wp\/v2\/posts\/708"}],"collection":[{"href":"https:\/\/circuitosalta.com.ar\/index.php?rest_route=\/wp\/v2\/posts"}],"about":[{"href":"https:\/\/circuitosalta.com.ar\/index.php?rest_route=\/wp\/v2\/types\/post"}],"author":[{"embeddable":true,"href":"https:\/\/circuitosalta.com.ar\/index.php?rest_route=\/wp\/v2\/users\/2"}],"replies":[{"embeddable":true,"href":"https:\/\/circuitosalta.com.ar\/index.php?rest_route=%2Fwp%2Fv2%2Fcomments&post=708"}],"version-history":[{"count":1,"href":"https:\/\/circuitosalta.com.ar\/index.php?rest_route=\/wp\/v2\/posts\/708\/revisions"}],"predecessor-version":[{"id":712,"href":"https:\/\/circuitosalta.com.ar\/index.php?rest_route=\/wp\/v2\/posts\/708\/revisions\/712"}],"wp:featuredmedia":[{"embeddable":true,"href":"https:\/\/circuitosalta.com.ar\/index.php?rest_route=\/wp\/v2\/media\/710"}],"wp:attachment":[{"href":"https:\/\/circuitosalta.com.ar\/index.php?rest_route=%2Fwp%2Fv2%2Fmedia&parent=708"}],"wp:term":[{"taxonomy":"category","embeddable":true,"href":"https:\/\/circuitosalta.com.ar\/index.php?rest_route=%2Fwp%2Fv2%2Fcategories&post=708"},{"taxonomy":"post_tag","embeddable":true,"href":"https:\/\/circuitosalta.com.ar\/index.php?rest_route=%2Fwp%2Fv2%2Ftags&post=708"}],"curies":[{"name":"wp","href":"https:\/\/api.w.org\/{rel}","templated":true}]}}