{"id":735,"date":"2022-05-12T09:54:31","date_gmt":"2022-05-12T12:54:31","guid":{"rendered":"http:\/\/circuitosalta.com.ar\/?p=735"},"modified":"2022-05-12T09:54:34","modified_gmt":"2022-05-12T12:54:34","slug":"se-presento-el-foro-nacional-de-turismo-que-se-llevara-a-cabo-en-la-ciudad-de-rio-hondo","status":"publish","type":"post","link":"https:\/\/circuitosalta.com.ar\/?p=735","title":{"rendered":"Se presento el Foro Nacional de turismo que se llevara a cabo en la ciudad de Rio Hondo"},"content":{"rendered":"\n<h5 class=\"has-cyan-bluish-gray-color has-text-color has-background wp-block-heading\" style=\"background-color:#347aa3\">El Secretario Ejecutivo del INPROTUR, Ricardo Sosa, particip\u00f3 de la presentaci\u00f3n del Foro Nacional de Turismo que se realizar\u00e1 los d\u00edas 15, 16 y 17 de junio en la ciudad de Termas de R\u00edo Hondo, Santiago del Estero.<\/h5>\n\n\n\n<p>En el acto estuvieron presentes el presidente del Consejo Federal de Turismo, Sebasti\u00e1n Giobellina; la Secretaria de Promoci\u00f3n Tur\u00edstica, Yanina Mart\u00ednez; el Subsecretario de Turismo de Santiago del Estero, <a href=\"https:\/\/www.facebook.com\/nelson.bravo.7?__cft__[0]=AZVic3UA_1mTRgO7GPs2fkhb9NevPu6XnBTVi6kZznAY463cW30LjQkRghNmrfsCYlTpxr0zCVoKThavV5a2vPZ6_3JP1ATmrE_QOUXtYCUu0lWHIHUgsiipv_T7ZhK6dmfNoIuNGOQ-i4_kyD7PWmojQ8oJWkieAHmYoBaUiNB9yyApgNqnQI02Zb8pdEVAjoY&amp;__tn__=-]K-R\">Nelson Bravo<\/a> y la Secretaria de Turismo, Cultura y Deportes de R\u00edo Hondo, Vilma D\u00edaz. <\/p>\n\n\n\n<p>Bajo el lema \u201cRepensar el turismo de manera sostenible\u201d el foro busca estimular la recuperaci\u00f3n y el desarrollo sostenible de la actividad tur\u00edstica, propiciando un encuentro para la reflexi\u00f3n, el intercambio de experiencias y el impulso de iniciativas innovadoras. El Secretario Ejecutivo del INPROTUR, Ricardo Sosa, destac\u00f3 el proceso de recuperaci\u00f3n y desarrollo de las provincias; particularmente el de la ciudad de R\u00edo Hondo: \u201chace quince a\u00f1os ten\u00eda 350.000 turistas por a\u00f1o con estacionalidad de cuatro meses, y en los \u00faltimos a\u00f1os de la prepandemia super\u00f3 el mill\u00f3n con diez meses de temporada\u201d. <\/p>\n\n\n\n<p>Por su parte la Secretaria de Promoci\u00f3n Tur\u00edstica, Yanina Mart\u00ednez, se comprometi\u00f3 a apoyar la realizaci\u00f3n del foro anualmente, ya que no se realizaba desde hace cinco a\u00f1os: \u201cqueremos cumplir que anualmente se realice el foro y que sea integral y federal, para todos\u201d. \u00abDesde el INPROTUR, a lo largo del foro, realizaremos una charla magistral relacionada al marketing digital y la ciencia de datos. <\/p>\n\n\n\n<p>Tenemos la plataforma ACONCAGUA donde determinamos el comportamiento de los turistas, la situaci\u00f3n de las aerol\u00edneas y mercados; vamos a volcar toda nuestra experiencia en el foro nacional de turismo\u201d sostuvo Sosa.<\/p>\n\n\n\n<p>El Subsecretario Bravo resalt\u00f3 el car\u00e1cter federal del evento, brind\u00f3 detalles de las actividades que podr\u00e1n realizar las provincias durante los tres d\u00edas en las inmediaciones de la ciudad, adem\u00e1s de las caracter\u00edsticas que tendr\u00e1 el contenido del Foro.<\/p>\n","protected":false},"excerpt":{"rendered":"<p>El Secretario Ejecutivo del INPROTUR, Ricardo Sosa, particip\u00f3 de la presentaci\u00f3n del Foro Nacional de Turismo que se realizar\u00e1 los d\u00edas 15, 16 y 17 de junio en la ciudad de Termas de R\u00edo Hondo, Santiago del Estero. En el acto estuvieron presentes el presidente del Consejo Federal de Turismo, Sebasti\u00e1n Giobellina; la Secretaria de [&hellip;]<\/p>\n","protected":false},"author":2,"featured_media":736,"comment_status":"open","ping_status":"open","sticky":false,"template":"","format":"standard","meta":{"tdm_status":"","tdm_grid_status":"","footnotes":""},"categories":[14,16],"tags":[],"class_list":{"0":"post-735","1":"post","2":"type-post","3":"status-publish","4":"format-standard","5":"has-post-thumbnail","7":"category-anuncios","8":"category-ferias-y-congresos"},"_links":{"self":[{"href":"https:\/\/circuitosalta.com.ar\/index.php?rest_route=\/wp\/v2\/posts\/735"}],"collection":[{"href":"https:\/\/circuitosalta.com.ar\/index.php?rest_route=\/wp\/v2\/posts"}],"about":[{"href":"https:\/\/circuitosalta.com.ar\/index.php?rest_route=\/wp\/v2\/types\/post"}],"author":[{"embeddable":true,"href":"https:\/\/circuitosalta.com.ar\/index.php?rest_route=\/wp\/v2\/users\/2"}],"replies":[{"embeddable":true,"href":"https:\/\/circuitosalta.com.ar\/index.php?rest_route=%2Fwp%2Fv2%2Fcomments&post=735"}],"version-history":[{"count":1,"href":"https:\/\/circuitosalta.com.ar\/index.php?rest_route=\/wp\/v2\/posts\/735\/revisions"}],"predecessor-version":[{"id":737,"href":"https:\/\/circuitosalta.com.ar\/index.php?rest_route=\/wp\/v2\/posts\/735\/revisions\/737"}],"wp:featuredmedia":[{"embeddable":true,"href":"https:\/\/circuitosalta.com.ar\/index.php?rest_route=\/wp\/v2\/media\/736"}],"wp:attachment":[{"href":"https:\/\/circuitosalta.com.ar\/index.php?rest_route=%2Fwp%2Fv2%2Fmedia&parent=735"}],"wp:term":[{"taxonomy":"category","embeddable":true,"href":"https:\/\/circuitosalta.com.ar\/index.php?rest_route=%2Fwp%2Fv2%2Fcategories&post=735"},{"taxonomy":"post_tag","embeddable":true,"href":"https:\/\/circuitosalta.com.ar\/index.php?rest_route=%2Fwp%2Fv2%2Ftags&post=735"}],"curies":[{"name":"wp","href":"https:\/\/api.w.org\/{rel}","templated":true}]}}