{"id":738,"date":"2022-05-12T10:06:10","date_gmt":"2022-05-12T13:06:10","guid":{"rendered":"http:\/\/circuitosalta.com.ar\/?p=738"},"modified":"2022-05-12T10:06:13","modified_gmt":"2022-05-12T13:06:13","slug":"salta-construye-alianzas-federales-para-potenciar-el-desarrollo-del-turismo","status":"publish","type":"post","link":"https:\/\/circuitosalta.com.ar\/?p=738","title":{"rendered":"Salta construye alianzas federales para potenciar el desarrollo del turismo"},"content":{"rendered":"\n<h3 class=\"has-cyan-bluish-gray-color has-text-color has-background wp-block-heading\" style=\"background-color:#2c0155\">La Provincia realiza acciones de promoci\u00f3n y comercializaci\u00f3n en el litoral argentino. Se lleva adelante el primer Workshop de Salta en Chaco.<\/h3>\n\n\n\n<p>Inmersa en un proceso de reactivaci\u00f3n, la actividad tur\u00edstica se encuentra frente al desaf\u00edo de construir y consolidar alianzas entre destinos con el objetivo de construir un c\u00edrculo virtuoso de realimentaci\u00f3n y acompa\u00f1amiento que integre a actores de los sectores p\u00fablico y privado.<\/p>\n\n\n\n<p>En ese contexto, el Gobierno provincial tom\u00f3 la decisi\u00f3n de potenciar el trabajo que ya se viene realizando con provincias como Chaco y Corrientes, integrando as\u00ed a la regi\u00f3n NEA a la estrategia federal sobre la que Salta viene trabajando en el Ente Norte y el Consejo Federal del Turismo.\u00a0<\/p>\n\n\n\n<p>En esta oportunidad y en conjunto con la C\u00e1mara de Turismo de Salta se realiz\u00f3 el primer Workshop de Salta en Chaco, un evento que puso en contacto a cerca de 40 prestadores tur\u00edsticos y representantes municipales con operadores tur\u00edsticos chaque\u00f1os y correntinos.<\/p>\n\n\n\n<p>El objetivo de esta acci\u00f3n fue potenciar los atractivos que Salta ofrece a los consumidores finales de un mercado nacional prioritario.<\/p>\n\n\n\n<figure class=\"wp-block-image size-large\"><img decoding=\"async\" src=\"https:\/\/www.salta.gob.ar\/public\/images\/noticias\/contenidos\/2754-salta-construye-alianzas-federales-para-potenciar-el-desarrollo-del-turismo.jpg\" alt=\"\"\/><\/figure>\n\n\n\n<p>El acto de inauguraci\u00f3n de la ronda de negocios fue encabezado por el ministro de Turismo y Deportes&nbsp;<strong>Mario Pe\u00f1a<\/strong>, el vicepresidente del Instituto de Turismo de Chaco&nbsp;<strong>Mauro Flores<\/strong>&nbsp;y el subsecretario de Promoci\u00f3n e Inversi\u00f3n Tur\u00edstica de Corrientes&nbsp;<strong>Klaus Liebig<\/strong>&nbsp;y el presidente de la C\u00e1mara de Turismo de Salta&nbsp;<strong>Gustavo Di Mecola<\/strong>.<\/p>\n\n\n\n<p><br>\u201cCreemos en un turismo que apuesta a la vinculaci\u00f3n, al trabajo en equipo, a la construcci\u00f3n de un federalismo verdadero que va a permitir que esta actividad maravillosa que es el turismo genere m\u00e1s puestos de trabajo y crecimiento para todos los argentinos\u201d, manifest\u00f3 en sus palabras el ministro Pe\u00f1a.<\/p>\n\n\n\n<p><br>Adem\u00e1s, el funcionario provincial agradeci\u00f3 el trabajo y el acompa\u00f1amiento brindado por cada uno de los integrantes del sector privado en las acciones de promoci\u00f3n que el Gobierno realiza en diferentes puntos del pa\u00eds.<br><\/p>\n\n\n\n<p>En esa l\u00ednea, tambi\u00e9n valor\u00f3 las decisiones pol\u00edticas tomadas por el gobernador Gustavo S\u00e1enz y los gobernadores del Norte en favor del turismo, \u201cdesde el ministerio vamos a potenciar ese impulso para fortalecernos como regi\u00f3n\u201d, concluy\u00f3.<\/p>\n\n\n\n<p>El federalismo estuvo presente tambi\u00e9n en las palabras de Mauro Flores, vicepresidente del Instituto de Turismo de Chaco, quien se\u00f1al\u00f3 la importancia y la necesidad de promocionar los destinos \u201csin ning\u00fan tipo de ego\u00edsmo, porque nosotros queremos que los salte\u00f1os conozcan Chaco y que los chaque\u00f1os conozcan Salta\u201d. Asimismo, Flores ponder\u00f3 el trabajo tur\u00edstico de Salta como un faro para los dem\u00e1s destinos argentinos.<\/p>\n\n\n\n<figure class=\"wp-block-image size-large\"><img decoding=\"async\" src=\"https:\/\/www.salta.gob.ar\/public\/images\/noticias\/contenidos\/2755-salta-construye-alianzas-federales-para-potenciar-el-desarrollo-del-turismo.jpg\" alt=\"\"\/><\/figure>\n\n\n\n<p>La vinculaci\u00f3n entre Salta y el Litoral se ve potenciada por la puesta en funcionamiento, desde enero pasado, de la ruta a\u00e9rea Salta &#8211; Resistencia. Una v\u00eda de conexi\u00f3n que cuenta con dos frecuencias semanales y viabiliza el intercambio tur\u00edstico entre las regiones NOA y NEA. Al respecto, los funcionarios provinciales agradecieron el trabajo de Aerol\u00edneas Argentinas para vincular a m\u00e1s destinos nacionales. \u201cSin tener una aerol\u00ednea de bandera estos avances ser\u00edan imposibles\u201d, destac\u00f3 el ministro Pe\u00f1a.&nbsp;<\/p>\n\n\n\n<p>Gustavo Di Mecola, presidente de la C\u00e1mara de Turismo, expres\u00f3 que desde Salta se apuesta por el trabajo en equipo y la construcci\u00f3n de alianzas que trabajan en pos del turismo argentino. \u201cDespu\u00e9s de dos a\u00f1os complejos seguimos ac\u00e1 apostando por la actividad trabajando unidos para que el turismo siga creciendo\u201d.&nbsp;<\/p>\n\n\n\n<p>La gastronom\u00eda salte\u00f1a tambi\u00e9n dio el presente de la mano de Gloria del Valle Aguirre, embajadora provincial de la empanada salte\u00f1a, quien deleit\u00f3 a los presentes con este producto \u00edcono para la salte\u00f1idad.<\/p>\n\n\n\n<p>Cabe destacar que Gloria se coron\u00f3 como campeona el pasado 4 abril cuando se realiz\u00f3 el primer concurso<\/p>\n\n\n\n<figure class=\"wp-block-image size-large\"><img decoding=\"async\" src=\"https:\/\/www.salta.gob.ar\/public\/images\/noticias\/contenidos\/2756-salta-construye-alianzas-federales-para-potenciar-el-desarrollo-del-turismo.jpg\" alt=\"\"\/><\/figure>\n\n\n\n<p><strong>Cooperaci\u00f3n interinstitucional&nbsp;<\/strong><br><br>Adem\u00e1s de las acciones comerciales, la agenda de trabajo incluy\u00f3 la firma de un acuerdo de colaboraci\u00f3n entre el Instituto de Turismo de Chaco, el Ministerio de Turismo de Corrientes y el Ministerio de Turismo y Deportes de Salta.<br><br>El documento establece los mecanismos necesarios para que los destinos realicen acciones de promoci\u00f3n, comercializaci\u00f3n y posicionamiento tendientes a impulsar el flujo de turistas que visiten Salta, Chaco y Corrientes.&nbsp;<br><br>En ese mismo sentido, Gustavo Di Mecola, presidente de la C\u00e1mara de Turismo de Salta, Ver\u00f3nica Mazzaroli, presidente de la Asociaci\u00f3n de Hoteles, Restaurantes, Bares, Confiter\u00edas y Afines de Chaco, Juan Eduardo Lucero, secretario de la C\u00e1mara Hotelera Gastron\u00f3mica y Afines de Salta y Daniel Gaona, presidente de la C\u00e1mara de Turismo de Chaco, firmaron tambi\u00e9n un acta de cooperaci\u00f3n que vincula a las entidades privadas.&nbsp;<br><br>Participaron de las actividades la gerente del segmento de vacaciones de Aerol\u00edneas Argentinas, Helida Alvarez de Ron, la presidente de AHT Salta, Mariana Farjat, los subsecretarios de turismo de Resistencia y Chaco Virginia Zacar\u00edas y Carlos Gatti, el presidente de AVYT Nordeste, Jos\u00e9 Cena y autoridades locales.<\/p>\n\n\n\n<hr class=\"wp-block-separator\"\/>\n\n\n\n<p>Fuente:\u00a0<strong><a href=\"https:\/\/www.salta.gob.ar\/prensa\/noticias\/salta-construye-alianzas-federales-para-potenciar-el-desarrollo-del-turismo-82311\" target=\"_blank\" rel=\"noreferrer noopener\">Secretar\u00eda de Prensa y Comunicaci\u00f3n<\/a><\/strong><\/p>\n","protected":false},"excerpt":{"rendered":"<p>La Provincia realiza acciones de promoci\u00f3n y comercializaci\u00f3n en el litoral argentino. Se lleva adelante el primer Workshop de Salta en Chaco. Inmersa en un proceso de reactivaci\u00f3n, la actividad tur\u00edstica se encuentra frente al desaf\u00edo de construir y consolidar alianzas entre destinos con el objetivo de construir un c\u00edrculo virtuoso de realimentaci\u00f3n y acompa\u00f1amiento [&hellip;]<\/p>\n","protected":false},"author":2,"featured_media":739,"comment_status":"open","ping_status":"open","sticky":false,"template":"","format":"standard","meta":{"tdm_status":"","tdm_grid_status":"","footnotes":""},"categories":[21,18],"tags":[],"class_list":{"0":"post-738","1":"post","2":"type-post","3":"status-publish","4":"format-standard","5":"has-post-thumbnail","7":"category-nacional","8":"category-rutas-y-caminos"},"_links":{"self":[{"href":"https:\/\/circuitosalta.com.ar\/index.php?rest_route=\/wp\/v2\/posts\/738"}],"collection":[{"href":"https:\/\/circuitosalta.com.ar\/index.php?rest_route=\/wp\/v2\/posts"}],"about":[{"href":"https:\/\/circuitosalta.com.ar\/index.php?rest_route=\/wp\/v2\/types\/post"}],"author":[{"embeddable":true,"href":"https:\/\/circuitosalta.com.ar\/index.php?rest_route=\/wp\/v2\/users\/2"}],"replies":[{"embeddable":true,"href":"https:\/\/circuitosalta.com.ar\/index.php?rest_route=%2Fwp%2Fv2%2Fcomments&post=738"}],"version-history":[{"count":1,"href":"https:\/\/circuitosalta.com.ar\/index.php?rest_route=\/wp\/v2\/posts\/738\/revisions"}],"predecessor-version":[{"id":740,"href":"https:\/\/circuitosalta.com.ar\/index.php?rest_route=\/wp\/v2\/posts\/738\/revisions\/740"}],"wp:featuredmedia":[{"embeddable":true,"href":"https:\/\/circuitosalta.com.ar\/index.php?rest_route=\/wp\/v2\/media\/739"}],"wp:attachment":[{"href":"https:\/\/circuitosalta.com.ar\/index.php?rest_route=%2Fwp%2Fv2%2Fmedia&parent=738"}],"wp:term":[{"taxonomy":"category","embeddable":true,"href":"https:\/\/circuitosalta.com.ar\/index.php?rest_route=%2Fwp%2Fv2%2Fcategories&post=738"},{"taxonomy":"post_tag","embeddable":true,"href":"https:\/\/circuitosalta.com.ar\/index.php?rest_route=%2Fwp%2Fv2%2Ftags&post=738"}],"curies":[{"name":"wp","href":"https:\/\/api.w.org\/{rel}","templated":true}]}}