{"id":7458,"date":"2025-08-29T10:31:44","date_gmt":"2025-08-29T13:31:44","guid":{"rendered":"https:\/\/circuitosalta.com.ar\/?p=7458"},"modified":"2025-08-29T10:31:47","modified_gmt":"2025-08-29T13:31:47","slug":"salta-se-prepara-para-una-semana-de-arte-y-tecnologia-con-las-jornadas-jaten-y-el-festival-tara","status":"publish","type":"post","link":"https:\/\/circuitosalta.com.ar\/?p=7458","title":{"rendered":"Salta se prepara para una semana de arte y tecnolog\u00eda con las jornadas JATeN y el Festival TARA"},"content":{"rendered":"\n<p><strong><em>Ambos eventos, con acceso libre y gratuito, buscan fomentar el intercambio, la formaci\u00f3n y la producci\u00f3n art\u00edstica en la regi\u00f3n.<\/em><\/strong><\/p>\n\n\n\n<p>Del 2 al 5 de septiembre, la ciudad de Salta ser\u00e1 el epicentro del cruce entre el arte, la tecnolog\u00eda y la creaci\u00f3n contempor\u00e1nea con la realizaci\u00f3n conjunta de las Jornadas de Arte y Tecnolog\u00eda en el Norte (JATeN) y el Festival TARA de M\u00fasica Contempor\u00e1nea. Ambos eventos, con acceso libre y gratuito (previa inscripci\u00f3n), buscan fomentar el intercambio, la formaci\u00f3n y la producci\u00f3n art\u00edstica en la regi\u00f3n.<\/p>\n\n\n\n<p>&nbsp;Las jornadas se llevar\u00e1n a cabo en la Escuela Superior de M\u00fasica N\u00b0 6003 (Av. Lucrecia E. Barquet esq. Benjam\u00edn L. \u00c1vila, El Huaico) y en la Usina Cultural (Espa\u00f1a 98, Centro). La inscripci\u00f3n para todas las actividades se realiza a trav\u00e9s de la web&nbsp;<a href=\"http:\/\/www.espaciossonoros.com.ar\/jaten.\">http:\/\/www.espaciossonoros.com.ar\/jaten.<\/a><\/p>\n\n\n\n<p>El programa es diverso y atractivo, incluyendo charlas, talleres, simposios, conciertos e instalaciones sonoras y visuales con invitados nacionales e internacionales. Entre los puntos destacados, habr\u00e1 un ciclo internacional de m\u00fasica acusm\u00e1tica con obras para parlantes de todo el mundo y conciertos con destacados int\u00e9rpretes y compositores como Valent\u00edn Garvie, Dimitri Papageorgiou, Luciano Giambastiani, Alejandro Brianza, y los ensambles Nexus y Menjunje, entre otros.<\/p>\n\n\n\n<p>Este evento est\u00e1 dirigido a un p\u00fablico amplio, desde estudiantes y m\u00fasicos hasta gestores culturales y cualquier persona interesada en la intersecci\u00f3n entre arte, tecnolog\u00eda y experimentaci\u00f3n sonora.<\/p>\n\n\n\n<p>Las JATeN se destacan por su ciclo de conciertos, el \u00fanico en su tipo en el Noroeste Argentino y el tercero en todo el pa\u00eds (fuera de Buenos Aires), lo que ha posicionado a Salta como un referente internacional en la materia.<\/p>\n\n\n\n<p>Creado por el Colectivo de Compositores e Int\u00e9rpretes Menjunje, el Festival TARA es un espacio dedicado a la difusi\u00f3n de la m\u00fasica cl\u00e1sica contempor\u00e1nea. Su nombre, \u00abTARA\u00bb, proviene de la cosmovisi\u00f3n andina quechua y significa \u201csonido ronco, vibrante y lleno de energ\u00eda\u201d.<\/p>\n\n\n\n<p>Las jornadas cuentan con el Auspicio Oficial de la Subsecretar\u00eda de Desarrollo Curricular e Innovaci\u00f3n Pedag\u00f3gica del Ministerio de Educaci\u00f3n de Salta y han sido declaradas de Inter\u00e9s Cultural por la Secretar\u00eda de Cultura de la Naci\u00f3n Argentina.<br>&nbsp;<\/p>\n\n\n\n<hr class=\"wp-block-separator has-alpha-channel-opacity\"\/>\n\n\n\n<p>Fuente:&nbsp;<strong>Secretar\u00eda de Prensa y Comunicaci\u00f3n<\/strong><\/p>\n","protected":false},"excerpt":{"rendered":"<p>Ambos eventos, con acceso libre y gratuito, buscan fomentar el intercambio, la formaci\u00f3n y la producci\u00f3n art\u00edstica en la regi\u00f3n. Del 2 al 5 de septiembre, la ciudad de Salta ser\u00e1 el epicentro del cruce entre el arte, la tecnolog\u00eda y la creaci\u00f3n contempor\u00e1nea con la realizaci\u00f3n conjunta de las Jornadas de Arte y Tecnolog\u00eda [&hellip;]<\/p>\n","protected":false},"author":2,"featured_media":7459,"comment_status":"open","ping_status":"open","sticky":false,"template":"","format":"standard","meta":{"tdm_status":"","tdm_grid_status":"","footnotes":""},"categories":[32],"tags":[],"class_list":{"0":"post-7458","1":"post","2":"type-post","3":"status-publish","4":"format-standard","5":"has-post-thumbnail","7":"category-ciencia-y-tecnologia"},"_links":{"self":[{"href":"https:\/\/circuitosalta.com.ar\/index.php?rest_route=\/wp\/v2\/posts\/7458"}],"collection":[{"href":"https:\/\/circuitosalta.com.ar\/index.php?rest_route=\/wp\/v2\/posts"}],"about":[{"href":"https:\/\/circuitosalta.com.ar\/index.php?rest_route=\/wp\/v2\/types\/post"}],"author":[{"embeddable":true,"href":"https:\/\/circuitosalta.com.ar\/index.php?rest_route=\/wp\/v2\/users\/2"}],"replies":[{"embeddable":true,"href":"https:\/\/circuitosalta.com.ar\/index.php?rest_route=%2Fwp%2Fv2%2Fcomments&post=7458"}],"version-history":[{"count":1,"href":"https:\/\/circuitosalta.com.ar\/index.php?rest_route=\/wp\/v2\/posts\/7458\/revisions"}],"predecessor-version":[{"id":7460,"href":"https:\/\/circuitosalta.com.ar\/index.php?rest_route=\/wp\/v2\/posts\/7458\/revisions\/7460"}],"wp:featuredmedia":[{"embeddable":true,"href":"https:\/\/circuitosalta.com.ar\/index.php?rest_route=\/wp\/v2\/media\/7459"}],"wp:attachment":[{"href":"https:\/\/circuitosalta.com.ar\/index.php?rest_route=%2Fwp%2Fv2%2Fmedia&parent=7458"}],"wp:term":[{"taxonomy":"category","embeddable":true,"href":"https:\/\/circuitosalta.com.ar\/index.php?rest_route=%2Fwp%2Fv2%2Fcategories&post=7458"},{"taxonomy":"post_tag","embeddable":true,"href":"https:\/\/circuitosalta.com.ar\/index.php?rest_route=%2Fwp%2Fv2%2Ftags&post=7458"}],"curies":[{"name":"wp","href":"https:\/\/api.w.org\/{rel}","templated":true}]}}