{"id":7461,"date":"2025-09-01T09:55:22","date_gmt":"2025-09-01T12:55:22","guid":{"rendered":"https:\/\/circuitosalta.com.ar\/?p=7461"},"modified":"2025-09-01T09:55:24","modified_gmt":"2025-09-01T12:55:24","slug":"el-gobierno-habilito-el-traslado-del-feriado-para-un-nuevo-fin-de-semana-largo","status":"publish","type":"post","link":"https:\/\/circuitosalta.com.ar\/?p=7461","title":{"rendered":"El Gobierno habilit\u00f3 el traslado del feriado para un nuevo fin de semana largo"},"content":{"rendered":"\n<p><strong><em>El jefe de Gabinete, Guillermo Francos, firm\u00f3 una resoluci\u00f3n para trasladar el feriado del 12 de octubre al viernes 10.<\/em><\/strong><\/p>\n\n\n\n<p>El feriado del 12 de octubre, D\u00eda del Respeto a la Diversidad Cultural, se traslada al viernes 10 del mismo mes, lo que permite un nuevo fin de semana largo. La medida qued\u00f3 oficializada con la publicaci\u00f3n de la Resoluci\u00f3n 139\/2025 en el Bolet\u00edn Oficial de hoy.<\/p>\n\n\n\n<p>El Decreto 614\/2025 publicado el pasado mi\u00e9rcoles en el Bolet\u00edn Oficial y firmado por el presidente Javier Milei habilit\u00f3 a la autoridad de la Jefatura de Gabinete de Ministros, la facultad de trasladar cada uno de los feriados movibles.<\/p>\n\n\n\n<p>El Secretario de Turismo, Ambiente y Deportes de la Naci\u00f3n, Daniel Scioli, destac\u00f3&nbsp;<em>\u201cel nuevo fin de semana largo es crucial para la industria tur\u00edstica, ya que permite desestacionalizar la oferta y activar las econom\u00edas regionales de todo el pa\u00eds\u201d<\/em>.<\/p>\n\n\n\n<p><em>\u201cLos fines de semana largo generan un movimiento tur\u00edstico que repercute de manera positiva en toda la cadena de valor del segmento. Alojamiento, gastronom\u00eda, transporte, gu\u00edas y excursiones se ven beneficiadas con la medida\u201d<\/em>, complet\u00f3.<\/p>\n","protected":false},"excerpt":{"rendered":"<p>El jefe de Gabinete, Guillermo Francos, firm\u00f3 una resoluci\u00f3n para trasladar el feriado del 12 de octubre al viernes 10. El feriado del 12 de octubre, D\u00eda del Respeto a la Diversidad Cultural, se traslada al viernes 10 del mismo mes, lo que permite un nuevo fin de semana largo. La medida qued\u00f3 oficializada con [&hellip;]<\/p>\n","protected":false},"author":2,"featured_media":7462,"comment_status":"open","ping_status":"open","sticky":false,"template":"","format":"standard","meta":{"tdm_status":"","tdm_grid_status":"","footnotes":""},"categories":[14,21],"tags":[],"class_list":{"0":"post-7461","1":"post","2":"type-post","3":"status-publish","4":"format-standard","5":"has-post-thumbnail","7":"category-anuncios","8":"category-nacional"},"_links":{"self":[{"href":"https:\/\/circuitosalta.com.ar\/index.php?rest_route=\/wp\/v2\/posts\/7461"}],"collection":[{"href":"https:\/\/circuitosalta.com.ar\/index.php?rest_route=\/wp\/v2\/posts"}],"about":[{"href":"https:\/\/circuitosalta.com.ar\/index.php?rest_route=\/wp\/v2\/types\/post"}],"author":[{"embeddable":true,"href":"https:\/\/circuitosalta.com.ar\/index.php?rest_route=\/wp\/v2\/users\/2"}],"replies":[{"embeddable":true,"href":"https:\/\/circuitosalta.com.ar\/index.php?rest_route=%2Fwp%2Fv2%2Fcomments&post=7461"}],"version-history":[{"count":1,"href":"https:\/\/circuitosalta.com.ar\/index.php?rest_route=\/wp\/v2\/posts\/7461\/revisions"}],"predecessor-version":[{"id":7463,"href":"https:\/\/circuitosalta.com.ar\/index.php?rest_route=\/wp\/v2\/posts\/7461\/revisions\/7463"}],"wp:featuredmedia":[{"embeddable":true,"href":"https:\/\/circuitosalta.com.ar\/index.php?rest_route=\/wp\/v2\/media\/7462"}],"wp:attachment":[{"href":"https:\/\/circuitosalta.com.ar\/index.php?rest_route=%2Fwp%2Fv2%2Fmedia&parent=7461"}],"wp:term":[{"taxonomy":"category","embeddable":true,"href":"https:\/\/circuitosalta.com.ar\/index.php?rest_route=%2Fwp%2Fv2%2Fcategories&post=7461"},{"taxonomy":"post_tag","embeddable":true,"href":"https:\/\/circuitosalta.com.ar\/index.php?rest_route=%2Fwp%2Fv2%2Ftags&post=7461"}],"curies":[{"name":"wp","href":"https:\/\/api.w.org\/{rel}","templated":true}]}}