{"id":7470,"date":"2025-09-02T09:29:21","date_gmt":"2025-09-02T12:29:21","guid":{"rendered":"https:\/\/circuitosalta.com.ar\/?p=7470"},"modified":"2025-09-02T09:29:23","modified_gmt":"2025-09-02T12:29:23","slug":"la-municipalidad-avanza-con-la-renovacion-de-murales-en-la-rotonda-del-peregrino","status":"publish","type":"post","link":"https:\/\/circuitosalta.com.ar\/?p=7470","title":{"rendered":"La Municipalidad avanza con la renovaci\u00f3n de murales en la Rotonda del Peregrino"},"content":{"rendered":"\n<p><strong>Se plasmar\u00e1n cuatro propuestas, entre las que se encuentra la obra de Heber Artaza, quien retrat\u00f3 a Damiana Luzco, una reconocida peregrina de San Antonio de los Cobres. \u00a0De este modo, se rinde homenaje a la fe y a la cultura popular.<\/strong><\/p>\n\n\n\n<p>La Municipalidad de Salta contin\u00faa con el Plan de Intervenciones Art\u00edsticas y Murales en la ciudad. En esta etapa, la Rotonda del Peregrino, se renueva con obras de destacados artistas locales que homenajean la fe, la cultura popular y la memoria colectiva.<\/p>\n\n\n\n<figure class=\"wp-block-embed alignright is-type-video is-provider-youtube wp-block-embed-youtube wp-embed-aspect-16-9 wp-has-aspect-ratio\"><div class=\"wp-block-embed__wrapper\">\n<iframe title=\"La Municipalidad avanza con la renovaci\u00f3n de murales en la Rotonda del Peregrino\" width=\"696\" height=\"392\" src=\"https:\/\/www.youtube.com\/embed\/4vygFgeBIZY?feature=oembed\" frameborder=\"0\" allow=\"accelerometer; autoplay; clipboard-write; encrypted-media; gyroscope; picture-in-picture; web-share\" referrerpolicy=\"strict-origin-when-cross-origin\" allowfullscreen><\/iframe>\n<\/div><\/figure>\n\n\n\n<p>En ese marco, el artista Heber Artaza fue convocado para realizar, del lado este al sur, un mural tem\u00e1tico dedicado a los peregrinos y a los s\u00edmbolos del Milagro. Su obra rinde un especial homenaje a Do\u00f1a Damiana Luzco, reconocida peregrina de La Puna que, con m\u00e1s de 80 a\u00f1os, recorri\u00f3 cientos de kil\u00f3metros convirti\u00e9ndose en referente de la fe y la fuerza espiritual del pueblo salte\u00f1o.<\/p>\n\n\n\n<p>Su figura fue reconocida y homenajeada por el arzobispo de Buenos Aires, Jos\u00e9 Garc\u00eda Cuerva, durante la Misa Estacional de 2024, y su imagen fue inmortalizada en este mural.<\/p>\n\n\n\n<p>\u201cEstamos poniendo linda la ciudad para la celebraci\u00f3n del Milagro, con nuevos murales, para que los peregrinos y los turistas se lleven un gran recuerdo, en una fiesta tan importante para los salte\u00f1os\u201d, afirm\u00f3 el intendente, Emiliano Durand.<\/p>\n\n\n\n<p>Por su parte, Heber Artaza, indic\u00f3 que \u201celeg\u00ed esta composici\u00f3n en base a diferentes im\u00e1genes e informaci\u00f3n que fui recolectando. Por ejemplo, la imagen de Damiana, me gust\u00f3 mucho la idea de poder representarla y tambi\u00e9n la fe de los salte\u00f1os en esta \u00e9poca tan especial para nosotros. El trabajo que se viene haciendo desde la Municipalidad con los muralistas me parece extraordinario, porque el mural es el encuentro inmediato con el espectador que hace su interpretaci\u00f3n y se encuentra con el arte de manera f\u00e1cil y sencilla\u201d.<\/p>\n\n\n\n<p>En tanto, del lado este al norte, el grupo art\u00edstico Santa Chamba trabaja sobre la tem\u00e1tica de animales peregrinos, sumando una mirada que integra naturaleza y devoci\u00f3n.<\/p>\n\n\n\n<p>En el oeste al sur, el muralista Emilio Haro Galli junto a sus hijos desarrolla una propuesta que aborda la fe y las creencias populares, poniendo en valor la espiritualidad que atraviesa a la comunidad salte\u00f1a.<\/p>\n\n\n\n<p>Finalmente, en el oeste al norte, el artista Ian Cubei lleva adelante un homenaje a los h\u00e9roes de Malvinas, recordando y reconociendo la valent\u00eda de quienes defendieron la patria.<\/p>\n\n\n\n<p>Con este Plan de Intervenciones, la comuna tiene como objetivo, no solo mejorar la est\u00e9tica urbana, tambi\u00e9n propone un cambio profundo, ya que cada mural se convierte en una declaraci\u00f3n de identidad y pertenencia que fortalece los v\u00ednculos comunitarios.<\/p>\n\n\n\n<p><strong>Sobre Heber Artaza<\/strong><\/p>\n\n\n\n<p>Heber Artaza es Profesor en Artes Visuales y un artista multipremiado, con un destacado reconocimiento a nivel provincial, regional y nacional. Fue becado y seleccionado para participar en importantes programas que potenciaron su desarrollo profesional, consolid\u00e1ndose como uno de los j\u00f3venes artistas m\u00e1s completos de nuestra ciudad.<\/p>\n\n\n\n<figure class=\"wp-block-gallery has-nested-images columns-default is-cropped wp-block-gallery-1 is-layout-flex wp-block-gallery-is-layout-flex\">\n<figure class=\"wp-block-image size-large\"><img fetchpriority=\"high\" decoding=\"async\" width=\"1024\" height=\"682\" data-id=\"7472\" src=\"https:\/\/circuitosalta.com.ar\/wp-content\/uploads\/2025\/09\/mural-damiana-5-1024x682.webp\" alt=\"\" class=\"wp-image-7472\" srcset=\"https:\/\/circuitosalta.com.ar\/wp-content\/uploads\/2025\/09\/mural-damiana-5-1024x682.webp 1024w, https:\/\/circuitosalta.com.ar\/wp-content\/uploads\/2025\/09\/mural-damiana-5-300x200.webp 300w, https:\/\/circuitosalta.com.ar\/wp-content\/uploads\/2025\/09\/mural-damiana-5-768x512.webp 768w, https:\/\/circuitosalta.com.ar\/wp-content\/uploads\/2025\/09\/mural-damiana-5-630x420.webp 630w, https:\/\/circuitosalta.com.ar\/wp-content\/uploads\/2025\/09\/mural-damiana-5-696x464.webp 696w, https:\/\/circuitosalta.com.ar\/wp-content\/uploads\/2025\/09\/mural-damiana-5-1068x712.webp 1068w, https:\/\/circuitosalta.com.ar\/wp-content\/uploads\/2025\/09\/mural-damiana-5.webp 1280w\" sizes=\"(max-width: 1024px) 100vw, 1024px\" \/><\/figure>\n\n\n\n<figure class=\"wp-block-image size-large\"><img decoding=\"async\" width=\"1024\" height=\"682\" data-id=\"7473\" src=\"https:\/\/circuitosalta.com.ar\/wp-content\/uploads\/2025\/09\/mural-damiana-6-1024x682.webp\" alt=\"\" class=\"wp-image-7473\" srcset=\"https:\/\/circuitosalta.com.ar\/wp-content\/uploads\/2025\/09\/mural-damiana-6-1024x682.webp 1024w, https:\/\/circuitosalta.com.ar\/wp-content\/uploads\/2025\/09\/mural-damiana-6-300x200.webp 300w, https:\/\/circuitosalta.com.ar\/wp-content\/uploads\/2025\/09\/mural-damiana-6-768x512.webp 768w, https:\/\/circuitosalta.com.ar\/wp-content\/uploads\/2025\/09\/mural-damiana-6-630x420.webp 630w, https:\/\/circuitosalta.com.ar\/wp-content\/uploads\/2025\/09\/mural-damiana-6-696x464.webp 696w, https:\/\/circuitosalta.com.ar\/wp-content\/uploads\/2025\/09\/mural-damiana-6-1068x712.webp 1068w, https:\/\/circuitosalta.com.ar\/wp-content\/uploads\/2025\/09\/mural-damiana-6.webp 1280w\" sizes=\"(max-width: 1024px) 100vw, 1024px\" \/><\/figure>\n\n\n\n<figure class=\"wp-block-image size-large\"><img decoding=\"async\" width=\"1024\" height=\"682\" data-id=\"7471\" src=\"https:\/\/circuitosalta.com.ar\/wp-content\/uploads\/2025\/09\/muraldamiana1-1024x682.webp\" alt=\"\" class=\"wp-image-7471\" srcset=\"https:\/\/circuitosalta.com.ar\/wp-content\/uploads\/2025\/09\/muraldamiana1-1024x682.webp 1024w, https:\/\/circuitosalta.com.ar\/wp-content\/uploads\/2025\/09\/muraldamiana1-300x200.webp 300w, https:\/\/circuitosalta.com.ar\/wp-content\/uploads\/2025\/09\/muraldamiana1-768x512.webp 768w, https:\/\/circuitosalta.com.ar\/wp-content\/uploads\/2025\/09\/muraldamiana1-630x420.webp 630w, https:\/\/circuitosalta.com.ar\/wp-content\/uploads\/2025\/09\/muraldamiana1-696x464.webp 696w, https:\/\/circuitosalta.com.ar\/wp-content\/uploads\/2025\/09\/muraldamiana1-1068x712.webp 1068w, https:\/\/circuitosalta.com.ar\/wp-content\/uploads\/2025\/09\/muraldamiana1.webp 1280w\" sizes=\"(max-width: 1024px) 100vw, 1024px\" \/><\/figure>\n<\/figure>\n\n\n\n<p>Su principal destreza radica en el dibujo, donde se distingue por un realismo de excelencia que le ha valido numerosas distinciones. Paralelamente, ha desarrollado una s\u00f3lida trayectoria en el muralismo, disciplina en la que tambi\u00e9n obtuvo premios y menciones en distintas ocasiones.<\/p>\n\n\n\n<p>Artaza sostiene un ritmo constante de producci\u00f3n y participaci\u00f3n en muestras, exposiciones y publicaciones, lo que reafirma su lugar como referente dentro del \u00e1mbito art\u00edstico contempor\u00e1neo.<\/p>\n\n\n\n<figure class=\"wp-block-gallery has-nested-images columns-default is-cropped wp-block-gallery-2 is-layout-flex wp-block-gallery-is-layout-flex\">\n<figure class=\"wp-block-image size-large\"><img loading=\"lazy\" decoding=\"async\" width=\"1024\" height=\"682\" data-id=\"7475\" src=\"https:\/\/circuitosalta.com.ar\/wp-content\/uploads\/2025\/09\/muraldamiana4-1024x682.webp\" alt=\"\" class=\"wp-image-7475\" srcset=\"https:\/\/circuitosalta.com.ar\/wp-content\/uploads\/2025\/09\/muraldamiana4-1024x682.webp 1024w, https:\/\/circuitosalta.com.ar\/wp-content\/uploads\/2025\/09\/muraldamiana4-300x200.webp 300w, https:\/\/circuitosalta.com.ar\/wp-content\/uploads\/2025\/09\/muraldamiana4-768x512.webp 768w, https:\/\/circuitosalta.com.ar\/wp-content\/uploads\/2025\/09\/muraldamiana4-630x420.webp 630w, https:\/\/circuitosalta.com.ar\/wp-content\/uploads\/2025\/09\/muraldamiana4-696x464.webp 696w, https:\/\/circuitosalta.com.ar\/wp-content\/uploads\/2025\/09\/muraldamiana4-1068x712.webp 1068w, https:\/\/circuitosalta.com.ar\/wp-content\/uploads\/2025\/09\/muraldamiana4.webp 1280w\" sizes=\"(max-width: 1024px) 100vw, 1024px\" \/><\/figure>\n\n\n\n<figure class=\"wp-block-image size-large\"><img loading=\"lazy\" decoding=\"async\" width=\"1024\" height=\"682\" data-id=\"7476\" src=\"https:\/\/circuitosalta.com.ar\/wp-content\/uploads\/2025\/09\/muraldamiana2-1024x682.webp\" alt=\"\" class=\"wp-image-7476\" srcset=\"https:\/\/circuitosalta.com.ar\/wp-content\/uploads\/2025\/09\/muraldamiana2-1024x682.webp 1024w, https:\/\/circuitosalta.com.ar\/wp-content\/uploads\/2025\/09\/muraldamiana2-300x200.webp 300w, https:\/\/circuitosalta.com.ar\/wp-content\/uploads\/2025\/09\/muraldamiana2-768x512.webp 768w, https:\/\/circuitosalta.com.ar\/wp-content\/uploads\/2025\/09\/muraldamiana2-630x420.webp 630w, https:\/\/circuitosalta.com.ar\/wp-content\/uploads\/2025\/09\/muraldamiana2-696x464.webp 696w, https:\/\/circuitosalta.com.ar\/wp-content\/uploads\/2025\/09\/muraldamiana2-1068x712.webp 1068w, https:\/\/circuitosalta.com.ar\/wp-content\/uploads\/2025\/09\/muraldamiana2.webp 1280w\" sizes=\"(max-width: 1024px) 100vw, 1024px\" \/><\/figure>\n\n\n\n<figure class=\"wp-block-image size-large\"><img loading=\"lazy\" decoding=\"async\" width=\"1024\" height=\"682\" data-id=\"7474\" src=\"https:\/\/circuitosalta.com.ar\/wp-content\/uploads\/2025\/09\/muraldamiana3-1024x682.webp\" alt=\"\" class=\"wp-image-7474\" srcset=\"https:\/\/circuitosalta.com.ar\/wp-content\/uploads\/2025\/09\/muraldamiana3-1024x682.webp 1024w, https:\/\/circuitosalta.com.ar\/wp-content\/uploads\/2025\/09\/muraldamiana3-300x200.webp 300w, https:\/\/circuitosalta.com.ar\/wp-content\/uploads\/2025\/09\/muraldamiana3-768x512.webp 768w, https:\/\/circuitosalta.com.ar\/wp-content\/uploads\/2025\/09\/muraldamiana3-630x420.webp 630w, https:\/\/circuitosalta.com.ar\/wp-content\/uploads\/2025\/09\/muraldamiana3-696x464.webp 696w, https:\/\/circuitosalta.com.ar\/wp-content\/uploads\/2025\/09\/muraldamiana3-1068x712.webp 1068w, https:\/\/circuitosalta.com.ar\/wp-content\/uploads\/2025\/09\/muraldamiana3.webp 1280w\" sizes=\"(max-width: 1024px) 100vw, 1024px\" \/><\/figure>\n<\/figure>\n\n\n\n<p>Adem\u00e1s de su labor creativa, cuenta con una amplia experiencia como formador, transmitiendo sus conocimientos en artes visuales.<\/p>\n\n\n\n<figure class=\"wp-block-image size-large is-resized\"><img decoding=\"async\" src=\"https:\/\/prensa.municipalidadsalta.gob.ar\/logo.png\" alt=\"\" style=\"width:172px;height:auto\"\/><\/figure>\n","protected":false},"excerpt":{"rendered":"<p>Se plasmar\u00e1n cuatro propuestas, entre las que se encuentra la obra de Heber Artaza, quien retrat\u00f3 a Damiana Luzco, una reconocida peregrina de San Antonio de los Cobres. \u00a0De este modo, se rinde homenaje a la fe y a la cultura popular. La Municipalidad de Salta contin\u00faa con el Plan de Intervenciones Art\u00edsticas y Murales [&hellip;]<\/p>\n","protected":false},"author":2,"featured_media":7471,"comment_status":"open","ping_status":"open","sticky":false,"template":"","format":"standard","meta":{"tdm_status":"","tdm_grid_status":"","footnotes":""},"categories":[23,44],"tags":[],"class_list":{"0":"post-7470","1":"post","2":"type-post","3":"status-publish","4":"format-standard","5":"has-post-thumbnail","7":"category-audio-visuales","8":"category-ciudad-de-salta"},"_links":{"self":[{"href":"https:\/\/circuitosalta.com.ar\/index.php?rest_route=\/wp\/v2\/posts\/7470"}],"collection":[{"href":"https:\/\/circuitosalta.com.ar\/index.php?rest_route=\/wp\/v2\/posts"}],"about":[{"href":"https:\/\/circuitosalta.com.ar\/index.php?rest_route=\/wp\/v2\/types\/post"}],"author":[{"embeddable":true,"href":"https:\/\/circuitosalta.com.ar\/index.php?rest_route=\/wp\/v2\/users\/2"}],"replies":[{"embeddable":true,"href":"https:\/\/circuitosalta.com.ar\/index.php?rest_route=%2Fwp%2Fv2%2Fcomments&post=7470"}],"version-history":[{"count":1,"href":"https:\/\/circuitosalta.com.ar\/index.php?rest_route=\/wp\/v2\/posts\/7470\/revisions"}],"predecessor-version":[{"id":7477,"href":"https:\/\/circuitosalta.com.ar\/index.php?rest_route=\/wp\/v2\/posts\/7470\/revisions\/7477"}],"wp:featuredmedia":[{"embeddable":true,"href":"https:\/\/circuitosalta.com.ar\/index.php?rest_route=\/wp\/v2\/media\/7471"}],"wp:attachment":[{"href":"https:\/\/circuitosalta.com.ar\/index.php?rest_route=%2Fwp%2Fv2%2Fmedia&parent=7470"}],"wp:term":[{"taxonomy":"category","embeddable":true,"href":"https:\/\/circuitosalta.com.ar\/index.php?rest_route=%2Fwp%2Fv2%2Fcategories&post=7470"},{"taxonomy":"post_tag","embeddable":true,"href":"https:\/\/circuitosalta.com.ar\/index.php?rest_route=%2Fwp%2Fv2%2Ftags&post=7470"}],"curies":[{"name":"wp","href":"https:\/\/api.w.org\/{rel}","templated":true}]}}