{"id":7488,"date":"2025-09-05T08:02:45","date_gmt":"2025-09-05T11:02:45","guid":{"rendered":"https:\/\/circuitosalta.com.ar\/?p=7488"},"modified":"2025-09-05T08:02:47","modified_gmt":"2025-09-05T11:02:47","slug":"el-gobernador-orrego-y-scioli-abrieron-el-foro-nacional-de-turismo-2025-en-san-juan","status":"publish","type":"post","link":"https:\/\/circuitosalta.com.ar\/?p=7488","title":{"rendered":"El gobernador Orrego y Scioli abrieron el Foro Nacional de Turismo 2025 en San Juan"},"content":{"rendered":"\n<p><strong><em>Bajo el lema \u201cTransformando destinos: Innovaci\u00f3n, Tecnolog\u00eda y Sostenibilidad para un Turismo Inteligente\u201d, comenz\u00f3 este encuentro con un acto a sala llena.<\/em><\/strong><\/p>\n\n\n\n<p>El secretario de Turismo, Ambiente y Deportes de la Naci\u00f3n y presidente del Instituto Nacional de Promoci\u00f3n Tur\u00edstica (Inprotur),&nbsp;<strong>Daniel Scioli<\/strong>, particip\u00f3 de la apertura del&nbsp;<strong>Foro Nacional de Turismo 2025<\/strong>&nbsp;en la ciudad de&nbsp;<strong>San Juan<\/strong>, junto al gobernador de esa provincia,&nbsp;<strong>Marcelo Orrego<\/strong>. El evento, que es una iniciativa estrat\u00e9gica del&nbsp;<strong>Consejo Federal de Turismo<\/strong>, finaliza el jueves, cuenta con m\u00e1s de&nbsp;<strong>1600 inscriptos<\/strong>&nbsp;y fue declarado evento de&nbsp;<strong>inter\u00e9s provincial<\/strong>.<\/p>\n\n\n\n<figure class=\"wp-block-image\"><img decoding=\"async\" src=\"https:\/\/www.argentina.gob.ar\/sites\/default\/files\/estrado_foro_de_san_juan.jpg\" alt=\"\"\/><\/figure>\n\n\n\n<p><strong>Scioli<\/strong>&nbsp;asegur\u00f3 durante su participaci\u00f3n que el foro&nbsp;<em>\u201ces un hito\u201d, que implica \u201cun antes y un despu\u00e9s\u201d<\/em>, a la vez que argument\u00f3:&nbsp;<em>\u201cTenemos que posicionar a la Argentina en el exterior y explicar que no es la de siempre, que hay un pa\u00eds que est\u00e1 cambiando\u201d<\/em>.<\/p>\n\n\n\n<figure class=\"wp-block-image\"><img decoding=\"async\" src=\"https:\/\/www.argentina.gob.ar\/sites\/default\/files\/scioli_orrego_foro_de_san_juan.jpg\" alt=\"\"\/><\/figure>\n\n\n\n<p>En sinton\u00eda con eso, el funcionario expres\u00f3:&nbsp;<em>\u201cHoy Argentina es un pa\u00eds que vuelve a despertar confianza e inter\u00e9s inversor. Tenemos sectores estrat\u00e9gicos para poder avanzar significativamente, como son la energ\u00eda, la miner\u00eda, el agro, la econom\u00eda del conocimiento y el turismo\u201d<\/em>. Y finalmente agreg\u00f3:&nbsp;<em>\u201cPara desarrollar esto necesitamos especialmente el compromiso de los j\u00f3venes, celebro que haya tanta juventud en este encuentro\u201d<\/em>.<\/p>\n\n\n\n<figure class=\"wp-block-image\"><img decoding=\"async\" src=\"https:\/\/www.argentina.gob.ar\/sites\/default\/files\/auditorio_foro_de_san_juan.jpg\" alt=\"\"\/><\/figure>\n\n\n\n<p>Por su parte,&nbsp;<strong>Orrego<\/strong>&nbsp;se refiri\u00f3 a la gran cantidad de j\u00f3venes presentes:&nbsp;<em>\u201ccuando se habla de j\u00f3venes tambi\u00e9n se habla de futuro\u201d. \u201cEs necesaria esa visi\u00f3n, esa impronta de lo que tiene que ver con el futuro, en este caso, del turismo de la Argentina y, en lo particular, de la provincia de San Juan\u201d<\/em>. Sobre la jurisdicci\u00f3n, afirm\u00f3 que la miner\u00eda y el agro resultan claves para su desarrollo, a la vez que se\u00f1al\u00f3 que&nbsp;<em>\u201cen la matriz productiva figura un pilar central que es el turismo\u201d. \u201cTenemos paisajes extraordinarios, tenemos buena gastronom\u00eda\u201d \u2014asegur\u00f3 el gobernador \u2014 \u201cest\u00e1 en nuestro desaf\u00edo que sea parte de nuestra agenda\u201d<\/em>, puntualiz\u00f3.<\/p>\n\n\n\n<p>El presidente del Consejo Federal de Turismo,&nbsp;<strong>Valent\u00edn D\u00edaz Gilligan<\/strong>, destac\u00f3 en su intervenci\u00f3n&nbsp;<em>\u201cel potencial que tienen el turismo y la innovaci\u00f3n en cada una de las provincias, en cada uno de los destinos\u201d. \u201cCelebro que en este foro nacional estemos pensando hacia d\u00f3nde vamos, c\u00f3mo trabajamos cada uno de los destinos y c\u00f3mo seguimos innovando a una velocidad incre\u00edble. El turismo no para de crecer en el mundo hace d\u00e9cadas\u201d<\/em>, manifest\u00f3.<\/p>\n\n\n\n<p>Asimismo, la presidente de la C\u00e1mara Argentina de Turismo (CAT),&nbsp;<strong>Laura Teruel<\/strong>&nbsp;dijo:&nbsp;<em>\u201cTenemos un sector deseoso por capacitarse y formarse para alentar los productos de calidad que brindamos los argentinos\u201d. Tambi\u00e9n agradeci\u00f3 a su par de la c\u00e1mara de turismo de San Juan y a todo el sector privado, con quienes hacen \u201cla cadena de valor de turismo\u201d, al CFT \u201cpor todo el trabajo articulado\u201d y \u201c a cada una de las provincias\u00bb<\/em>.<\/p>\n\n\n\n<p>Por \u00faltimo, el ministro de Turismo, Cultura y Deporte de San Juan,&nbsp;<strong>Guido Romero<\/strong>, destac\u00f3 que&nbsp;<em>\u201cpara el gobernador de San Juan, el turismo es una pol\u00edtica de estado\u201d. \u201cEste foro sirve para capacitarnos, para saber d\u00f3nde estamos y a d\u00f3nde queremos ir\u201d<\/em>, puntualiz\u00f3.&nbsp;<em>\u201cEntre los ejes m\u00e1s importantes del foro se destacan la transformaci\u00f3n de los destinos, la innovaci\u00f3n, la tecnolog\u00eda, la gobernanza, el financiamiento y la sostenibilidad, que son ejes fundamentales para lograr esta transici\u00f3n entre un destino tur\u00edstico y un destino tur\u00edstico inteligente\u201d<\/em>, sum\u00f3.<\/p>\n\n\n\n<p>Tambi\u00e9n acompa\u00f1\u00f3 a&nbsp;<strong>Scioli<\/strong>&nbsp;en el estrado el vicegobernador de la provincia de San Juan,&nbsp;<strong>Fabian Mart\u00edn<\/strong>.<\/p>\n\n\n\n<p>Con la participaci\u00f3n de m\u00e1s de 30 disertantes y moderadores nacionales e internacionales, la agenda del Foro incluye tem\u00e1ticas como sostenibilidad, tecnolog\u00eda, innovaci\u00f3n para la competitividad, y gobernanza, entre otras presentaciones, talleres y paneles.<\/p>\n\n\n\n<p>Las ediciones anteriores se realizaron en la ciudad de C\u00f3rdoba en 2024 \u2014\u201cDestinIA, Rumbo al Futuro\u201d\u2014, en Ushuaia en 2023 \u2014\u201cRe-evoluci\u00f3n de los destinos emergentes en Argentina\u201d\u2014 y Termas de R\u00edo Hondo en 2022 \u2014\u201cRepensar el Turismo de manera sostenible\u201d\u2014, a las que asistieron m\u00e1s de mil personas en cada encuentro.<\/p>\n","protected":false},"excerpt":{"rendered":"<p>Bajo el lema \u201cTransformando destinos: Innovaci\u00f3n, Tecnolog\u00eda y Sostenibilidad para un Turismo Inteligente\u201d, comenz\u00f3 este encuentro con un acto a sala llena. El secretario de Turismo, Ambiente y Deportes de la Naci\u00f3n y presidente del Instituto Nacional de Promoci\u00f3n Tur\u00edstica (Inprotur),&nbsp;Daniel Scioli, particip\u00f3 de la apertura del&nbsp;Foro Nacional de Turismo 2025&nbsp;en la ciudad de&nbsp;San Juan, [&hellip;]<\/p>\n","protected":false},"author":2,"featured_media":7489,"comment_status":"open","ping_status":"open","sticky":false,"template":"","format":"standard","meta":{"tdm_status":"","tdm_grid_status":"","footnotes":""},"categories":[21],"tags":[],"class_list":{"0":"post-7488","1":"post","2":"type-post","3":"status-publish","4":"format-standard","5":"has-post-thumbnail","7":"category-nacional"},"_links":{"self":[{"href":"https:\/\/circuitosalta.com.ar\/index.php?rest_route=\/wp\/v2\/posts\/7488"}],"collection":[{"href":"https:\/\/circuitosalta.com.ar\/index.php?rest_route=\/wp\/v2\/posts"}],"about":[{"href":"https:\/\/circuitosalta.com.ar\/index.php?rest_route=\/wp\/v2\/types\/post"}],"author":[{"embeddable":true,"href":"https:\/\/circuitosalta.com.ar\/index.php?rest_route=\/wp\/v2\/users\/2"}],"replies":[{"embeddable":true,"href":"https:\/\/circuitosalta.com.ar\/index.php?rest_route=%2Fwp%2Fv2%2Fcomments&post=7488"}],"version-history":[{"count":1,"href":"https:\/\/circuitosalta.com.ar\/index.php?rest_route=\/wp\/v2\/posts\/7488\/revisions"}],"predecessor-version":[{"id":7490,"href":"https:\/\/circuitosalta.com.ar\/index.php?rest_route=\/wp\/v2\/posts\/7488\/revisions\/7490"}],"wp:featuredmedia":[{"embeddable":true,"href":"https:\/\/circuitosalta.com.ar\/index.php?rest_route=\/wp\/v2\/media\/7489"}],"wp:attachment":[{"href":"https:\/\/circuitosalta.com.ar\/index.php?rest_route=%2Fwp%2Fv2%2Fmedia&parent=7488"}],"wp:term":[{"taxonomy":"category","embeddable":true,"href":"https:\/\/circuitosalta.com.ar\/index.php?rest_route=%2Fwp%2Fv2%2Fcategories&post=7488"},{"taxonomy":"post_tag","embeddable":true,"href":"https:\/\/circuitosalta.com.ar\/index.php?rest_route=%2Fwp%2Fv2%2Ftags&post=7488"}],"curies":[{"name":"wp","href":"https:\/\/api.w.org\/{rel}","templated":true}]}}