{"id":7497,"date":"2025-09-08T12:38:09","date_gmt":"2025-09-08T15:38:09","guid":{"rendered":"https:\/\/circuitosalta.com.ar\/?p=7497"},"modified":"2025-09-08T12:38:11","modified_gmt":"2025-09-08T15:38:11","slug":"la-ciudad-de-salta-participo-del-foro-nacional-de-turismo-2025-en-san-juan","status":"publish","type":"post","link":"https:\/\/circuitosalta.com.ar\/?p=7497","title":{"rendered":"La Ciudad de Salta particip\u00f3 del Foro Nacional de Turismo 2025 en San Juan"},"content":{"rendered":"\n<p><strong><em>Se trata de uno de los encuentros m\u00e1s importantes del sector. En la oportunidad, el titular del Ente de Turismo de la Municipalidad, Fernando Garc\u00eda Soria, expuso sobre la gesti\u00f3n local en el panel Destinos Tur\u00edsticos Inteligentes.<\/em><\/strong><\/p>\n\n\n\n<p>La Municipalidad de Salta, a trav\u00e9s del Ente de Turismo, particip\u00f3 del Foro Nacional de Turismo 2025 realizado en San Juan, uno de los encuentros m\u00e1s importantes del sector a nivel nacional.<\/p>\n\n\n\n<p>En esta oportunidad, Fernando Garc\u00eda Soria represent\u00f3 a la Ciudad de Salta, y form\u00f3 parte del panel \u201cExperiencias DTI de provincias argentinas\u201d, donde comparti\u00f3 el plan de gesti\u00f3n tur\u00edstica de la ciudad, enmarcado en la estrategia de Destino Tur\u00edstico Inteligente.<\/p>\n\n\n\n<p>Durante dos jornadas de trabajo, representantes de distintos destinos de Argentina y Sudam\u00e9rica intercambiaron experiencias, aprendizajes y desaf\u00edos para seguir potenciando el turismo como herramienta de transformaci\u00f3n y generaci\u00f3n de oportunidades.<\/p>\n\n\n\n<p>La participaci\u00f3n de la Municipalidad en este foro reafirma el compromiso de continuar posicionando a Salta como una ciudad referente en innovaci\u00f3n, sostenibilidad e inclusi\u00f3n tur\u00edstica.<\/p>\n\n\n\n<figure class=\"wp-block-image size-large is-resized\"><img decoding=\"async\" src=\"https:\/\/prensa.municipalidadsalta.gob.ar\/logo.png\" alt=\"\" style=\"width:195px;height:auto\"\/><\/figure>\n","protected":false},"excerpt":{"rendered":"<p>Se trata de uno de los encuentros m\u00e1s importantes del sector. En la oportunidad, el titular del Ente de Turismo de la Municipalidad, Fernando Garc\u00eda Soria, expuso sobre la gesti\u00f3n local en el panel Destinos Tur\u00edsticos Inteligentes. La Municipalidad de Salta, a trav\u00e9s del Ente de Turismo, particip\u00f3 del Foro Nacional de Turismo 2025 realizado [&hellip;]<\/p>\n","protected":false},"author":2,"featured_media":7498,"comment_status":"open","ping_status":"open","sticky":false,"template":"","format":"standard","meta":{"tdm_status":"","tdm_grid_status":"","footnotes":""},"categories":[16,21],"tags":[],"class_list":{"0":"post-7497","1":"post","2":"type-post","3":"status-publish","4":"format-standard","5":"has-post-thumbnail","7":"category-ferias-y-congresos","8":"category-nacional"},"_links":{"self":[{"href":"https:\/\/circuitosalta.com.ar\/index.php?rest_route=\/wp\/v2\/posts\/7497"}],"collection":[{"href":"https:\/\/circuitosalta.com.ar\/index.php?rest_route=\/wp\/v2\/posts"}],"about":[{"href":"https:\/\/circuitosalta.com.ar\/index.php?rest_route=\/wp\/v2\/types\/post"}],"author":[{"embeddable":true,"href":"https:\/\/circuitosalta.com.ar\/index.php?rest_route=\/wp\/v2\/users\/2"}],"replies":[{"embeddable":true,"href":"https:\/\/circuitosalta.com.ar\/index.php?rest_route=%2Fwp%2Fv2%2Fcomments&post=7497"}],"version-history":[{"count":1,"href":"https:\/\/circuitosalta.com.ar\/index.php?rest_route=\/wp\/v2\/posts\/7497\/revisions"}],"predecessor-version":[{"id":7499,"href":"https:\/\/circuitosalta.com.ar\/index.php?rest_route=\/wp\/v2\/posts\/7497\/revisions\/7499"}],"wp:featuredmedia":[{"embeddable":true,"href":"https:\/\/circuitosalta.com.ar\/index.php?rest_route=\/wp\/v2\/media\/7498"}],"wp:attachment":[{"href":"https:\/\/circuitosalta.com.ar\/index.php?rest_route=%2Fwp%2Fv2%2Fmedia&parent=7497"}],"wp:term":[{"taxonomy":"category","embeddable":true,"href":"https:\/\/circuitosalta.com.ar\/index.php?rest_route=%2Fwp%2Fv2%2Fcategories&post=7497"},{"taxonomy":"post_tag","embeddable":true,"href":"https:\/\/circuitosalta.com.ar\/index.php?rest_route=%2Fwp%2Fv2%2Ftags&post=7497"}],"curies":[{"name":"wp","href":"https:\/\/api.w.org\/{rel}","templated":true}]}}