{"id":7519,"date":"2025-09-12T09:44:40","date_gmt":"2025-09-12T12:44:40","guid":{"rendered":"https:\/\/circuitosalta.com.ar\/?p=7519"},"modified":"2025-09-12T09:44:42","modified_gmt":"2025-09-12T12:44:42","slug":"la-rioja-lanza-el-primer-congreso-regional-de-turismo-naturaleza-y-sostenibilidad","status":"publish","type":"post","link":"https:\/\/circuitosalta.com.ar\/?p=7519","title":{"rendered":"La Rioja lanza el Primer Congreso Regional de Turismo, Naturaleza y Sostenibilidad"},"content":{"rendered":"\n<p><em><strong>Organizado por Turismo y la UNLaR, el encuentro ser\u00e1 el 19 y 20\/9 en Villa Uni\u00f3n, con formaci\u00f3n y debate para fortalecer el turismo de naturaleza con enfoque sostenible y responsable.<\/strong><\/em><\/p>\n\n\n\n<p>El Gobierno de La Rioja, a trav\u00e9s de la Secretar\u00eda de Turismo, junto a la Universidad Nacional de La Rioja (UNLaR), presentaron oficialmente el Primer Congreso Regional de Turismo, Naturaleza y Sostenibilidad, que se llevar\u00e1 a cabo los pr\u00f3ximos 19 y 20 de septiembre en Villa Uni\u00f3n, en el marco del 40\u00ba aniversario de la sede universitaria en la ciudad.<\/p>\n\n\n<div class=\"wp-block-image\">\n<figure class=\"alignleft size-large\"><img decoding=\"async\" src=\"https:\/\/turismo.larioja.gob.ar\/wp-content\/uploads\/2025\/09\/WhatsApp-Image-2025-09-04-at-10.50.54-1-300x200.jpeg\" alt=\"\"\/><\/figure><\/div>\n\n\n<p>El Congreso se plantea como un \u00e1mbito de formaci\u00f3n, profesionalizaci\u00f3n y debate, en el que confluir\u00e1n los sectores p\u00fablico, acad\u00e9mico y privado, con el prop\u00f3sito de potenciar el turismo de naturaleza bajo criterios de sostenibilidad y responsabilidad.<br>Del lanzamiento participaron el vicerrector de la UNLaR, Luis Oviedo; los decanos Mar\u00eda In\u00e9s Peralta y Luis Brac; el secretario de Turismo de La Rioja, Jos\u00e9 Rosa, junto a su equipo t\u00e9cnico. Todos coincidieron en la importancia de generar espacios de encuentro que fortalezcan el sector tur\u00edstico desde una mirada integral y sostenible.<\/p>\n\n\n<div class=\"wp-block-image\">\n<figure class=\"alignright\"><img decoding=\"async\" src=\"https:\/\/turismo.larioja.gob.ar\/wp-content\/uploads\/2025\/09\/WhatsApp-Image-2025-09-04-at-10.50.54-2-300x200.jpeg\" alt=\"\" class=\"wp-image-13321\"\/><\/figure><\/div>\n\n\n<p><strong>Intensa actividad<\/strong><br>El programa oficial incluye charlas magistrales, paneles sobre gobernanza, legislaci\u00f3n, sostenibilidad e innovaci\u00f3n, adem\u00e1s de visitas t\u00e9cnicas y actividades culturales. Entre los expositores se encuentran referentes provinciales, acad\u00e9micos y prestadores tur\u00edsticos de reconocida trayectoria a nivel nacional.<br>Finalmente, se remarc\u00f3 que la iniciativa busca consolidar a La Rioja como un referente en turismo de naturaleza, al tiempo que brinda a prestadores, gu\u00edas y emprendedores la posibilidad de acceder a nuevos aprendizajes y conocimientos que les permitan adaptarse a los desaf\u00edos actuales del sector.<\/p>\n\n\n\n<p>Informes e inscripci\u00f3n:<br>icongresoregionalturismo@gmail.com<br><a href=\"https:\/\/forms.gle\/VdVmzdjkvNy4TGis7\">https:\/\/forms.gle\/VdVmzdjkvNy4TGis7<\/a><\/p>\n\n\n\n<figure class=\"wp-block-image size-full is-resized\"><a href=\"https:\/\/turismo.larioja.gob.ar\/novedades\/la-rioja-lanza-el-primer-congreso-regional-de-turismo-naturaleza-y-sostenibilidad\/\" target=\"_blank\" rel=\"noreferrer noopener\"><img decoding=\"async\" width=\"317\" height=\"123\" src=\"https:\/\/circuitosalta.com.ar\/wp-content\/uploads\/2025\/09\/Captura-de-pantalla_12-9-2025_9344_turismo.larioja.gob_.ar_.jpeg\" alt=\"\" class=\"wp-image-7520\" style=\"width:186px;height:auto\" srcset=\"https:\/\/circuitosalta.com.ar\/wp-content\/uploads\/2025\/09\/Captura-de-pantalla_12-9-2025_9344_turismo.larioja.gob_.ar_.jpeg 317w, https:\/\/circuitosalta.com.ar\/wp-content\/uploads\/2025\/09\/Captura-de-pantalla_12-9-2025_9344_turismo.larioja.gob_.ar_-300x116.jpeg 300w\" sizes=\"(max-width: 317px) 100vw, 317px\" \/><\/a><figcaption class=\"wp-element-caption\">Fuente<\/figcaption><\/figure>\n","protected":false},"excerpt":{"rendered":"<p>Organizado por Turismo y la UNLaR, el encuentro ser\u00e1 el 19 y 20\/9 en Villa Uni\u00f3n, con formaci\u00f3n y debate para fortalecer el turismo de naturaleza con enfoque sostenible y responsable. El Gobierno de La Rioja, a trav\u00e9s de la Secretar\u00eda de Turismo, junto a la Universidad Nacional de La Rioja (UNLaR), presentaron oficialmente el [&hellip;]<\/p>\n","protected":false},"author":2,"featured_media":7521,"comment_status":"open","ping_status":"open","sticky":false,"template":"","format":"standard","meta":{"tdm_status":"","tdm_grid_status":"","footnotes":""},"categories":[43],"tags":[],"class_list":{"0":"post-7519","1":"post","2":"type-post","3":"status-publish","4":"format-standard","5":"has-post-thumbnail","7":"category-ambiente-naturaleza"},"_links":{"self":[{"href":"https:\/\/circuitosalta.com.ar\/index.php?rest_route=\/wp\/v2\/posts\/7519"}],"collection":[{"href":"https:\/\/circuitosalta.com.ar\/index.php?rest_route=\/wp\/v2\/posts"}],"about":[{"href":"https:\/\/circuitosalta.com.ar\/index.php?rest_route=\/wp\/v2\/types\/post"}],"author":[{"embeddable":true,"href":"https:\/\/circuitosalta.com.ar\/index.php?rest_route=\/wp\/v2\/users\/2"}],"replies":[{"embeddable":true,"href":"https:\/\/circuitosalta.com.ar\/index.php?rest_route=%2Fwp%2Fv2%2Fcomments&post=7519"}],"version-history":[{"count":1,"href":"https:\/\/circuitosalta.com.ar\/index.php?rest_route=\/wp\/v2\/posts\/7519\/revisions"}],"predecessor-version":[{"id":7522,"href":"https:\/\/circuitosalta.com.ar\/index.php?rest_route=\/wp\/v2\/posts\/7519\/revisions\/7522"}],"wp:featuredmedia":[{"embeddable":true,"href":"https:\/\/circuitosalta.com.ar\/index.php?rest_route=\/wp\/v2\/media\/7521"}],"wp:attachment":[{"href":"https:\/\/circuitosalta.com.ar\/index.php?rest_route=%2Fwp%2Fv2%2Fmedia&parent=7519"}],"wp:term":[{"taxonomy":"category","embeddable":true,"href":"https:\/\/circuitosalta.com.ar\/index.php?rest_route=%2Fwp%2Fv2%2Fcategories&post=7519"},{"taxonomy":"post_tag","embeddable":true,"href":"https:\/\/circuitosalta.com.ar\/index.php?rest_route=%2Fwp%2Fv2%2Ftags&post=7519"}],"curies":[{"name":"wp","href":"https:\/\/api.w.org\/{rel}","templated":true}]}}