{"id":7526,"date":"2025-09-18T11:54:40","date_gmt":"2025-09-18T14:54:40","guid":{"rendered":"https:\/\/circuitosalta.com.ar\/?p=7526"},"modified":"2025-09-18T11:54:42","modified_gmt":"2025-09-18T14:54:42","slug":"salta-volvera-a-ser-protagonista-en-una-nueva-edicion-de-la-feria-internacional-de-turismo","status":"publish","type":"post","link":"https:\/\/circuitosalta.com.ar\/?p=7526","title":{"rendered":"Salta volver\u00e1 a ser protagonista en una nueva edici\u00f3n de la Feria Internacional de Turismo"},"content":{"rendered":"\n<p><strong><em>Se trata de la feria de turismo m\u00e1s importante de Latinoam\u00e9rica, que se desarrollar\u00e1 del 27 al 30 de septiembre en La Rural de Palermo, donde Salta presentar\u00e1 su propuesta tur\u00edstica.<\/em><\/strong><\/p>\n\n\n\n<p>La ministra de Turismo y Deportes,&nbsp;<strong>Manuela Arancibia<\/strong>, encabez\u00f3 el evento Pre FIT 2025, encuentro que reuni\u00f3 a representantes de c\u00e1maras, operadores tur\u00edsticos y municipios de toda la provincia, junto al equipo del ministerio.<\/p>\n\n\n\n<p>\u201cLa FIT es el espacio m\u00e1s importante para mostrar al pa\u00eds y al mundo todo lo que ofrece Salta. Hoy compartimos con el sector lo que ser\u00e1 nuestra propuesta para esta edici\u00f3n, en la que una vez m\u00e1s vamos a invitar a vivir experiencias \u00fanicas en nuestra provincia\u201d, expres\u00f3 la ministra Arancibia.<\/p>\n\n\n\n<p>La 29\u00b0 edici\u00f3n de la Feria Internacional de Turismo (FIT) se desarrollar\u00e1 del 27 al 30 de septiembre en La Rural de Palermo, Ciudad de Buenos Aires, con la participaci\u00f3n de m\u00e1s de 135.000 visitantes, 55 pa\u00edses y todas las provincias argentinas. El stand de Salta estar\u00e1 ubicado en el Pabell\u00f3n Nacional, dentro del espacio Norte Argentino, y la delegaci\u00f3n provincial estar\u00e1 integrada por 28 empresas y 13 destinos.<\/p>\n\n\n\n<figure class=\"wp-block-image\"><a href=\"https:\/\/www.salta.gob.ar\/public\/images\/noticias\/contenidos\/19607-salta-volvera-a-ser-protagonista-en-una-nueva-edicion-de-la-feria-internacional-de-turismo.webp\"><img decoding=\"async\" src=\"https:\/\/www.salta.gob.ar\/public\/images\/noticias\/contenidos\/19607-salta-volvera-a-ser-protagonista-en-una-nueva-edicion-de-la-feria-internacional-de-turismo.webp\" alt=\"Salta volver\u00e1 a ser protagonista en una nueva edici\u00f3n de la Feria Internacional de Turismo.\"\/><\/a><\/figure>\n\n\n\n<p><em><strong>Activaciones y presentaciones de Salta<\/strong><\/em><\/p>\n\n\n\n<p>Durante las cuatro jornadas se desarrollar\u00e1n activaciones y presentaciones que pondr\u00e1n en valor la identidad salte\u00f1a. El s\u00e1bado tendr\u00e1 lugar la inauguraci\u00f3n oficial de la feria y en el espacio de Salta se realizar\u00e1n degustaciones de vinos y master class de empanadas, actividades que tambi\u00e9n se replicar\u00e1n el domingo, lunes y martes en distintos horarios. Adem\u00e1s, el p\u00fablico podr\u00e1 disfrutar de propuestas interactivas y juegos en el Espacio Salta, que ofrecer\u00e1 experiencias vinculadas a la cultura, la m\u00fasica y la gastronom\u00eda de la provincia.<\/p>\n\n\n\n<p>El domingo a las 20, Salta tendr\u00e1 un lugar destacado en el escenario \u201cEleg\u00ed Argentina\u201d con la actuaci\u00f3n del Chaque\u00f1o Palavecino, uno de los espect\u00e1culos m\u00e1s esperados de la feria. El lunes se desarrollar\u00e1 la activaci\u00f3n de Seclant\u00e1s, en el marco de su elecci\u00f3n para representar a Argentina en la instancia internacional del programa \u201cBest Tourism Villages\u201d de ONU Turismo 2025, mientras que el martes en el auditorio se presentar\u00e1n los \u00cdconos tur\u00edsticos de Salta y los Imperdibles de Salta, reflejando la diversidad de atractivos que posicionan a la provincia como uno de los destinos m\u00e1s elegidos del pa\u00eds.<\/p>\n\n\n\n<hr class=\"wp-block-separator has-alpha-channel-opacity\"\/>\n\n\n\n<p>Fuente:&nbsp;<strong>Secretar\u00eda de Prensa y Comunicaci\u00f3n<\/strong><\/p>\n","protected":false},"excerpt":{"rendered":"<p>Se trata de la feria de turismo m\u00e1s importante de Latinoam\u00e9rica, que se desarrollar\u00e1 del 27 al 30 de septiembre en La Rural de Palermo, donde Salta presentar\u00e1 su propuesta tur\u00edstica. La ministra de Turismo y Deportes,&nbsp;Manuela Arancibia, encabez\u00f3 el evento Pre FIT 2025, encuentro que reuni\u00f3 a representantes de c\u00e1maras, operadores tur\u00edsticos y municipios [&hellip;]<\/p>\n","protected":false},"author":2,"featured_media":7527,"comment_status":"open","ping_status":"open","sticky":false,"template":"","format":"standard","meta":{"tdm_status":"","tdm_grid_status":"","footnotes":""},"categories":[16],"tags":[],"class_list":{"0":"post-7526","1":"post","2":"type-post","3":"status-publish","4":"format-standard","5":"has-post-thumbnail","7":"category-ferias-y-congresos"},"_links":{"self":[{"href":"https:\/\/circuitosalta.com.ar\/index.php?rest_route=\/wp\/v2\/posts\/7526"}],"collection":[{"href":"https:\/\/circuitosalta.com.ar\/index.php?rest_route=\/wp\/v2\/posts"}],"about":[{"href":"https:\/\/circuitosalta.com.ar\/index.php?rest_route=\/wp\/v2\/types\/post"}],"author":[{"embeddable":true,"href":"https:\/\/circuitosalta.com.ar\/index.php?rest_route=\/wp\/v2\/users\/2"}],"replies":[{"embeddable":true,"href":"https:\/\/circuitosalta.com.ar\/index.php?rest_route=%2Fwp%2Fv2%2Fcomments&post=7526"}],"version-history":[{"count":1,"href":"https:\/\/circuitosalta.com.ar\/index.php?rest_route=\/wp\/v2\/posts\/7526\/revisions"}],"predecessor-version":[{"id":7528,"href":"https:\/\/circuitosalta.com.ar\/index.php?rest_route=\/wp\/v2\/posts\/7526\/revisions\/7528"}],"wp:featuredmedia":[{"embeddable":true,"href":"https:\/\/circuitosalta.com.ar\/index.php?rest_route=\/wp\/v2\/media\/7527"}],"wp:attachment":[{"href":"https:\/\/circuitosalta.com.ar\/index.php?rest_route=%2Fwp%2Fv2%2Fmedia&parent=7526"}],"wp:term":[{"taxonomy":"category","embeddable":true,"href":"https:\/\/circuitosalta.com.ar\/index.php?rest_route=%2Fwp%2Fv2%2Fcategories&post=7526"},{"taxonomy":"post_tag","embeddable":true,"href":"https:\/\/circuitosalta.com.ar\/index.php?rest_route=%2Fwp%2Fv2%2Ftags&post=7526"}],"curies":[{"name":"wp","href":"https:\/\/api.w.org\/{rel}","templated":true}]}}