{"id":7535,"date":"2025-09-23T10:27:57","date_gmt":"2025-09-23T13:27:57","guid":{"rendered":"https:\/\/circuitosalta.com.ar\/?p=7535"},"modified":"2025-09-25T22:11:23","modified_gmt":"2025-09-26T01:11:23","slug":"la-ciudad-celebrara-el-dia-internacional-del-turismo","status":"publish","type":"post","link":"https:\/\/circuitosalta.com.ar\/?p=7535","title":{"rendered":"La Ciudad celebrar\u00e1 el D\u00eda Internacional del Turismo"},"content":{"rendered":"\n<p><strong>Con un enfoque en la transformaci\u00f3n sostenible, la Municipalidad a trav\u00e9s del Ente de Turismo, organiza un evento especial. Habr\u00e1 paneles, reconocimientos y la participaci\u00f3n de referentes del sector p\u00fablico y privado. El encuentro ser\u00e1 este mi\u00e9rcoles 24, en el Distrito Cultural Dino Saluzzi.<\/strong><\/p>\n\n\n\n<p>La Municipalidad de Salta celebrar\u00e1 el D\u00eda Internacional del Turismo este mi\u00e9rcoles 24 de septiembre , en el Distrito Cultural Dino Saluzzi, con un programa que reunir\u00e1 a m\u00e1s de 250 participantes entre prestadores tur\u00edsticos, c\u00e1maras, instituciones acad\u00e9micas, estudiantes y medios de comunicaci\u00f3n.<\/p>\n\n\n\n<figure class=\"wp-block-gallery has-nested-images columns-default is-cropped wp-block-gallery-1 is-layout-flex wp-block-gallery-is-layout-flex\">\n<figure class=\"wp-block-image size-large\"><img fetchpriority=\"high\" decoding=\"async\" width=\"1024\" height=\"576\" data-id=\"7536\" src=\"https:\/\/circuitosalta.com.ar\/wp-content\/uploads\/2025\/09\/flyer-1-horizontal-1024x576.webp\" alt=\"\" class=\"wp-image-7536\" srcset=\"https:\/\/circuitosalta.com.ar\/wp-content\/uploads\/2025\/09\/flyer-1-horizontal-1024x576.webp 1024w, https:\/\/circuitosalta.com.ar\/wp-content\/uploads\/2025\/09\/flyer-1-horizontal-300x169.webp 300w, https:\/\/circuitosalta.com.ar\/wp-content\/uploads\/2025\/09\/flyer-1-horizontal-768x432.webp 768w, https:\/\/circuitosalta.com.ar\/wp-content\/uploads\/2025\/09\/flyer-1-horizontal-1536x864.webp 1536w, https:\/\/circuitosalta.com.ar\/wp-content\/uploads\/2025\/09\/flyer-1-horizontal-746x420.webp 746w, https:\/\/circuitosalta.com.ar\/wp-content\/uploads\/2025\/09\/flyer-1-horizontal-696x392.webp 696w, https:\/\/circuitosalta.com.ar\/wp-content\/uploads\/2025\/09\/flyer-1-horizontal-1068x601.webp 1068w, https:\/\/circuitosalta.com.ar\/wp-content\/uploads\/2025\/09\/flyer-1-horizontal.webp 1921w\" sizes=\"(max-width: 1024px) 100vw, 1024px\" \/><\/figure>\n\n\n\n<figure class=\"wp-block-image size-large\"><img decoding=\"async\" width=\"1024\" height=\"576\" data-id=\"7537\" src=\"https:\/\/circuitosalta.com.ar\/wp-content\/uploads\/2025\/09\/turistas-vacaciones-de-julio-8-jpeg-1024x576.avif\" alt=\"\" class=\"wp-image-7537\" srcset=\"https:\/\/circuitosalta.com.ar\/wp-content\/uploads\/2025\/09\/turistas-vacaciones-de-julio-8-jpeg-1024x576.avif 1024w, https:\/\/circuitosalta.com.ar\/wp-content\/uploads\/2025\/09\/turistas-vacaciones-de-julio-8-jpeg-300x169.avif 300w, https:\/\/circuitosalta.com.ar\/wp-content\/uploads\/2025\/09\/turistas-vacaciones-de-julio-8-jpeg-768x432.avif 768w, https:\/\/circuitosalta.com.ar\/wp-content\/uploads\/2025\/09\/turistas-vacaciones-de-julio-8-jpeg-747x420.avif 747w, https:\/\/circuitosalta.com.ar\/wp-content\/uploads\/2025\/09\/turistas-vacaciones-de-julio-8-jpeg-696x392.avif 696w, https:\/\/circuitosalta.com.ar\/wp-content\/uploads\/2025\/09\/turistas-vacaciones-de-julio-8-jpeg-1068x601.avif 1068w, https:\/\/circuitosalta.com.ar\/wp-content\/uploads\/2025\/09\/turistas-vacaciones-de-julio-8-jpeg.avif 1280w\" sizes=\"(max-width: 1024px) 100vw, 1024px\" \/><\/figure>\n\n\n\n<figure class=\"wp-block-image size-large\"><img decoding=\"async\" width=\"1024\" height=\"768\" data-id=\"7538\" src=\"https:\/\/circuitosalta.com.ar\/wp-content\/uploads\/2025\/09\/turistas-3-scaled-1-1024x768.webp\" alt=\"\" class=\"wp-image-7538\" srcset=\"https:\/\/circuitosalta.com.ar\/wp-content\/uploads\/2025\/09\/turistas-3-scaled-1-1024x768.webp 1024w, https:\/\/circuitosalta.com.ar\/wp-content\/uploads\/2025\/09\/turistas-3-scaled-1-300x225.webp 300w, https:\/\/circuitosalta.com.ar\/wp-content\/uploads\/2025\/09\/turistas-3-scaled-1-768x576.webp 768w, https:\/\/circuitosalta.com.ar\/wp-content\/uploads\/2025\/09\/turistas-3-scaled-1-1536x1152.webp 1536w, https:\/\/circuitosalta.com.ar\/wp-content\/uploads\/2025\/09\/turistas-3-scaled-1-2048x1536.webp 2048w, https:\/\/circuitosalta.com.ar\/wp-content\/uploads\/2025\/09\/turistas-3-scaled-1-560x420.webp 560w, https:\/\/circuitosalta.com.ar\/wp-content\/uploads\/2025\/09\/turistas-3-scaled-1-80x60.webp 80w, https:\/\/circuitosalta.com.ar\/wp-content\/uploads\/2025\/09\/turistas-3-scaled-1-696x522.webp 696w, https:\/\/circuitosalta.com.ar\/wp-content\/uploads\/2025\/09\/turistas-3-scaled-1-1068x801.webp 1068w, https:\/\/circuitosalta.com.ar\/wp-content\/uploads\/2025\/09\/turistas-3-scaled-1-1920x1440.webp 1920w, https:\/\/circuitosalta.com.ar\/wp-content\/uploads\/2025\/09\/turistas-3-scaled-1-265x198.webp 265w\" sizes=\"(max-width: 1024px) 100vw, 1024px\" \/><\/figure>\n<\/figure>\n\n\n\n<p>La jornada, que se desarrollar\u00e1 a partir de las 9 horas, girar\u00e1 en torno al lema propuesto por ONU Turismo para este a\u00f1o: \u201cTurismo y Transformaci\u00f3n Sostenible\u201d, destacando al turismo como agente de cambio positivo y situando la sostenibilidad, la resiliencia y la equidad social en el centro de las pol\u00edticas de desarrollo.<\/p>\n\n\n\n<p>El encuentro incluir\u00e1 paneles de debate sobre los desaf\u00edos del sector tur\u00edstico en la Ciudad de Salta, experiencias inspiradoras de prestadores locales y un espacio para reflexionar sobre el rol de la comunicaci\u00f3n en la transformaci\u00f3n del turismo.&nbsp;<\/p>\n\n\n\n<p>Entre los disertantes estar\u00e1n&nbsp;Romina S\u00e1nchez, del nuevo Caf\u00e9 Gertrudis; Mart\u00edn Alegre de Qaray Rest\u00f3; Homero Kosiner de Salta Free Tour; y Macarena Gonzales de la agencia Vivi M\u00eda.<\/p>\n\n\n\n<p>Por otra parte, bajo el t\u00edtulo de \u201cNuevas formas de comunicar el destino\u201d,&nbsp; disertar\u00e1n Juan Balderrama (@balderramajuanjo); Mat\u00edas C\u00f3rdoba y Sim\u00f3n Salom\u00f3n (@_simonymati); e Ignacio Miranda (@nnachomiranda)&nbsp;<\/p>\n\n\n\n<p>Adem\u00e1s, se entregar\u00e1n distinciones a estudiantes destacados por su compromiso, profesionalismo y aporte al sector.<\/p>\n\n\n\n<p>El cierre estar\u00e1 a cargo del intendente Emiliano Durand, consolidando el mensaje de que la ciudad de Salta contin\u00faa trabajando para posicionarse como un destino tur\u00edstico innovador, inclusivo y sostenible.<\/p>\n","protected":false},"excerpt":{"rendered":"<p>Con un enfoque en la transformaci\u00f3n sostenible, la Municipalidad a trav\u00e9s del Ente de Turismo, organiza un evento especial. Habr\u00e1 paneles, reconocimientos y la participaci\u00f3n de referentes del sector p\u00fablico y privado. El encuentro ser\u00e1 este mi\u00e9rcoles 24, en el Distrito Cultural Dino Saluzzi. La Municipalidad de Salta celebrar\u00e1 el D\u00eda Internacional del Turismo este [&hellip;]<\/p>\n","protected":false},"author":2,"featured_media":7543,"comment_status":"open","ping_status":"open","sticky":false,"template":"","format":"standard","meta":{"tdm_status":"","tdm_grid_status":"","footnotes":""},"categories":[44],"tags":[],"class_list":{"0":"post-7535","1":"post","2":"type-post","3":"status-publish","4":"format-standard","5":"has-post-thumbnail","7":"category-ciudad-de-salta"},"_links":{"self":[{"href":"https:\/\/circuitosalta.com.ar\/index.php?rest_route=\/wp\/v2\/posts\/7535"}],"collection":[{"href":"https:\/\/circuitosalta.com.ar\/index.php?rest_route=\/wp\/v2\/posts"}],"about":[{"href":"https:\/\/circuitosalta.com.ar\/index.php?rest_route=\/wp\/v2\/types\/post"}],"author":[{"embeddable":true,"href":"https:\/\/circuitosalta.com.ar\/index.php?rest_route=\/wp\/v2\/users\/2"}],"replies":[{"embeddable":true,"href":"https:\/\/circuitosalta.com.ar\/index.php?rest_route=%2Fwp%2Fv2%2Fcomments&post=7535"}],"version-history":[{"count":1,"href":"https:\/\/circuitosalta.com.ar\/index.php?rest_route=\/wp\/v2\/posts\/7535\/revisions"}],"predecessor-version":[{"id":7539,"href":"https:\/\/circuitosalta.com.ar\/index.php?rest_route=\/wp\/v2\/posts\/7535\/revisions\/7539"}],"wp:featuredmedia":[{"embeddable":true,"href":"https:\/\/circuitosalta.com.ar\/index.php?rest_route=\/wp\/v2\/media\/7543"}],"wp:attachment":[{"href":"https:\/\/circuitosalta.com.ar\/index.php?rest_route=%2Fwp%2Fv2%2Fmedia&parent=7535"}],"wp:term":[{"taxonomy":"category","embeddable":true,"href":"https:\/\/circuitosalta.com.ar\/index.php?rest_route=%2Fwp%2Fv2%2Fcategories&post=7535"},{"taxonomy":"post_tag","embeddable":true,"href":"https:\/\/circuitosalta.com.ar\/index.php?rest_route=%2Fwp%2Fv2%2Ftags&post=7535"}],"curies":[{"name":"wp","href":"https:\/\/api.w.org\/{rel}","templated":true}]}}