{"id":7544,"date":"2025-09-25T22:13:43","date_gmt":"2025-09-26T01:13:43","guid":{"rendered":"https:\/\/circuitosalta.com.ar\/?p=7544"},"modified":"2025-09-25T22:13:45","modified_gmt":"2025-09-26T01:13:45","slug":"salta-se-prepara-para-desplegar-toda-su-oferta-turistica-en-la-feria-internacional-de-turismo","status":"publish","type":"post","link":"https:\/\/circuitosalta.com.ar\/?p=7544","title":{"rendered":"Salta se prepara para desplegar toda su oferta tur\u00edstica en la Feria Internacional de Turismo"},"content":{"rendered":"\n<p><strong><em>La provincia participar\u00e1 en la edici\u00f3n 29\u00b0 de la feria m\u00e1s importante de Latinoam\u00e9rica, que se desarrollar\u00e1 del 27 al 30 de septiembre en La Rural de Buenos Aires. La delegaci\u00f3n salte\u00f1a est\u00e1 integrada por 28 empresas y 13 municipios que presentar\u00e1n sus propuestas tur\u00edsticas y culturales.<\/em><\/strong><\/p>\n\n\n\n<p>Salta volver\u00e1 a ser protagonista en la Feria Internacional de Turismo (FIT) 2025, que reunir\u00e1 a m\u00e1s de 55 pa\u00edses y todas las provincias argentinas, con la expectativa de recibir a m\u00e1s de 135.000 visitantes. El stand provincial estar\u00e1 ubicado en el Pabell\u00f3n Nacional, espacio Norte Argentino, donde se concentrar\u00e1n las activaciones, degustaciones y presentaciones previstas.<\/p>\n\n\n\n<p>La delegaci\u00f3n salte\u00f1a, encabezada por la ministra de Turismo y Deportes,&nbsp;<strong>Manuela Arancibia<\/strong>, estar\u00e1 integrada por autoridades provinciales, representantes de c\u00e1maras, operadores tur\u00edsticos, 28 empresas y 13 destinos: Cachi, Cafayate, Campo Quijano, Coronel Moldes, Guachipas, Molinos, San Antonio de los Cobres, San Carlos, Cerrillos, San Lorenzo, Or\u00e1n, Seclant\u00e1s y Tolar Grande, que promocionar\u00e1n sus atractivos y propuestas tur\u00edsticas a visitantes y profesionales de todo el mundo.<\/p>\n\n\n\n<p>La feria abrir\u00e1 sus puertas el s\u00e1bado 27 y domingo 28 de septiembre al p\u00fablico general de 14 a 21 hs., mientras que el lunes 29 y martes 30 lo har\u00e1 de 10 a 19 hs., con acceso exclusivo para profesionales del sector tur\u00edstico y la prensa.<\/p>\n\n\n\n<p><strong>Agenda de actividades de Salta<\/strong><\/p>\n\n\n\n<p>Salta volver\u00e1 a ser protagonista en la Feria Internacional de Turismo (FIT) 2025, que reunir\u00e1 a m\u00e1s de 55 pa\u00edses y todas las provincias argentinas, con la expectativa de recibir a m\u00e1s de 135.000 visitantes. El stand provincial estar\u00e1 ubicado en el Pabell\u00f3n Nacional, espacio Norte Argentino, donde se concentrar\u00e1n las activaciones, degustaciones y presentaciones previstas.<\/p>\n\n\n\n<p>La delegaci\u00f3n salte\u00f1a, encabezada por la ministra de Turismo y Deportes, Manuela Arancibia, estar\u00e1 integrada por autoridades provinciales, representantes de c\u00e1maras, operadores tur\u00edsticos, 28 empresas y 13 destinos: Cachi, Cafayate, Campo Quijano, Coronel Moldes, Guachipas, Molinos, San Antonio de los Cobres, San Carlos, Cerrillos, San Lorenzo, Or\u00e1n, Seclant\u00e1s y Tolar Grande, que promocionar\u00e1n sus atractivos y propuestas tur\u00edsticas a visitantes y profesionales de todo el mundo.<\/p>\n\n\n\n<p>La feria abrir\u00e1 sus puertas el s\u00e1bado 27 y domingo 28 de septiembre al p\u00fablico general de 14 a 21 hs., mientras que el lunes 29 y martes 30 lo har\u00e1 de 10 a 19 hs., con acceso exclusivo para profesionales del sector tur\u00edstico y la prensa.<\/p>\n\n\n\n<p>Agenda de actividades de Salta<\/p>\n\n\n\n<p><strong>S\u00c1BADO 27<\/strong><\/p>\n\n\n\n<ul class=\"wp-block-list\">\n<li>12:00 hs. Inauguraci\u00f3n institucional FIT \u2013 Predio Conferencia<\/li>\n\n\n\n<li>(Horario a confirmar) Inauguraci\u00f3n stand Salta \u2013 Stand Salta<\/li>\n\n\n\n<li>15:00 a 15:30 hs. Acci\u00f3n de promoci\u00f3n al consumidor final (Trivia) \u2013 Stand Turismo Naci\u00f3n<\/li>\n\n\n\n<li>16:00 hs. Panel \u201cMujeres liderando el turismo del futuro\u201d \u2013 Auditorio Principal FIT<\/li>\n\n\n\n<li>16:30 hs. Masterclass de empanadas salte\u00f1as \u2013 Stand Norte<\/li>\n\n\n\n<li>17:00 hs. Degustaci\u00f3n de vinos de altura \u2013 Stand Norte<\/li>\n\n\n\n<li>18:00 hs. Plan de Marketing Tur\u00edstico del Norte Argentino \u2013 Sala de Presidencia FAEVYT<\/li>\n\n\n\n<li>18:30 hs. Show folkl\u00f3rico \u2013 Auditorio Principal FIT<\/li>\n<\/ul>\n\n\n\n<p><strong>DOMINGO 28<\/strong><\/p>\n\n\n\n<ul class=\"wp-block-list\">\n<li>16:00 hs. Degustaci\u00f3n de vinos de altura \u2013 Stand Norte<\/li>\n\n\n\n<li>18:30 hs. Masterclass de empanadas salte\u00f1as \u2013 Stand Norte<\/li>\n\n\n\n<li>20:00 hs. Show del Chaque\u00f1o Palavecino \u2013 Escenario Externo Eleg\u00ed Argentina<\/li>\n<\/ul>\n\n\n\n<p><strong>LUNES 29<\/strong><\/p>\n\n\n\n<ul class=\"wp-block-list\">\n<li>12:00 hs. XLI Congreso Internacional de AFEET \u2013 Auditorio Norte<\/li>\n\n\n\n<li>14:00 hs. Activaci\u00f3n de Seclant\u00e1s \u2013 Stand Turismo Naci\u00f3n<\/li>\n\n\n\n<li>14:30 hs. Masterclass de empanadas salte\u00f1as \u2013 Stand Norte<\/li>\n\n\n\n<li>15:00 hs. Degustaci\u00f3n de vinos de altura \u2013 Stand Norte<\/li>\n\n\n\n<li>16:00 a 17:00 hs. Gustar: promotoras de vino y colaciones \u2013 Stand Turismo Naci\u00f3n<\/li>\n\n\n\n<li>19:00 hs. Pe\u00f1a de Salta &#8211; Pe\u00f1a La Morena<\/li>\n<\/ul>\n\n\n\n<p><strong>MARTES 30<\/strong><\/p>\n\n\n\n<ul class=\"wp-block-list\">\n<li>11:00 hs. Presentaci\u00f3n \u201c\u00cdconos Tur\u00edsticos de Salta\u201d (Tren a las Nubes y Telef\u00e9rico San Bernardo) \u2013 Auditorio CFT<\/li>\n\n\n\n<li>12:00 hs. Presentaci\u00f3n \u201cImperdibles de Salta\u201d \u2013 Auditorio CFT<\/li>\n\n\n\n<li>13:30 hs. Cierre de la participaci\u00f3n de Salta \u2013 Stand Salta<\/li>\n<\/ul>\n\n\n\n<hr class=\"wp-block-separator has-alpha-channel-opacity\"\/>\n\n\n\n<p>Fuente:&nbsp;<strong>Secretaria de Prensa y Comunicaci\u00f3n<\/strong><\/p>\n","protected":false},"excerpt":{"rendered":"<p>La provincia participar\u00e1 en la edici\u00f3n 29\u00b0 de la feria m\u00e1s importante de Latinoam\u00e9rica, que se desarrollar\u00e1 del 27 al 30 de septiembre en La Rural de Buenos Aires. La delegaci\u00f3n salte\u00f1a est\u00e1 integrada por 28 empresas y 13 municipios que presentar\u00e1n sus propuestas tur\u00edsticas y culturales. Salta volver\u00e1 a ser protagonista en la Feria [&hellip;]<\/p>\n","protected":false},"author":2,"featured_media":7545,"comment_status":"open","ping_status":"open","sticky":false,"template":"","format":"standard","meta":{"tdm_status":"","tdm_grid_status":"","footnotes":""},"categories":[16],"tags":[],"class_list":{"0":"post-7544","1":"post","2":"type-post","3":"status-publish","4":"format-standard","5":"has-post-thumbnail","7":"category-ferias-y-congresos"},"_links":{"self":[{"href":"https:\/\/circuitosalta.com.ar\/index.php?rest_route=\/wp\/v2\/posts\/7544"}],"collection":[{"href":"https:\/\/circuitosalta.com.ar\/index.php?rest_route=\/wp\/v2\/posts"}],"about":[{"href":"https:\/\/circuitosalta.com.ar\/index.php?rest_route=\/wp\/v2\/types\/post"}],"author":[{"embeddable":true,"href":"https:\/\/circuitosalta.com.ar\/index.php?rest_route=\/wp\/v2\/users\/2"}],"replies":[{"embeddable":true,"href":"https:\/\/circuitosalta.com.ar\/index.php?rest_route=%2Fwp%2Fv2%2Fcomments&post=7544"}],"version-history":[{"count":1,"href":"https:\/\/circuitosalta.com.ar\/index.php?rest_route=\/wp\/v2\/posts\/7544\/revisions"}],"predecessor-version":[{"id":7546,"href":"https:\/\/circuitosalta.com.ar\/index.php?rest_route=\/wp\/v2\/posts\/7544\/revisions\/7546"}],"wp:featuredmedia":[{"embeddable":true,"href":"https:\/\/circuitosalta.com.ar\/index.php?rest_route=\/wp\/v2\/media\/7545"}],"wp:attachment":[{"href":"https:\/\/circuitosalta.com.ar\/index.php?rest_route=%2Fwp%2Fv2%2Fmedia&parent=7544"}],"wp:term":[{"taxonomy":"category","embeddable":true,"href":"https:\/\/circuitosalta.com.ar\/index.php?rest_route=%2Fwp%2Fv2%2Fcategories&post=7544"},{"taxonomy":"post_tag","embeddable":true,"href":"https:\/\/circuitosalta.com.ar\/index.php?rest_route=%2Fwp%2Fv2%2Ftags&post=7544"}],"curies":[{"name":"wp","href":"https:\/\/api.w.org\/{rel}","templated":true}]}}