{"id":7560,"date":"2025-09-30T08:56:56","date_gmt":"2025-09-30T11:56:56","guid":{"rendered":"https:\/\/circuitosalta.com.ar\/?p=7560"},"modified":"2025-09-30T08:56:58","modified_gmt":"2025-09-30T11:56:58","slug":"tenso-paso-de-scioli-por-el-stand-de-santiago-sos-la-peor-gestion-turistica-de-la-historia","status":"publish","type":"post","link":"https:\/\/circuitosalta.com.ar\/?p=7560","title":{"rendered":"Tenso paso de Scioli por el stand de Santiago: \u201cSos la peor gesti\u00f3n tur\u00edstica de la historia\u201d"},"content":{"rendered":"\n<p>El intendente municipal, Jorge Mukdise mantuvo un momento de tensi\u00f3n con el secretario de Turismo de la Naci\u00f3n, Daniel Scioli, cuando este visit\u00f3 el stand de Santiago del Estero en la Feria Internacional de Turismo de Latinoamericana 2025 (FIT) que se desarrolla en el predio Ferial de Palermo en la Ciudad Aut\u00f3noma de Buenos Aires.<\/p>\n\n\n\n<p>El jefe comunal expres\u00f3: \u201cLa verdad que no deseaba estar en el stand cuando pasara el secretario de Turismo de la Naci\u00f3n, y cuando vi que se acercaba no quer\u00eda que se saque una foto con Las Termas porque como destino nunca nos ayud\u00f3 desde que est\u00e1 en la cartera de Turismo de la Naci\u00f3n\u201d.<\/p>\n\n\n\n<figure class=\"wp-block-image\"><a href=\"https:\/\/www.noticiasdelestero.com\/wp-content\/uploads\/2025\/09\/Scioli.jpg\"><img decoding=\"async\" src=\"https:\/\/www.noticiasdelestero.com\/wp-content\/uploads\/2025\/09\/Scioli-1024x683.jpg\" alt=\"\" class=\"wp-image-133347\"\/><\/a><\/figure>\n\n\n\n<p>Luego ampli\u00f3: \u201cY cuando se acerc\u00f3 al stand reaccion\u00e9 dici\u00e9ndole no ten\u00e9s derecho a estar aqu\u00ed, es una verg\u00fcenza, sos la peor gesti\u00f3n tur\u00edstica de la historia. Reconozco que me exacerb\u00e9, lo vi muy suelto me puso muy mal su presencia porque desde que est\u00e1 al frente de la cartera de Turismo no hizo nada por nuestro destino tur\u00edstico termal y le dije que visite otras provincias\u201d.<\/p>\n\n\n\n<p>Cabe destacar que Las Termas se encuentra promocionando sus bondades y atractivos en la FIT 2025 que se inici\u00f3 el s\u00e1bado 27 del corriente mes y finalizar\u00e1 ma\u00f1ana.<\/p>\n\n\n\n<figure class=\"wp-block-image\"><a href=\"https:\/\/www.noticiasdelestero.com\/wp-content\/uploads\/2025\/09\/Scioli1.jpg\"><img decoding=\"async\" src=\"https:\/\/www.noticiasdelestero.com\/wp-content\/uploads\/2025\/09\/Scioli1-1024x683.jpg\" alt=\"\" class=\"wp-image-133348\"\/><\/a><\/figure>\n\n\n\n<p>La Feria Internacional de Turismo es el punto de encuentro para los operadores y actores del sector tur\u00edsticos siendo un espacio donde se construyen oportunidades de negocio, se crean alianzas estrat\u00e9gicas y se proyecta el futuro del sector.<\/p>\n\n\n\n<p><strong>GESTIONES<br><\/strong>Como secretario de Deportes y Turismo de la Naci\u00f3n del gobierno de Javier Milei, Daniel Scioli realiz\u00f3 gestiones para llevar el MotoGP y la F\u00f3rmula 1 a la Ciudad de Buenos Aires. Meses atr\u00e1s, se confirm\u00f3 que la fecha del MotoGP de la Rep\u00fablica Argentina se trasladar\u00e1 finalmente a Caba y que se disputar\u00e1 a partir 2027 en el circuito Oscar y Juan G\u00e1lvez. De esta manera, la categor\u00eda mundial dej\u00f3 la ciudad de Las Termas a la que arrib\u00f3 en el a\u00f1o 2014, cuando se disput\u00f3 la primera edici\u00f3n de esta competencia en el circuito internacional de R\u00edo Hondo.<\/p>\n\n\n\n<figure class=\"wp-block-image size-full is-resized\"><a href=\"https:\/\/www.noticiasdelestero.com\/tenso-paso-de-scioli-por-el-stand-de-santiago-sos-la-peor-gestion-turistica-de-la-historia\" target=\"_blank\" rel=\"noreferrer noopener\"><img fetchpriority=\"high\" decoding=\"async\" width=\"455\" height=\"141\" src=\"https:\/\/circuitosalta.com.ar\/wp-content\/uploads\/2025\/09\/Captura-de-pantalla_30-9-2025_85533_www.noticiasdelestero.com_.jpeg\" alt=\"\" class=\"wp-image-7561\" style=\"width:290px;height:auto\" srcset=\"https:\/\/circuitosalta.com.ar\/wp-content\/uploads\/2025\/09\/Captura-de-pantalla_30-9-2025_85533_www.noticiasdelestero.com_.jpeg 455w, https:\/\/circuitosalta.com.ar\/wp-content\/uploads\/2025\/09\/Captura-de-pantalla_30-9-2025_85533_www.noticiasdelestero.com_-300x93.jpeg 300w\" sizes=\"(max-width: 455px) 100vw, 455px\" \/><\/a><\/figure>\n","protected":false},"excerpt":{"rendered":"<p>El intendente municipal, Jorge Mukdise mantuvo un momento de tensi\u00f3n con el secretario de Turismo de la Naci\u00f3n, Daniel Scioli, cuando este visit\u00f3 el stand de Santiago del Estero en la Feria Internacional de Turismo de Latinoamericana 2025 (FIT) que se desarrolla en el predio Ferial de Palermo en la Ciudad Aut\u00f3noma de Buenos Aires. [&hellip;]<\/p>\n","protected":false},"author":2,"featured_media":7562,"comment_status":"open","ping_status":"open","sticky":false,"template":"","format":"standard","meta":{"tdm_status":"","tdm_grid_status":"","footnotes":""},"categories":[21],"tags":[],"class_list":{"0":"post-7560","1":"post","2":"type-post","3":"status-publish","4":"format-standard","5":"has-post-thumbnail","7":"category-nacional"},"_links":{"self":[{"href":"https:\/\/circuitosalta.com.ar\/index.php?rest_route=\/wp\/v2\/posts\/7560"}],"collection":[{"href":"https:\/\/circuitosalta.com.ar\/index.php?rest_route=\/wp\/v2\/posts"}],"about":[{"href":"https:\/\/circuitosalta.com.ar\/index.php?rest_route=\/wp\/v2\/types\/post"}],"author":[{"embeddable":true,"href":"https:\/\/circuitosalta.com.ar\/index.php?rest_route=\/wp\/v2\/users\/2"}],"replies":[{"embeddable":true,"href":"https:\/\/circuitosalta.com.ar\/index.php?rest_route=%2Fwp%2Fv2%2Fcomments&post=7560"}],"version-history":[{"count":1,"href":"https:\/\/circuitosalta.com.ar\/index.php?rest_route=\/wp\/v2\/posts\/7560\/revisions"}],"predecessor-version":[{"id":7563,"href":"https:\/\/circuitosalta.com.ar\/index.php?rest_route=\/wp\/v2\/posts\/7560\/revisions\/7563"}],"wp:featuredmedia":[{"embeddable":true,"href":"https:\/\/circuitosalta.com.ar\/index.php?rest_route=\/wp\/v2\/media\/7562"}],"wp:attachment":[{"href":"https:\/\/circuitosalta.com.ar\/index.php?rest_route=%2Fwp%2Fv2%2Fmedia&parent=7560"}],"wp:term":[{"taxonomy":"category","embeddable":true,"href":"https:\/\/circuitosalta.com.ar\/index.php?rest_route=%2Fwp%2Fv2%2Fcategories&post=7560"},{"taxonomy":"post_tag","embeddable":true,"href":"https:\/\/circuitosalta.com.ar\/index.php?rest_route=%2Fwp%2Fv2%2Ftags&post=7560"}],"curies":[{"name":"wp","href":"https:\/\/api.w.org\/{rel}","templated":true}]}}