{"id":7567,"date":"2025-10-01T11:38:30","date_gmt":"2025-10-01T14:38:30","guid":{"rendered":"https:\/\/circuitosalta.com.ar\/?p=7567"},"modified":"2025-10-01T11:38:32","modified_gmt":"2025-10-01T14:38:32","slug":"la-municipalidad-y-la-veloz-del-norte-firmaron-un-convenio-estrategico-en-la-fit-2025","status":"publish","type":"post","link":"https:\/\/circuitosalta.com.ar\/?p=7567","title":{"rendered":"La Municipalidad y La Veloz del Norte firmaron un convenio estrat\u00e9gico en la FIT 2025"},"content":{"rendered":"\n<p><strong>El acuerdo, entre el municipio capitalino con la empresa de transporte terrestre, tiene como prop\u00f3sito fortalecer la actividad tur\u00edstica y consolidar al sector como motor de desarrollo y oportunidades para los salte\u00f1os.<\/strong><\/p>\n\n\n\n<p>En el marco de la Feria Internacional de Turismo,\u00a0 la Municipalidad de Salta firm\u00f3 un convenio de cooperaci\u00f3n institucional con la empresa de transporte terrestre, la Veloz del Norte.\u00a0<\/p>\n\n\n\n<figure class=\"wp-block-gallery has-nested-images columns-default is-cropped wp-block-gallery-1 is-layout-flex wp-block-gallery-is-layout-flex\">\n<figure class=\"wp-block-image size-large\"><img fetchpriority=\"high\" decoding=\"async\" width=\"1024\" height=\"613\" data-id=\"7569\" src=\"https:\/\/circuitosalta.com.ar\/wp-content\/uploads\/2025\/10\/convenio-fit-2-1024x613.webp\" alt=\"\" class=\"wp-image-7569\" srcset=\"https:\/\/circuitosalta.com.ar\/wp-content\/uploads\/2025\/10\/convenio-fit-2-1024x613.webp 1024w, https:\/\/circuitosalta.com.ar\/wp-content\/uploads\/2025\/10\/convenio-fit-2-300x180.webp 300w, https:\/\/circuitosalta.com.ar\/wp-content\/uploads\/2025\/10\/convenio-fit-2-768x460.webp 768w, https:\/\/circuitosalta.com.ar\/wp-content\/uploads\/2025\/10\/convenio-fit-2-1536x920.webp 1536w, https:\/\/circuitosalta.com.ar\/wp-content\/uploads\/2025\/10\/convenio-fit-2-701x420.webp 701w, https:\/\/circuitosalta.com.ar\/wp-content\/uploads\/2025\/10\/convenio-fit-2-696x417.webp 696w, https:\/\/circuitosalta.com.ar\/wp-content\/uploads\/2025\/10\/convenio-fit-2-1068x639.webp 1068w, https:\/\/circuitosalta.com.ar\/wp-content\/uploads\/2025\/10\/convenio-fit-2.webp 1600w\" sizes=\"(max-width: 1024px) 100vw, 1024px\" \/><\/figure>\n\n\n\n<figure class=\"wp-block-image size-large\"><img decoding=\"async\" width=\"1024\" height=\"613\" data-id=\"7568\" src=\"https:\/\/circuitosalta.com.ar\/wp-content\/uploads\/2025\/10\/convenio-fit-1-1024x613.webp\" alt=\"\" class=\"wp-image-7568\" srcset=\"https:\/\/circuitosalta.com.ar\/wp-content\/uploads\/2025\/10\/convenio-fit-1-1024x613.webp 1024w, https:\/\/circuitosalta.com.ar\/wp-content\/uploads\/2025\/10\/convenio-fit-1-300x180.webp 300w, https:\/\/circuitosalta.com.ar\/wp-content\/uploads\/2025\/10\/convenio-fit-1-768x460.webp 768w, https:\/\/circuitosalta.com.ar\/wp-content\/uploads\/2025\/10\/convenio-fit-1-1536x920.webp 1536w, https:\/\/circuitosalta.com.ar\/wp-content\/uploads\/2025\/10\/convenio-fit-1-701x420.webp 701w, https:\/\/circuitosalta.com.ar\/wp-content\/uploads\/2025\/10\/convenio-fit-1-696x417.webp 696w, https:\/\/circuitosalta.com.ar\/wp-content\/uploads\/2025\/10\/convenio-fit-1-1068x639.webp 1068w, https:\/\/circuitosalta.com.ar\/wp-content\/uploads\/2025\/10\/convenio-fit-1.webp 1600w\" sizes=\"(max-width: 1024px) 100vw, 1024px\" \/><\/figure>\n<\/figure>\n\n\n\n<p>El acuerdo establece una alianza estrat\u00e9gica para articular acciones conjuntas que contribuyan al crecimiento del turismo en la ciudad, potenciando a todos los actores que forman parte de este sector. Asimismo, busca promover un desarrollo sostenido, garantizar la protecci\u00f3n de los recursos humanos, naturales y culturales, y fomentar la pr\u00e1ctica de un turismo sustentable en el municipio.<\/p>\n\n\n\n<p>Durante la firma, el coordinador del Ente de Turismo de la Ciudad, Fernando Garc\u00eda Soria, destac\u00f3:&nbsp;\u201cEste convenio refleja la importancia de trabajar de manera articulada con el sector privado para que el turismo contin\u00fae siendo una herramienta de desarrollo y de oportunidades para todos los salte\u00f1os\u201d.<\/p>\n\n\n\n<p>Por su parte, Laureano Brown, representante de La Veloz del Norte, subray\u00f3 que el acuerdo representa&nbsp;\u201cun compromiso para seguir acompa\u00f1ando el crecimiento del turismo en la ciudad y contribuir con propuestas innovadoras y sustentables, sobre todo de la mano de un municipio tan pujante, que siempre busca fomentar esta actividad\u201d.<\/p>\n\n\n\n<figure class=\"wp-block-embed is-type-video is-provider-youtube wp-block-embed-youtube wp-embed-aspect-16-9 wp-has-aspect-ratio\"><div class=\"wp-block-embed__wrapper\">\n<iframe title=\"La Municipalidad y La Veloz del Norte firmaron un convenio estrat\u00e9gico en la FIT 2025\" width=\"696\" height=\"392\" src=\"https:\/\/www.youtube.com\/embed\/CkSDq_A42fc?feature=oembed\" frameborder=\"0\" allow=\"accelerometer; autoplay; clipboard-write; encrypted-media; gyroscope; picture-in-picture; web-share\" referrerpolicy=\"strict-origin-when-cross-origin\" allowfullscreen><\/iframe>\n<\/div><\/figure>\n\n\n<div class=\"wp-block-image\">\n<figure class=\"aligncenter size-large is-resized\"><img decoding=\"async\" src=\"https:\/\/prensa.municipalidadsalta.gob.ar\/logo.png\" alt=\"\" style=\"width:209px;height:auto\"\/><\/figure><\/div>","protected":false},"excerpt":{"rendered":"<p>El acuerdo, entre el municipio capitalino con la empresa de transporte terrestre, tiene como prop\u00f3sito fortalecer la actividad tur\u00edstica y consolidar al sector como motor de desarrollo y oportunidades para los salte\u00f1os. En el marco de la Feria Internacional de Turismo,\u00a0 la Municipalidad de Salta firm\u00f3 un convenio de cooperaci\u00f3n institucional con la empresa de [&hellip;]<\/p>\n","protected":false},"author":2,"featured_media":7569,"comment_status":"open","ping_status":"open","sticky":false,"template":"","format":"standard","meta":{"tdm_status":"","tdm_grid_status":"","footnotes":""},"categories":[5,20],"tags":[],"class_list":{"0":"post-7567","1":"post","2":"type-post","3":"status-publish","4":"format-standard","5":"has-post-thumbnail","7":"category-buses-y-aeropuertos","8":"category-empresas"},"_links":{"self":[{"href":"https:\/\/circuitosalta.com.ar\/index.php?rest_route=\/wp\/v2\/posts\/7567"}],"collection":[{"href":"https:\/\/circuitosalta.com.ar\/index.php?rest_route=\/wp\/v2\/posts"}],"about":[{"href":"https:\/\/circuitosalta.com.ar\/index.php?rest_route=\/wp\/v2\/types\/post"}],"author":[{"embeddable":true,"href":"https:\/\/circuitosalta.com.ar\/index.php?rest_route=\/wp\/v2\/users\/2"}],"replies":[{"embeddable":true,"href":"https:\/\/circuitosalta.com.ar\/index.php?rest_route=%2Fwp%2Fv2%2Fcomments&post=7567"}],"version-history":[{"count":1,"href":"https:\/\/circuitosalta.com.ar\/index.php?rest_route=\/wp\/v2\/posts\/7567\/revisions"}],"predecessor-version":[{"id":7570,"href":"https:\/\/circuitosalta.com.ar\/index.php?rest_route=\/wp\/v2\/posts\/7567\/revisions\/7570"}],"wp:featuredmedia":[{"embeddable":true,"href":"https:\/\/circuitosalta.com.ar\/index.php?rest_route=\/wp\/v2\/media\/7569"}],"wp:attachment":[{"href":"https:\/\/circuitosalta.com.ar\/index.php?rest_route=%2Fwp%2Fv2%2Fmedia&parent=7567"}],"wp:term":[{"taxonomy":"category","embeddable":true,"href":"https:\/\/circuitosalta.com.ar\/index.php?rest_route=%2Fwp%2Fv2%2Fcategories&post=7567"},{"taxonomy":"post_tag","embeddable":true,"href":"https:\/\/circuitosalta.com.ar\/index.php?rest_route=%2Fwp%2Fv2%2Ftags&post=7567"}],"curies":[{"name":"wp","href":"https:\/\/api.w.org\/{rel}","templated":true}]}}