{"id":7574,"date":"2025-10-07T11:44:18","date_gmt":"2025-10-07T14:44:18","guid":{"rendered":"https:\/\/circuitosalta.com.ar\/?p=7574"},"modified":"2025-10-07T11:44:20","modified_gmt":"2025-10-07T14:44:20","slug":"jornadas-de-capacitacion-turistica-en-el-marco-de-la-semana-del-torrontes","status":"publish","type":"post","link":"https:\/\/circuitosalta.com.ar\/?p=7574","title":{"rendered":"Jornadas de capacitaci\u00f3n tur\u00edstica en el marco de la Semana del Torront\u00e9s"},"content":{"rendered":"\n<p><strong><em>El Ministerio de Turismo y Deportes desarrollar\u00e1 un ciclo de conferencias virtuales los d\u00edas 8 y 9 de octubre destinado a prestadores tur\u00edsticos, con el fin de fortalecer el conocimiento y la promoci\u00f3n del Torront\u00e9s salte\u00f1o, cepa insignia del enoturismo local.<\/em><\/strong><\/p>\n\n\n\n<p>En el marco de la Semana del Torront\u00e9s de Altura, el Ministerio de Turismo y Deportes desarrollar\u00e1 una capacitaci\u00f3n gratuita destinada a prestadores del sector tur\u00edstico, orientada a brindar herramientas conceptuales y pr\u00e1cticas que permitan conocer, valorar y promover el Torront\u00e9s salte\u00f1o para integrarlo en propuestas tur\u00edsticas aut\u00e9nticas, atractivas y de calidad.<\/p>\n\n\n\n<p>El ciclo se realizar\u00e1 en modalidad virtual, de 9 a 12 hs., durante dos jornadas. El 8 de octubre se abordar\u00e1n tem\u00e1ticas vinculadas al enoturismo en Salta, a cargo de J<strong>avier Arias<\/strong>, director de Experiencias Tur\u00edsticas del Ministerio de Turismo y Deportes, y las caracter\u00edsticas \u00fanicas del Torront\u00e9s salte\u00f1o, presentadas por el en\u00f3logo<strong>&nbsp;Jos\u00e9 Luis Mounier<\/strong>&nbsp;de Finca Las Nubes. Adem\u00e1s, se compartir\u00e1 un panel de experiencias enotur\u00edsticas con referentes de Estancia y Bodega Colom\u00e9 y WineBar Bodegas Amalaya.<\/p>\n\n\n\n<p>El 9 de octubre la jornada incluir\u00e1 una instancia de degustaci\u00f3n guiada por&nbsp;<strong>Mar\u00eda Marta Medina<\/strong>, de Bodega 9 Cumbres, y un panel sobre experiencias ecotur\u00edsticas en torno al vino, con la participaci\u00f3n de&nbsp;<strong>Mar\u00eda Jos\u00e9 Bustamante<\/strong>&nbsp;de Luna, Kayak y Vino; y Carlos Pauro de Aves y Vinos en Finca Cielo Verde.<\/p>\n\n\n\n<p>La Semana del Torront\u00e9s de Altura es una iniciativa que busca poner en valor la cepa insignia de Salta, fortaleciendo su identidad como atractivo tur\u00edstico y enol\u00f3gico de relevancia internacional.<\/p>\n\n\n\n<p>Los interesados en participar pueden inscribirse ingresando a www.turismotecapacita.com.<\/p>\n\n\n\n<hr class=\"wp-block-separator has-alpha-channel-opacity\"\/>\n\n\n\n<p>Fuente:&nbsp;<strong>Secretaria de Prensa y Comunicaci\u00f3n<\/strong><\/p>\n","protected":false},"excerpt":{"rendered":"<p>El Ministerio de Turismo y Deportes desarrollar\u00e1 un ciclo de conferencias virtuales los d\u00edas 8 y 9 de octubre destinado a prestadores tur\u00edsticos, con el fin de fortalecer el conocimiento y la promoci\u00f3n del Torront\u00e9s salte\u00f1o, cepa insignia del enoturismo local. En el marco de la Semana del Torront\u00e9s de Altura, el Ministerio de Turismo [&hellip;]<\/p>\n","protected":false},"author":2,"featured_media":7575,"comment_status":"open","ping_status":"open","sticky":false,"template":"","format":"standard","meta":{"tdm_status":"","tdm_grid_status":"","footnotes":""},"categories":[24],"tags":[],"class_list":{"0":"post-7574","1":"post","2":"type-post","3":"status-publish","4":"format-standard","5":"has-post-thumbnail","7":"category-bodegas"},"_links":{"self":[{"href":"https:\/\/circuitosalta.com.ar\/index.php?rest_route=\/wp\/v2\/posts\/7574"}],"collection":[{"href":"https:\/\/circuitosalta.com.ar\/index.php?rest_route=\/wp\/v2\/posts"}],"about":[{"href":"https:\/\/circuitosalta.com.ar\/index.php?rest_route=\/wp\/v2\/types\/post"}],"author":[{"embeddable":true,"href":"https:\/\/circuitosalta.com.ar\/index.php?rest_route=\/wp\/v2\/users\/2"}],"replies":[{"embeddable":true,"href":"https:\/\/circuitosalta.com.ar\/index.php?rest_route=%2Fwp%2Fv2%2Fcomments&post=7574"}],"version-history":[{"count":1,"href":"https:\/\/circuitosalta.com.ar\/index.php?rest_route=\/wp\/v2\/posts\/7574\/revisions"}],"predecessor-version":[{"id":7576,"href":"https:\/\/circuitosalta.com.ar\/index.php?rest_route=\/wp\/v2\/posts\/7574\/revisions\/7576"}],"wp:featuredmedia":[{"embeddable":true,"href":"https:\/\/circuitosalta.com.ar\/index.php?rest_route=\/wp\/v2\/media\/7575"}],"wp:attachment":[{"href":"https:\/\/circuitosalta.com.ar\/index.php?rest_route=%2Fwp%2Fv2%2Fmedia&parent=7574"}],"wp:term":[{"taxonomy":"category","embeddable":true,"href":"https:\/\/circuitosalta.com.ar\/index.php?rest_route=%2Fwp%2Fv2%2Fcategories&post=7574"},{"taxonomy":"post_tag","embeddable":true,"href":"https:\/\/circuitosalta.com.ar\/index.php?rest_route=%2Fwp%2Fv2%2Ftags&post=7574"}],"curies":[{"name":"wp","href":"https:\/\/api.w.org\/{rel}","templated":true}]}}