{"id":7577,"date":"2025-10-07T11:46:50","date_gmt":"2025-10-07T14:46:50","guid":{"rendered":"https:\/\/circuitosalta.com.ar\/?p=7577"},"modified":"2025-10-07T11:46:51","modified_gmt":"2025-10-07T14:46:51","slug":"autoridades-provinciales-y-del-sector-privado-acordaron-una-agenda-comun-para-potenciar-el-turismo-en-cachi","status":"publish","type":"post","link":"https:\/\/circuitosalta.com.ar\/?p=7577","title":{"rendered":"Autoridades provinciales y del sector privado acordaron una agenda com\u00fan para potenciar el turismo en Cachi"},"content":{"rendered":"\n<p><strong><em>Representantes del sector p\u00fablico y privado mantuvieron una reuni\u00f3n de trabajo para avanzar en acciones conjuntas que fortalezcan el desarrollo tur\u00edstico y econ\u00f3mico del municipio. Se present\u00f3 la iniciativa \u201cCachi todo el a\u00f1o\u201d, impulsada para consolidar el destino durante las cuatro estaciones.<\/em><\/strong><\/p>\n\n\n\n<p>En el marco del trabajo articulado entre el Gobierno de Salta y los actores del sector privado, se llev\u00f3 adelante una reuni\u00f3n con el objetivo de coordinar acciones que promuevan el crecimiento econ\u00f3mico y tur\u00edstico de la localidad de Cachi. De la misma participaron la ministra de Turismo y Deportes,&nbsp;<strong>Manuela Arancibia<\/strong>; la secretaria de Turismo de Salta,&nbsp;<strong>Nadia Loza<\/strong>; el presidente de la C\u00e1mara de Comercio e Industria de Salta,<strong>&nbsp;Gustavo Herrera<\/strong>; y en representaci\u00f3n de la C\u00e1mara de Turismo de Cachi y Alto Valle Calchaqu\u00ed,&nbsp;<strong>Fabio Ortiz<\/strong>&nbsp;y&nbsp;<strong>Carlos Urtasun<\/strong>.<\/p>\n\n\n\n<p>Durante el encuentro se dialog\u00f3 sobre la importancia de sostener el trabajo conjunto entre la Provincia, el municipio y las instituciones locales para impulsar la propuesta \u201cCachi todo el a\u00f1o\u201d, un plan estrat\u00e9gico que busca fortalecer la actividad tur\u00edstica, fomentar la sostenibilidad y posicionar a Cachi a nivel nacional e internacional.<\/p>\n\n\n\n<p>En la oportunidad la ministra de Turismo y Deportes destac\u00f3 la relevancia del trabajo conjunto, al manifestar que \u201cCachi es uno de los destinos m\u00e1s emblem\u00e1ticos de Salta y su crecimiento depende de una planificaci\u00f3n compartida. El sector privado tiene un rol central en el desarrollo tur\u00edstico, y nuestro compromiso es acompa\u00f1ar con pol\u00edticas que fortalezcan su potencial y promuevan un turismo sostenible, basado en la identidad y la calidad.\u201d<\/p>\n\n\n\n<p>Por su parte, Fabio Ortiz, representante de la C\u00e1mara de Turismo de Cachi y Alto Valle Calchaqu\u00ed, se\u00f1al\u00f3 que \u201ctuvimos una reuni\u00f3n muy productiva con la ministra y con Gustavo Herrera, de la C\u00e1mara de Comercio de Salta. Coincidimos en la importancia de trabajar en una agenda com\u00fan que integre comercio y turismo. Presentamos el plan \u2018Cachi todo el a\u00f1o\u2019, que incluye acciones de promoci\u00f3n, gesti\u00f3n ambiental y fortalecimiento de servicios para que nuestro destino reciba visitantes de todo el pa\u00eds y del exterior.\u201d<\/p>\n\n\n\n<p>A su vez, el presidente de la C\u00e1mara de Comercio e Industria de Salta, Gustavo Herrera, subray\u00f3 que \u201cel turismo y el comercio local est\u00e1n estrechamente vinculados. Si fortalecemos la promoci\u00f3n y mejoramos los servicios, crece toda la econom\u00eda del pueblo; la articulaci\u00f3n entre el sector p\u00fablico y privado es clave para lograrlo.\u201d<\/p>\n\n\n\n<p>El encuentro concluy\u00f3 con el compromiso de continuar impulsando el trabajo conjunto para consolidar a Cachi como un destino sostenible, competitivo y representativo de la identidad salte\u00f1a.<\/p>\n\n\n\n<hr class=\"wp-block-separator has-alpha-channel-opacity\"\/>\n\n\n\n<p>Fuente:&nbsp;<strong>Secretaria de Prensa y Comunicaci\u00f3n<\/strong><\/p>\n","protected":false},"excerpt":{"rendered":"<p>Representantes del sector p\u00fablico y privado mantuvieron una reuni\u00f3n de trabajo para avanzar en acciones conjuntas que fortalezcan el desarrollo tur\u00edstico y econ\u00f3mico del municipio. Se present\u00f3 la iniciativa \u201cCachi todo el a\u00f1o\u201d, impulsada para consolidar el destino durante las cuatro estaciones. En el marco del trabajo articulado entre el Gobierno de Salta y los [&hellip;]<\/p>\n","protected":false},"author":2,"featured_media":7578,"comment_status":"open","ping_status":"open","sticky":false,"template":"","format":"standard","meta":{"tdm_status":"","tdm_grid_status":"","footnotes":""},"categories":[15],"tags":[],"class_list":{"0":"post-7577","1":"post","2":"type-post","3":"status-publish","4":"format-standard","5":"has-post-thumbnail","7":"category-provincial"},"_links":{"self":[{"href":"https:\/\/circuitosalta.com.ar\/index.php?rest_route=\/wp\/v2\/posts\/7577"}],"collection":[{"href":"https:\/\/circuitosalta.com.ar\/index.php?rest_route=\/wp\/v2\/posts"}],"about":[{"href":"https:\/\/circuitosalta.com.ar\/index.php?rest_route=\/wp\/v2\/types\/post"}],"author":[{"embeddable":true,"href":"https:\/\/circuitosalta.com.ar\/index.php?rest_route=\/wp\/v2\/users\/2"}],"replies":[{"embeddable":true,"href":"https:\/\/circuitosalta.com.ar\/index.php?rest_route=%2Fwp%2Fv2%2Fcomments&post=7577"}],"version-history":[{"count":1,"href":"https:\/\/circuitosalta.com.ar\/index.php?rest_route=\/wp\/v2\/posts\/7577\/revisions"}],"predecessor-version":[{"id":7579,"href":"https:\/\/circuitosalta.com.ar\/index.php?rest_route=\/wp\/v2\/posts\/7577\/revisions\/7579"}],"wp:featuredmedia":[{"embeddable":true,"href":"https:\/\/circuitosalta.com.ar\/index.php?rest_route=\/wp\/v2\/media\/7578"}],"wp:attachment":[{"href":"https:\/\/circuitosalta.com.ar\/index.php?rest_route=%2Fwp%2Fv2%2Fmedia&parent=7577"}],"wp:term":[{"taxonomy":"category","embeddable":true,"href":"https:\/\/circuitosalta.com.ar\/index.php?rest_route=%2Fwp%2Fv2%2Fcategories&post=7577"},{"taxonomy":"post_tag","embeddable":true,"href":"https:\/\/circuitosalta.com.ar\/index.php?rest_route=%2Fwp%2Fv2%2Ftags&post=7577"}],"curies":[{"name":"wp","href":"https:\/\/api.w.org\/{rel}","templated":true}]}}