{"id":7580,"date":"2025-10-07T11:50:15","date_gmt":"2025-10-07T14:50:15","guid":{"rendered":"https:\/\/circuitosalta.com.ar\/?p=7580"},"modified":"2025-10-07T11:50:17","modified_gmt":"2025-10-07T14:50:17","slug":"historias-poesia-y-artes-en-movimiento-marcaran-la-jornada-del-miercoles-en-la-feria-del-libro-de-salta","status":"publish","type":"post","link":"https:\/\/circuitosalta.com.ar\/?p=7580","title":{"rendered":"Historias, poes\u00eda y artes en movimiento marcar\u00e1n la jornada del mi\u00e9rcoles en la Feria del Libro de Salta"},"content":{"rendered":"\n<p><strong><em>Desde temprano, la Feria del Libro desplegar\u00e1 una intensa programaci\u00f3n con talleres, presentaciones y espect\u00e1culos para toda la familia.<\/em><\/strong><\/p>\n\n\n\n<p>El mi\u00e9rcoles 8, d\u00eda inaugural de la XV Feria del Libro en Salta, la jornada comienza a las 8:30 con \u201cLa A-MANTIS del Libro llega a la Feria\u201d, una caminata organizada por las Juventudes Artistas Salte\u00f1as (JAS) que recorre distintos puntos junto a instituciones educativas y p\u00fablico en general, con punto de partida en la Escuela Indalecio G\u00f3mez. A las 10 de la ma\u00f1ana se realizar\u00e1 la inauguraci\u00f3n oficial de la feria en el Caf\u00e9 Literario, dando inicio a una programaci\u00f3n repleta de actividades para todas las edades.<\/p>\n\n\n\n<p>Durante la ma\u00f1ana, en el Teatro se presentar\u00e1 el libro Duende Amigo de Fabio P\u00e9rez Paz (13 Ediciones) a las 9 horas. A las 9, en Mundo Peque\u00f1o, los talleres comienzan con \u201cCGBYAS\u201d a cargo de la Payabibliotecaria Roxana Pardo, destinado a instituciones escolares, mientras que en la Sala de Formaci\u00f3n, a la misma hora, se podr\u00e1 disfrutar de Tayhi pakas, Sonidos y Voces del Monte, con la participaci\u00f3n del Grupo Kalay\u2019i y los profesores Eliana Vel\u00e1squez y Julio C\u00f3rdoba.<\/p>\n\n\n\n<p>A las 10 en el SUM, el p\u00fablico infantil podr\u00e1 participar del taller De gatos: cuentos y canciones, a cargo de Los Trovadores de Papel, pensado especialmente para ni\u00f1os y ni\u00f1as de nivel inicial y primeros lectores. M\u00e1s tarde, a las 11 en la Sala de Formaci\u00f3n, Romano Gerardo conducir\u00e1 el taller Ilustra la tapa de tu propio anotador, mientras que en el SUM se desarrollar\u00e1n otras actividades l\u00fadicas y creativas para ni\u00f1os.<\/p>\n\n\n\n<p>Por la tarde, a las 15 horas, se realizar\u00e1n talleres y juegos organizados por las Juventudes Artistas Salte\u00f1as en el Caf\u00e9 Zorilla, como el Tendedero \/ Collage \/ Rayuela, mientras que en la Sala de Formaci\u00f3n se llevar\u00e1 a cabo el taller Taller de Sentidos para las infancias. A las 16 horas, en el Hall del Teatro, el p\u00fablico podr\u00e1 participar de la intervenci\u00f3n art\u00edstica El arte de imprimir, abierta a instituciones escolares, y entre las 11:00 y 13:00 y 15:00 a 17:00 horas tambi\u00e9n al p\u00fablico general.<\/p>\n\n\n\n<p>A las 17 horas, se desarrollar\u00e1n charlas y conferencias sobre Letras originarias, con la participaci\u00f3n de Maria Alejandra Castiglioni de Saphikuna, Concepci\u00f3n Catunta del grupo Wichi Letamsek Ihihit\u2019a P\u2019ante y la intervenci\u00f3n del Grupo Kalay\u2019i, promoviendo la interculturalidad y la relaci\u00f3n con las infancias.<\/p>\n\n\n\n<p>Finalmente, la jornada del mi\u00e9rcoles se cierra a las 20 horas con el homenaje a Tunparenda Ediciones en el Anfiteatro, acompa\u00f1ado de una intervenci\u00f3n art\u00edstica del Grupo Niebla y las Juventudes Art\u00edsticas Salte\u00f1as, poniendo broche de oro a un d\u00eda inaugural cargado de literatura, talleres, m\u00fasica y arte para toda la comunidad.<br>&nbsp;<\/p>\n\n\n\n<hr class=\"wp-block-separator has-alpha-channel-opacity\"\/>\n\n\n\n<p>Fuente:&nbsp;<strong>Secretaria de Prensa y Comunicaci\u00f3n<\/strong><\/p>\n\n\n\n<p><\/p>\n","protected":false},"excerpt":{"rendered":"<p>Desde temprano, la Feria del Libro desplegar\u00e1 una intensa programaci\u00f3n con talleres, presentaciones y espect\u00e1culos para toda la familia. El mi\u00e9rcoles 8, d\u00eda inaugural de la XV Feria del Libro en Salta, la jornada comienza a las 8:30 con \u201cLa A-MANTIS del Libro llega a la Feria\u201d, una caminata organizada por las Juventudes Artistas Salte\u00f1as [&hellip;]<\/p>\n","protected":false},"author":2,"featured_media":7581,"comment_status":"open","ping_status":"open","sticky":false,"template":"","format":"standard","meta":{"tdm_status":"","tdm_grid_status":"","footnotes":""},"categories":[26,16],"tags":[],"class_list":{"0":"post-7580","1":"post","2":"type-post","3":"status-publish","4":"format-standard","5":"has-post-thumbnail","7":"category-culturales","8":"category-ferias-y-congresos"},"_links":{"self":[{"href":"https:\/\/circuitosalta.com.ar\/index.php?rest_route=\/wp\/v2\/posts\/7580"}],"collection":[{"href":"https:\/\/circuitosalta.com.ar\/index.php?rest_route=\/wp\/v2\/posts"}],"about":[{"href":"https:\/\/circuitosalta.com.ar\/index.php?rest_route=\/wp\/v2\/types\/post"}],"author":[{"embeddable":true,"href":"https:\/\/circuitosalta.com.ar\/index.php?rest_route=\/wp\/v2\/users\/2"}],"replies":[{"embeddable":true,"href":"https:\/\/circuitosalta.com.ar\/index.php?rest_route=%2Fwp%2Fv2%2Fcomments&post=7580"}],"version-history":[{"count":1,"href":"https:\/\/circuitosalta.com.ar\/index.php?rest_route=\/wp\/v2\/posts\/7580\/revisions"}],"predecessor-version":[{"id":7582,"href":"https:\/\/circuitosalta.com.ar\/index.php?rest_route=\/wp\/v2\/posts\/7580\/revisions\/7582"}],"wp:featuredmedia":[{"embeddable":true,"href":"https:\/\/circuitosalta.com.ar\/index.php?rest_route=\/wp\/v2\/media\/7581"}],"wp:attachment":[{"href":"https:\/\/circuitosalta.com.ar\/index.php?rest_route=%2Fwp%2Fv2%2Fmedia&parent=7580"}],"wp:term":[{"taxonomy":"category","embeddable":true,"href":"https:\/\/circuitosalta.com.ar\/index.php?rest_route=%2Fwp%2Fv2%2Fcategories&post=7580"},{"taxonomy":"post_tag","embeddable":true,"href":"https:\/\/circuitosalta.com.ar\/index.php?rest_route=%2Fwp%2Fv2%2Ftags&post=7580"}],"curies":[{"name":"wp","href":"https:\/\/api.w.org\/{rel}","templated":true}]}}