{"id":7600,"date":"2025-10-17T10:23:42","date_gmt":"2025-10-17T13:23:42","guid":{"rendered":"https:\/\/circuitosalta.com.ar\/?p=7600"},"modified":"2025-10-17T10:23:44","modified_gmt":"2025-10-17T13:23:44","slug":"estudiantes-de-turismo-participaron-del-encuentro-protagonistas-del-manana","status":"publish","type":"post","link":"https:\/\/circuitosalta.com.ar\/?p=7600","title":{"rendered":"Estudiantes de turismo participaron del encuentro \u201cProtagonistas del Ma\u00f1ana\u201d"},"content":{"rendered":"\n<p><strong><em>M\u00e1s de 60 j\u00f3venes de distintas instituciones de la provincia participaron del Encuentro de Estudiantes de Turismo \u201cProtagonistas del Ma\u00f1ana\u201d, una jornada de intercambio, aprendizaje e inspiraci\u00f3n organizada por el Ministerio de Turismo y Deportes de Salta.<\/em><\/strong><\/p>\n\n\n\n<p>El Encuentro de Estudiantes de Turismo \u201cProtagonistas del Ma\u00f1ana\u201d se llev\u00f3 adelante esta ma\u00f1ana con la participaci\u00f3n de m\u00e1s de 60 j\u00f3venes de distintas instituciones de la provincia. El acto de apertura fue encabezado por la ministra de Turismo y Deportes,&nbsp;<strong>Manuela Arancibia<\/strong>, acompa\u00f1ada por la secretaria de Turismo, Nadia Loza y la subsecretaria de Promoci\u00f3n Tur\u00edstica, Laura Alcorta.<\/p>\n\n\n\n<p>Durante la apertura, la ministra Arancibia destac\u00f3 que \u201ces fundamental acompa\u00f1ar a los futuros profesionales del turismo, brindarles herramientas, motivaci\u00f3n y la posibilidad de conectar con experiencias reales que los inspiren a proyectarse dentro del sector\u201d.<\/p>\n\n\n\n<p>Adem\u00e1s, subray\u00f3 que \u201cSalta necesita de j\u00f3venes comprometidos, creativos y apasionados que contin\u00faen impulsando un turismo sostenible, inclusivo y con identidad local. Este tipo de espacios fortalecen la formaci\u00f3n profesional y promueven el trabajo conjunto entre el \u00e1mbito acad\u00e9mico, p\u00fablico y privado\u201d.<\/p>\n\n\n\n<p>La jornada incluy\u00f3 distintas actividades orientadas al desarrollo de habilidades y al fortalecimiento de la mirada estrat\u00e9gica del turismo en la provincia. Entre ellas se desarroll\u00f3 el conversatorio \u201cExperiencias que inspiran\u201d, donde j\u00f3venes emprendedores compartieron sus trayectorias: Carlos Medina Raiden (Rumiyaku), Celeste Ag\u00fcero (Churito Alfajores), JesycaTomelin (Mi Wara Killa) y Jos\u00e9 Garz\u00f3n (Manos Ya!).<\/p>\n\n\n\n<p>Luego se llev\u00f3 a cabo el taller \u201cHabilidades que marcan la diferencia\u201d, coordinado por JCI Salta, enfocado en procesos creativos y gesti\u00f3n de proyectos.<br>&nbsp;<\/p>\n\n\n\n<p>En tanto en el cierre del evento se realiz\u00f3 el panel \u201cVisi\u00f3n Estrat\u00e9gica del Turismo en Salta\u201d, a cargo de las funcionarias provinciales: Nadia Loza y Laura Alcorta, quienes abordaron las tendencias globales del turismo, los desaf\u00edos locales y las oportunidades que ofrece la diversificaci\u00f3n productiva para el desarrollo sostenible de la provincia.<\/p>\n\n\n\n<p>El encuentro fue un espacio de inspiraci\u00f3n y aprendizaje para los futuros profesionales del sector, reafirmando el compromiso del Gobierno de Salta con la formaci\u00f3n, la innovaci\u00f3n y el crecimiento del turismo como motor de desarrollo.<br>&nbsp;<\/p>\n\n\n\n<hr class=\"wp-block-separator has-alpha-channel-opacity\"\/>\n\n\n\n<p>Fuente:&nbsp;<strong>Secretar\u00eda de Prensa y Comunicaci\u00f3n<\/strong><\/p>\n","protected":false},"excerpt":{"rendered":"<p>M\u00e1s de 60 j\u00f3venes de distintas instituciones de la provincia participaron del Encuentro de Estudiantes de Turismo \u201cProtagonistas del Ma\u00f1ana\u201d, una jornada de intercambio, aprendizaje e inspiraci\u00f3n organizada por el Ministerio de Turismo y Deportes de Salta. El Encuentro de Estudiantes de Turismo \u201cProtagonistas del Ma\u00f1ana\u201d se llev\u00f3 adelante esta ma\u00f1ana con la participaci\u00f3n de [&hellip;]<\/p>\n","protected":false},"author":2,"featured_media":7601,"comment_status":"open","ping_status":"open","sticky":false,"template":"","format":"standard","meta":{"tdm_status":"","tdm_grid_status":"","footnotes":""},"categories":[17],"tags":[],"class_list":{"0":"post-7600","1":"post","2":"type-post","3":"status-publish","4":"format-standard","5":"has-post-thumbnail","7":"category-sociales"},"_links":{"self":[{"href":"https:\/\/circuitosalta.com.ar\/index.php?rest_route=\/wp\/v2\/posts\/7600"}],"collection":[{"href":"https:\/\/circuitosalta.com.ar\/index.php?rest_route=\/wp\/v2\/posts"}],"about":[{"href":"https:\/\/circuitosalta.com.ar\/index.php?rest_route=\/wp\/v2\/types\/post"}],"author":[{"embeddable":true,"href":"https:\/\/circuitosalta.com.ar\/index.php?rest_route=\/wp\/v2\/users\/2"}],"replies":[{"embeddable":true,"href":"https:\/\/circuitosalta.com.ar\/index.php?rest_route=%2Fwp%2Fv2%2Fcomments&post=7600"}],"version-history":[{"count":1,"href":"https:\/\/circuitosalta.com.ar\/index.php?rest_route=\/wp\/v2\/posts\/7600\/revisions"}],"predecessor-version":[{"id":7602,"href":"https:\/\/circuitosalta.com.ar\/index.php?rest_route=\/wp\/v2\/posts\/7600\/revisions\/7602"}],"wp:featuredmedia":[{"embeddable":true,"href":"https:\/\/circuitosalta.com.ar\/index.php?rest_route=\/wp\/v2\/media\/7601"}],"wp:attachment":[{"href":"https:\/\/circuitosalta.com.ar\/index.php?rest_route=%2Fwp%2Fv2%2Fmedia&parent=7600"}],"wp:term":[{"taxonomy":"category","embeddable":true,"href":"https:\/\/circuitosalta.com.ar\/index.php?rest_route=%2Fwp%2Fv2%2Fcategories&post=7600"},{"taxonomy":"post_tag","embeddable":true,"href":"https:\/\/circuitosalta.com.ar\/index.php?rest_route=%2Fwp%2Fv2%2Ftags&post=7600"}],"curies":[{"name":"wp","href":"https:\/\/api.w.org\/{rel}","templated":true}]}}