{"id":7617,"date":"2025-10-28T12:40:16","date_gmt":"2025-10-28T15:40:16","guid":{"rendered":"https:\/\/circuitosalta.com.ar\/?p=7617"},"modified":"2025-10-28T12:41:03","modified_gmt":"2025-10-28T15:41:03","slug":"la-subsecretaria-de-ambiente-de-la-nacion-participo-del-congreso-mundial-de-residuos-en-buenos-aires","status":"publish","type":"post","link":"https:\/\/circuitosalta.com.ar\/?p=7617","title":{"rendered":"La Subsecretar\u00eda de Ambiente de la Naci\u00f3n particip\u00f3 del congreso mundial de residuos en Buenos Aires"},"content":{"rendered":"\n<p><strong><em>Se presentaron los avances de Argentina vinculados a la econom\u00eda circular ante representantes de organismos internacionales, universidades de Am\u00e9rica Latina y Europa.<\/em><\/strong><\/p>\n\n\n\n<p>El subsecretario de Ambiente de la Naci\u00f3n, Fernando Brom, particip\u00f3 del Congreso y Exposici\u00f3n Mundial de la International Solid Waste Association (ISWA) 2025, bajo el lema \u201cRe-imaginemos los residuos: hacia un futuro sin residuos o un planeta sin futuro\u201d. El encuentro convoc\u00f3 a representantes gubernamentales, l\u00edderes del sector privado, acad\u00e9micos, cient\u00edficos y j\u00f3venes profesionales de m\u00e1s de 50 pa\u00edses.<\/p>\n\n\n\n<p>Durante la apertura, el subsecretario Brom se\u00f1al\u00f3: \u201cEstamos en un cambio de era que signific\u00f3 pasar de una econom\u00eda transaccional a una relacional, basada en la creaci\u00f3n de valor\u201d. Asimismo, destac\u00f3 que \u201cArgentina, con la gesti\u00f3n de esta Subsecretar\u00eda, con este gobierno, est\u00e1 alineada para generar resultados auditables. Nuestro eslogan es producir, conservar, ser sostenibles y sustentables, hacer cumplir las leyes. La econom\u00eda no es solamente crecimiento \u2014que es un dato cuantitativo\u2014, tambi\u00e9n es desarrollo \u2014que es el dato cualitativo, regional y sectorial\u2014. Y tambi\u00e9n, quiz\u00e1 el m\u00e1s importante, el progreso. No puede haber crecimiento ni desarrollo sin que progresen las personas en libertad\u201d.<\/p>\n\n\n\n<figure class=\"wp-block-image\"><img decoding=\"async\" src=\"https:\/\/www.argentina.gob.ar\/sites\/default\/files\/whatsapp_image_2025-10-28_at_10.42.57.jpeg\" alt=\"\"\/><\/figure>\n\n\n\n<p>En tanto, el funcionario destac\u00f3 distintas iniciativas provinciales y locales en materia de gesti\u00f3n de residuos y econom\u00eda circular y cit\u00f3 el caso de C\u00f3rdoba, que promueve la articulaci\u00f3n entre sectores acad\u00e9micos, p\u00fablicos, privados y sociales; el de Mendoza, donde se crearon centros regionales para el acopio de residuos de la provincia; y el de algunos municipios de la provincia de Buenos Aires, donde intendentes de dos localidades firmaron un acuerdo que permiti\u00f3 erradicar basurales y quemas a cielo abierto en los l\u00edmites compartidos.<\/p>\n\n\n\n<p>Finalmente, invit\u00f3 a \u201ctrabajar juntos con equipos nacionales e internacionales para encontrar causas comunes y la mejor salida al ambiente y a la buena salud que nos merecemos\u201d.<\/p>\n\n\n\n<p>El Congreso Mundial ISWA 2025, realizado en el Centro de Convenciones de Buenos Aires (CEC), ofreci\u00f3 un espacio de di\u00e1logo sobre innovaci\u00f3n tecnol\u00f3gica, gesti\u00f3n sostenible y econom\u00eda circular.<\/p>\n\n\n\n<p>En ese contexto, la directora nacional de Evaluaci\u00f3n y Control de Ambiente, Candela Nassi, expuso en la Sesi\u00f3n Iberoamericana sobre la Coalici\u00f3n de Econom\u00eda Circular de Am\u00e9rica Latina y el Caribe, donde destac\u00f3 el progreso de Argentina en materia de econom\u00eda circular y gesti\u00f3n de residuos. En ese sentido, present\u00f3 los avances de la Estrategia Nacional de Gesti\u00f3n Integral de Residuos S\u00f3lidos Urbanos (ENGIRSU), elaborada junto con las provincias a trav\u00e9s del COFEMA, que se sustenta en cinco ejes estrat\u00e9gicos: econom\u00eda circular, gobernanza multinivel, erradicaci\u00f3n de basurales a cielo abierto, sistema nacional de informaci\u00f3n y educaci\u00f3n y participaci\u00f3n ciudadana.<\/p>\n\n\n\n<figure class=\"wp-block-image\"><img decoding=\"async\" src=\"https:\/\/www.argentina.gob.ar\/sites\/default\/files\/whatsapp_image_2025-10-28_at_09.59.14.jpeg\" alt=\"\"\/><\/figure>\n\n\n\n<p>Adem\u00e1s, destac\u00f3 el acuerdo regional sobre Responsabilidad Extendida del Productor (REP), presente en 17 pa\u00edses de la regi\u00f3n, entre ellos M\u00e9xico, Colombia, Brasil y Chile.<\/p>\n\n\n\n<p>En el plano internacional, resalt\u00f3 la participaci\u00f3n argentina en el Foro Mundial de Econom\u00eda Circular, donde se analizaron m\u00e1s de 200 experiencias exitosas en la regi\u00f3n, as\u00ed como en las negociaciones del tratado global sobre pl\u00e1sticos impulsado por la Organizaci\u00f3n de Naciones Unidas (ONU), orientado a poner fin a esa problem\u00e1tica.<\/p>\n\n\n\n<p>Luego, subray\u00f3 la importancia de avanzar hacia una armonizaci\u00f3n normativa regional, fortalecer la trazabilidad y el monitoreo de los residuos, y consolidar la colaboraci\u00f3n entre los distintos niveles de gobierno, el sector privado y la sociedad civil.<\/p>\n\n\n\n<p>En sinton\u00eda con el subsecretario, Nassi resalt\u00f3 que Argentina tiene la posibilidad de \u00abproducir conservando y conservar produciendo\u00bb. Y sum\u00f3: \u00abMirar hacia el futuro promoviendo un cambio sist\u00e9mico. No se trata solo de hablar de gestionar residuos, sino de un ciclo de vida completo que implica desde el dise\u00f1o hasta el final del ciclo de vida, y ah\u00ed es donde est\u00e1 el desaf\u00edo, pensar evolutivamente con adaptaci\u00f3n, pero tambi\u00e9n con innovaci\u00f3n\u00bb.<\/p>\n\n\n\n<p>Durante el congreso se desarrollaron sesiones plenarias, paneles t\u00e9cnicos y talleres internacionales en los que se abordaron temas como la financiaci\u00f3n de la gesti\u00f3n de residuos, la mitigaci\u00f3n del metano, la valorizaci\u00f3n de residuos org\u00e1nicos y el rol de la innovaci\u00f3n en la reducci\u00f3n de emisiones. Adem\u00e1s, se realizaron encuentros de j\u00f3venes profesionales, visitas t\u00e9cnicas y actividades culturales destinadas a fortalecer la cooperaci\u00f3n entre pa\u00edses.<\/p>\n\n\n\n<p>Organizado por la Asociaci\u00f3n para el Estudio de los Residuos S\u00f3lidos (ARS) \u2014miembro nacional de ISWA en Argentina\u2014, el congreso fue declarado de Inter\u00e9s Tur\u00edstico Nacional por la Secretar\u00eda de Turismo, Ambiente y Deportes de la Naci\u00f3n.<\/p>\n\n\n\n<figure class=\"wp-block-image\"><img decoding=\"async\" src=\"https:\/\/www.argentina.gob.ar\/sites\/default\/files\/whatsapp_image_2025-10-28_at_09.57.29.jpeg\" alt=\"\"\/><\/figure>\n\n\n\n<p>De la apertura del Congreso participaron el jefe de Gobierno de la Ciudad de Buenos Aires, Jorge Macri, su ministro de Espacio P\u00fablico e Higiene Urbana, Ignacio Baistrocchi; James Law, presidente de ISWA; el representante regional del Cap\u00edtulo ISWA LAC, Marcelo Rosso; el presidente de la Asociaci\u00f3n para el Estudio de Residuos S\u00f3lidos (ARS), Atilio Savino; y su vicepresidenta, Luc\u00eda Barcia.<\/p>\n\n\n\n<p>De las jornadas participaron m\u00e1s de 1.500 asistentes, entre ellos representantes de organismos internacionales, universidades y entidades p\u00fablicas y privadas de Am\u00e9rica Latina y Europa.<\/p>\n","protected":false},"excerpt":{"rendered":"<p>Se presentaron los avances de Argentina vinculados a la econom\u00eda circular ante representantes de organismos internacionales, universidades de Am\u00e9rica Latina y Europa. El subsecretario de Ambiente de la Naci\u00f3n, Fernando Brom, particip\u00f3 del Congreso y Exposici\u00f3n Mundial de la International Solid Waste Association (ISWA) 2025, bajo el lema \u201cRe-imaginemos los residuos: hacia un futuro sin [&hellip;]<\/p>\n","protected":false},"author":2,"featured_media":7619,"comment_status":"open","ping_status":"open","sticky":false,"template":"","format":"standard","meta":{"tdm_status":"","tdm_grid_status":"","footnotes":""},"categories":[43],"tags":[],"class_list":{"0":"post-7617","1":"post","2":"type-post","3":"status-publish","4":"format-standard","5":"has-post-thumbnail","7":"category-ambiente-naturaleza"},"_links":{"self":[{"href":"https:\/\/circuitosalta.com.ar\/index.php?rest_route=\/wp\/v2\/posts\/7617"}],"collection":[{"href":"https:\/\/circuitosalta.com.ar\/index.php?rest_route=\/wp\/v2\/posts"}],"about":[{"href":"https:\/\/circuitosalta.com.ar\/index.php?rest_route=\/wp\/v2\/types\/post"}],"author":[{"embeddable":true,"href":"https:\/\/circuitosalta.com.ar\/index.php?rest_route=\/wp\/v2\/users\/2"}],"replies":[{"embeddable":true,"href":"https:\/\/circuitosalta.com.ar\/index.php?rest_route=%2Fwp%2Fv2%2Fcomments&post=7617"}],"version-history":[{"count":1,"href":"https:\/\/circuitosalta.com.ar\/index.php?rest_route=\/wp\/v2\/posts\/7617\/revisions"}],"predecessor-version":[{"id":7618,"href":"https:\/\/circuitosalta.com.ar\/index.php?rest_route=\/wp\/v2\/posts\/7617\/revisions\/7618"}],"wp:featuredmedia":[{"embeddable":true,"href":"https:\/\/circuitosalta.com.ar\/index.php?rest_route=\/wp\/v2\/media\/7619"}],"wp:attachment":[{"href":"https:\/\/circuitosalta.com.ar\/index.php?rest_route=%2Fwp%2Fv2%2Fmedia&parent=7617"}],"wp:term":[{"taxonomy":"category","embeddable":true,"href":"https:\/\/circuitosalta.com.ar\/index.php?rest_route=%2Fwp%2Fv2%2Fcategories&post=7617"},{"taxonomy":"post_tag","embeddable":true,"href":"https:\/\/circuitosalta.com.ar\/index.php?rest_route=%2Fwp%2Fv2%2Ftags&post=7617"}],"curies":[{"name":"wp","href":"https:\/\/api.w.org\/{rel}","templated":true}]}}