{"id":7634,"date":"2025-11-21T11:08:00","date_gmt":"2025-11-21T14:08:00","guid":{"rendered":"https:\/\/circuitosalta.com.ar\/?p=7634"},"modified":"2025-11-21T11:08:02","modified_gmt":"2025-11-21T14:08:02","slug":"la-feria-de-arte-salta-2025-inaugura-el-viernes-con-mas-de-200-artistas-convocados","status":"publish","type":"post","link":"https:\/\/circuitosalta.com.ar\/?p=7634","title":{"rendered":"La Feria de Arte Salta 2025: inaugura el viernes con m\u00e1s de 200 artistas convocados"},"content":{"rendered":"\n<p><strong><em>La Feria de Arte Salta se realizar\u00e1 desde hoy hasta el 23 de noviembre en San Lorenzo Chico con entrada gratuita y una variada agenda cultural.<\/em><\/strong><\/p>\n\n\n\n<p>La Feria de Arte Salta inaugura su segunda edici\u00f3n, que se desarrollar\u00e1 desde hoy hasta el 23 de noviembre, de 17 a 22, en el Condominio La Trinidad de San Lorenzo Chico, con entrada libre y gratuita. Este a\u00f1o, la propuesta re\u00fane exposici\u00f3n y venta de obras de m\u00e1s de 200 artistas de todo el pa\u00eds, charlas a cargo de especialistas, presentaciones editoriales, m\u00fasica en vivo y una variada oferta gastron\u00f3mica que acompa\u00f1a el recorrido.<\/p>\n\n\n\n<p>El coraz\u00f3n de la feria estar\u00e1 en las 33 galer\u00edas provenientes de distintas provincias, donde el p\u00fablico podr\u00e1 conocer y adquirir obra contempor\u00e1nea. A este circuito se suma una serie de actividades pensadas para acercar al p\u00fablico al universo del arte, el coleccionismo y el periodismo cultural. Entre los invitados especiales figuran periodistas, coleccionistas, curadores, editores y galeristas que compartir\u00e1n su experiencia y miradas en diversas instancias de di\u00e1logo.<\/p>\n\n\n\n<p>La apertura al p\u00fablico ser\u00e1 hoy a partir de las 17 h. A las 18 est\u00e1 prevista la presentaci\u00f3n del e-book de la artista salte\u00f1a Roxana Ramos, con la participaci\u00f3n de Adriana Musitano, editora, y Adriana Almada, investigadora y curadora, quienes profundizar\u00e1n en el proceso creativo de la autora y en los aportes de su obra. M\u00e1s tarde, a las 19 h, se realizar\u00e1 un panel de periodistas integrado por Elisa C\u00e1rdenas, reconocida cr\u00edtica cultural chilena; Gabriel Levinas, periodista, coleccionista y artista; Mar\u00eda Paula Zacharias, periodista especializada en arte; y Alicia de Arteaga, referente del periodismo cultural. La mesa estar\u00e1 moderada por Virginia Blaquier y propondr\u00e1 un intercambio sobre los desaf\u00edos y transformaciones del campo art\u00edstico en la regi\u00f3n.<\/p>\n\n\n\n<p>La experiencia de la feria se completa para su jornada inaugural con la participaci\u00f3n de seis foodtrucks que ofrecer\u00e1n distintas alternativas gastron\u00f3micas: Vov\u00e9, Lilios, Chipacitos Salta, Jarrito Caf\u00e9, Crepas y cocktails a cargo de Changarro, una propuesta que busca acompa\u00f1ar la visita y propiciar un espacio de encuentro entre familias, amigos y amantes del arte.<\/p>\n\n\n\n<figure class=\"wp-block-image size-large\"><img decoding=\"async\" src=\"https:\/\/www.salta.gob.ar\/public\/images\/noticias\/contenidos\/20690-la-feria-de-arte-salta-2025-inaugura-el-viernes-con-mas-de-200-artistas-convocados.webp\" alt=\"\"\/><\/figure>\n\n\n\n<p><strong>Cronograma fin de semana<\/strong><\/p>\n\n\n\n<p><strong>S\u00e1bado 22<\/strong><\/p>\n\n\n\n<p>17 hs: Apertura al p\u00fablico<\/p>\n\n\n\n<p>18 hs: Presentaci\u00f3n del libro de los coleccionistas Joaqu\u00edn Rodr\u00edguez y Abel Guaglianone, \u201cUna casa. La casa\u201d.<\/p>\n\n\n\n<p>18.45 hs: Charla del coleccionista Juan Cambiaso. Presenta: Esteban Drincovich<\/p>\n\n\n\n<p>19.30 hs: Panel de coleccionistas: Cristian Oschilewski, Gabriel Werthein, Carlos Stia, Renato Rabbi-Baldi. Modera: Alfredo Mu\u00f1oz<\/p>\n\n\n\n<p>20.30 hs: Entrega de premios<\/p>\n\n\n\n<p>Premio Accionarte \u2013 Homenaje a un coleccionista, Premio In Situ, Premio Fausto, Beca Gachi Prieto.<\/p>\n\n\n\n<p>21.30 hs: DJ en vivo<\/p>\n\n\n\n<p><strong>Domingo 23<\/strong><\/p>\n\n\n\n<p>17 hs: &nbsp;Apertura al p\u00fablico<\/p>\n\n\n\n<p>18 hs: Presentaci\u00f3n de libros Modesta Editorial, a cargo de Hern\u00e1n Ulm y Marcelo Ibarra.<\/p>\n\n\n\n<p>18.45 hs: Panel Desarrolladores Inmobiliarios y el arte<br>Jon\u00e1s Beccar Varela, Gerardo Azcuy, Carlos Dakak, Alfonso Asensio Albino. &nbsp;Modera: Claudia Lamas<\/p>\n\n\n\n<p>19.15 hs: Panel de galeristas<\/p>\n\n\n\n<p>Guido Yannito (Remota), &nbsp;Mariana Sabeh (Biomba), &nbsp;Alejandro Sasha Davila (Sasha D), Lucrecia Cornejo (Diderot.art). Moderador: Ana Benedetti<\/p>\n\n\n\n<p>20 hs: Conferencia Magistral de Adriana Almada<\/p>\n\n\n\n<p>21 hs: M\u00fasica en vivo con el Coro Cantar<\/p>\n\n\n\n<figure class=\"wp-block-image\"><a href=\"https:\/\/www.salta.gob.ar\/public\/images\/noticias\/contenidos\/20691-la-feria-de-arte-salta-2025-inaugura-el-viernes-con-mas-de-200-artistas-convocados.webp\"><img decoding=\"async\" src=\"https:\/\/www.salta.gob.ar\/public\/images\/noticias\/contenidos\/20691-la-feria-de-arte-salta-2025-inaugura-el-viernes-con-mas-de-200-artistas-convocados.webp\" alt=\"La Feria de Arte Salta 2025: inaugura el viernes con m\u00e1s de 200 artistas convocados\"\/><\/a><\/figure>\n\n\n\n<hr class=\"wp-block-separator has-alpha-channel-opacity\"\/>\n\n\n\n<p>Fuente:&nbsp;<strong>Secretar\u00eda de Prensa y Comunicaci\u00f3n<\/strong><\/p>\n","protected":false},"excerpt":{"rendered":"<p>La Feria de Arte Salta se realizar\u00e1 desde hoy hasta el 23 de noviembre en San Lorenzo Chico con entrada gratuita y una variada agenda cultural. La Feria de Arte Salta inaugura su segunda edici\u00f3n, que se desarrollar\u00e1 desde hoy hasta el 23 de noviembre, de 17 a 22, en el Condominio La Trinidad de [&hellip;]<\/p>\n","protected":false},"author":2,"featured_media":7635,"comment_status":"open","ping_status":"open","sticky":false,"template":"","format":"standard","meta":{"tdm_status":"","tdm_grid_status":"","footnotes":""},"categories":[14,11],"tags":[],"class_list":{"0":"post-7634","1":"post","2":"type-post","3":"status-publish","4":"format-standard","5":"has-post-thumbnail","7":"category-anuncios","8":"category-datos-utiles"},"_links":{"self":[{"href":"https:\/\/circuitosalta.com.ar\/index.php?rest_route=\/wp\/v2\/posts\/7634"}],"collection":[{"href":"https:\/\/circuitosalta.com.ar\/index.php?rest_route=\/wp\/v2\/posts"}],"about":[{"href":"https:\/\/circuitosalta.com.ar\/index.php?rest_route=\/wp\/v2\/types\/post"}],"author":[{"embeddable":true,"href":"https:\/\/circuitosalta.com.ar\/index.php?rest_route=\/wp\/v2\/users\/2"}],"replies":[{"embeddable":true,"href":"https:\/\/circuitosalta.com.ar\/index.php?rest_route=%2Fwp%2Fv2%2Fcomments&post=7634"}],"version-history":[{"count":1,"href":"https:\/\/circuitosalta.com.ar\/index.php?rest_route=\/wp\/v2\/posts\/7634\/revisions"}],"predecessor-version":[{"id":7636,"href":"https:\/\/circuitosalta.com.ar\/index.php?rest_route=\/wp\/v2\/posts\/7634\/revisions\/7636"}],"wp:featuredmedia":[{"embeddable":true,"href":"https:\/\/circuitosalta.com.ar\/index.php?rest_route=\/wp\/v2\/media\/7635"}],"wp:attachment":[{"href":"https:\/\/circuitosalta.com.ar\/index.php?rest_route=%2Fwp%2Fv2%2Fmedia&parent=7634"}],"wp:term":[{"taxonomy":"category","embeddable":true,"href":"https:\/\/circuitosalta.com.ar\/index.php?rest_route=%2Fwp%2Fv2%2Fcategories&post=7634"},{"taxonomy":"post_tag","embeddable":true,"href":"https:\/\/circuitosalta.com.ar\/index.php?rest_route=%2Fwp%2Fv2%2Ftags&post=7634"}],"curies":[{"name":"wp","href":"https:\/\/api.w.org\/{rel}","templated":true}]}}