{"id":7637,"date":"2025-11-21T11:12:11","date_gmt":"2025-11-21T14:12:11","guid":{"rendered":"https:\/\/circuitosalta.com.ar\/?p=7637"},"modified":"2025-11-21T11:12:12","modified_gmt":"2025-11-21T14:12:12","slug":"salta-participo-de-la-asamblea-del-consejo-federal-de-turismo-en-buenos-aires","status":"publish","type":"post","link":"https:\/\/circuitosalta.com.ar\/?p=7637","title":{"rendered":"Salta particip\u00f3 de la Asamblea del Consejo Federal de Turismo en Buenos Aires"},"content":{"rendered":"\n<p><strong><em>El evento favoreci\u00f3 los debates sobre promoci\u00f3n, conectividad, innovaci\u00f3n y estrategias federales y tratar temas vinculados a las tasas aeropuertarias regionales y el calendario escolar, que optimicen el crecimiento durante la pr\u00f3xima temporada. La campa\u00f1a \u00abVerano en Argentina\u00bb cuenta con diversas propuestas de integraci\u00f3n entre las provincias.<\/em><\/strong><\/p>\n\n\n\n<p>La ministra de Turismo y Deportes de Salta,&nbsp;<strong>Manuela Arancibia<\/strong>, form\u00f3 parte de la 174\u00aa Asamblea del Consejo Federal de Turismo, donde se abordaron pol\u00edticas p\u00fablicas clave para la planificaci\u00f3n tur\u00edstica nacional. El encuentro incluy\u00f3 debates sobre promoci\u00f3n, conectividad, innovaci\u00f3n y estrategias federales para fortalecer la pr\u00f3xima temporada.<\/p>\n\n\n\n<p>La jornada se desarroll\u00f3 en el Hotel Gran Brizo de Buenos Aires y reuni\u00f3 a autoridades de todo el pa\u00eds para analizar temas estrat\u00e9gicos del sector, entre ellos las tasas aeroportuarias regionales, el calendario escolar 2026, las acciones de promoci\u00f3n \u201cVerano en Argentina\u201d y diversas propuestas orientadas a la integraci\u00f3n de las provincias y al impulso del turismo sostenible.<\/p>\n\n\n\n<p>Durante la Asamblea, la ministra Arancibia destac\u00f3 la importancia del trabajo federal como motor del desarrollo tur\u00edstico, afirmando: \u201cEstos espacios nos permiten definir lineamientos comunes y avanzar en pol\u00edticas que impactan directamente en nuestras econom\u00edas regionales. La mirada compartida es clave para potenciar la actividad en cada punto del pa\u00eds.\u201d<\/p>\n\n\n\n<figure class=\"wp-block-image\"><a href=\"https:\/\/www.salta.gob.ar\/public\/images\/noticias\/contenidos\/20681-salta-participo-de-la-174-asamblea-del-consejo-federal-de-turismo-en-buenos-aires.webp\"><img decoding=\"async\" src=\"https:\/\/www.salta.gob.ar\/public\/images\/noticias\/contenidos\/20681-salta-participo-de-la-174-asamblea-del-consejo-federal-de-turismo-en-buenos-aires.webp\" alt=\"Salta particip\u00f3 de la Asamblea del Consejo Federal de Turismo en Buenos Aires\"\/><\/a><\/figure>\n\n\n\n<p>En ese sentido, se\u00f1al\u00f3 el rol activo que mantiene la provincia en cada una de las iniciativas tratadas: \u201cDesde Salta seguimos trabajando para que cada una de las propuestas impulse m\u00e1s conectividad, m\u00e1s promoci\u00f3n y m\u00e1s oportunidades para nuestra provincia. Estamos convencidos de que el desarrollo tur\u00edstico se consolida con planificaci\u00f3n, innovaci\u00f3n y articulaci\u00f3n permanente entre Naci\u00f3n y provincias.\u201d<\/p>\n\n\n\n<p>La Asamblea concluy\u00f3 con el cierre del presidente del CFT,&nbsp;<strong>Valent\u00edn D\u00edaz Gilligan<\/strong>, y del secretario de Turismo, Ambiente y Deportes de la Naci\u00f3n,<strong>&nbsp;Daniel Scioli<\/strong>, quienes destacaron los avances del a\u00f1o y los desaf\u00edos para la agenda tur\u00edstica 2026.<\/p>\n\n\n\n<hr class=\"wp-block-separator has-alpha-channel-opacity\"\/>\n\n\n\n<p>Fuente:&nbsp;<strong>Secretaria de Prensa y Comunicaci\u00f3n<\/strong><\/p>\n","protected":false},"excerpt":{"rendered":"<p>El evento favoreci\u00f3 los debates sobre promoci\u00f3n, conectividad, innovaci\u00f3n y estrategias federales y tratar temas vinculados a las tasas aeropuertarias regionales y el calendario escolar, que optimicen el crecimiento durante la pr\u00f3xima temporada. La campa\u00f1a \u00abVerano en Argentina\u00bb cuenta con diversas propuestas de integraci\u00f3n entre las provincias. La ministra de Turismo y Deportes de Salta,&nbsp;Manuela [&hellip;]<\/p>\n","protected":false},"author":2,"featured_media":7638,"comment_status":"open","ping_status":"open","sticky":false,"template":"","format":"standard","meta":{"tdm_status":"","tdm_grid_status":"","footnotes":""},"categories":[21],"tags":[],"class_list":{"0":"post-7637","1":"post","2":"type-post","3":"status-publish","4":"format-standard","5":"has-post-thumbnail","7":"category-nacional"},"_links":{"self":[{"href":"https:\/\/circuitosalta.com.ar\/index.php?rest_route=\/wp\/v2\/posts\/7637"}],"collection":[{"href":"https:\/\/circuitosalta.com.ar\/index.php?rest_route=\/wp\/v2\/posts"}],"about":[{"href":"https:\/\/circuitosalta.com.ar\/index.php?rest_route=\/wp\/v2\/types\/post"}],"author":[{"embeddable":true,"href":"https:\/\/circuitosalta.com.ar\/index.php?rest_route=\/wp\/v2\/users\/2"}],"replies":[{"embeddable":true,"href":"https:\/\/circuitosalta.com.ar\/index.php?rest_route=%2Fwp%2Fv2%2Fcomments&post=7637"}],"version-history":[{"count":1,"href":"https:\/\/circuitosalta.com.ar\/index.php?rest_route=\/wp\/v2\/posts\/7637\/revisions"}],"predecessor-version":[{"id":7639,"href":"https:\/\/circuitosalta.com.ar\/index.php?rest_route=\/wp\/v2\/posts\/7637\/revisions\/7639"}],"wp:featuredmedia":[{"embeddable":true,"href":"https:\/\/circuitosalta.com.ar\/index.php?rest_route=\/wp\/v2\/media\/7638"}],"wp:attachment":[{"href":"https:\/\/circuitosalta.com.ar\/index.php?rest_route=%2Fwp%2Fv2%2Fmedia&parent=7637"}],"wp:term":[{"taxonomy":"category","embeddable":true,"href":"https:\/\/circuitosalta.com.ar\/index.php?rest_route=%2Fwp%2Fv2%2Fcategories&post=7637"},{"taxonomy":"post_tag","embeddable":true,"href":"https:\/\/circuitosalta.com.ar\/index.php?rest_route=%2Fwp%2Fv2%2Ftags&post=7637"}],"curies":[{"name":"wp","href":"https:\/\/api.w.org\/{rel}","templated":true}]}}