{"id":7649,"date":"2025-11-27T09:00:37","date_gmt":"2025-11-27T12:00:37","guid":{"rendered":"https:\/\/circuitosalta.com.ar\/?p=7649"},"modified":"2025-11-27T09:00:39","modified_gmt":"2025-11-27T12:00:39","slug":"el-ballet-folklorico-de-salta-y-academias-del-territorio-se-reunen-en-confluencias","status":"publish","type":"post","link":"https:\/\/circuitosalta.com.ar\/?p=7649","title":{"rendered":"El Ballet Folkl\u00f3rico de Salta y academias del territorio se re\u00fanen en Confluencias"},"content":{"rendered":"\n<p><strong><em>El 28 de noviembre el Teatro Provincial ser\u00e1 sede de una gala que re\u00fane al Ballet Folkl\u00f3rico de Salta y academias de toda la provincia.<\/em><\/strong><\/p>\n\n\n\n<p>El Teatro Provincial \u00abJuan Carlos Saravia\u00bb&nbsp;ser\u00e1 escenario el 28 de noviembre, a las 21, del espect\u00e1culo de danza folkl\u00f3rica Confluencias, una gala que re\u00fane a academias de distintos puntos de la provincia junto al Ballet Folkl\u00f3rico de Salta. La propuesta busca poner en valor la labor de los cuerpos de danza que representan a Salta en cert\u00e1menes y festivales nacionales, y celebra el Mes de la Tradici\u00f3n con una puesta que recorre ritmos, historias y paisajes que integran la identidad folkl\u00f3rica argentina.<\/p>\n\n\n\n<p>El a\u00f1o pasado, la iniciativa convoc\u00f3 al Ballet Oficial del Festival Nacional de Folklore de Cosqu\u00edn, que ofreci\u00f3 funciones a sala llena en la Casa de la Cultura el 25 y 26 de octubre. En esta nueva edici\u00f3n, la participaci\u00f3n se ampl\u00eda con academias de la capital y del interior que presentar\u00e1n cuadros especialmente preparados para la ocasi\u00f3n.<\/p>\n\n\n\n<p>Estudio de Danzas y Malambo El Fac\u00f3n, de Campo Quijano, dirigido por Jimena Marucci, Jonathan Moyano y Carlos Moyano, presentar\u00e1 Ecos de aquel amor. Desde Vaqueros, la Academia de Danzas Folkl\u00f3ricas Santiago Ayala, bajo la gu\u00eda de Norma de los \u00c1ngeles Barconte, interpretar\u00e1 Penas y alegr\u00edas del Chaco salte\u00f1o. El Estudio de Danza y Malambo El Federal, de Salta Capital, con Nicol\u00e1s P\u00e9rez y Melisa Colque, ofrecer\u00e1 Fiesta del D\u00eda de la Tradici\u00f3n: nuestra identidad cultural. La Escuela de Danzas L\u00f3pez Pereyra, con los profesores Karen Orquera y Diego Correjidor, subir\u00e1 al escenario con Jujuy mujer. Finalmente, la Academia La Salamanca, dirigida por el maestro preparador Facundo Aguilar, presentar\u00e1 un malambo femenino a cargo de Luciana Romina Salda\u00f1o, campeona nacional de Malambo Femenino 2025 en categor\u00eda adulta.<\/p>\n\n\n\n<p>Las entradas ya se encuentran disponibles en vamos.gob.ar, con cupos liberados para estudiantes y personas mayores.&nbsp;<\/p>\n\n\n\n<hr class=\"wp-block-separator has-alpha-channel-opacity\"\/>\n\n\n\n<p>Fuente:&nbsp;<strong>Secretaria de Prensa y Comunicaci\u00f3n<\/strong><\/p>\n","protected":false},"excerpt":{"rendered":"<p>El 28 de noviembre el Teatro Provincial ser\u00e1 sede de una gala que re\u00fane al Ballet Folkl\u00f3rico de Salta y academias de toda la provincia. El Teatro Provincial \u00abJuan Carlos Saravia\u00bb&nbsp;ser\u00e1 escenario el 28 de noviembre, a las 21, del espect\u00e1culo de danza folkl\u00f3rica Confluencias, una gala que re\u00fane a academias de distintos puntos de [&hellip;]<\/p>\n","protected":false},"author":2,"featured_media":7650,"comment_status":"open","ping_status":"open","sticky":false,"template":"","format":"standard","meta":{"tdm_status":"","tdm_grid_status":"","footnotes":""},"categories":[13],"tags":[],"class_list":{"0":"post-7649","1":"post","2":"type-post","3":"status-publish","4":"format-standard","5":"has-post-thumbnail","7":"category-festivales"},"_links":{"self":[{"href":"https:\/\/circuitosalta.com.ar\/index.php?rest_route=\/wp\/v2\/posts\/7649"}],"collection":[{"href":"https:\/\/circuitosalta.com.ar\/index.php?rest_route=\/wp\/v2\/posts"}],"about":[{"href":"https:\/\/circuitosalta.com.ar\/index.php?rest_route=\/wp\/v2\/types\/post"}],"author":[{"embeddable":true,"href":"https:\/\/circuitosalta.com.ar\/index.php?rest_route=\/wp\/v2\/users\/2"}],"replies":[{"embeddable":true,"href":"https:\/\/circuitosalta.com.ar\/index.php?rest_route=%2Fwp%2Fv2%2Fcomments&post=7649"}],"version-history":[{"count":1,"href":"https:\/\/circuitosalta.com.ar\/index.php?rest_route=\/wp\/v2\/posts\/7649\/revisions"}],"predecessor-version":[{"id":7651,"href":"https:\/\/circuitosalta.com.ar\/index.php?rest_route=\/wp\/v2\/posts\/7649\/revisions\/7651"}],"wp:featuredmedia":[{"embeddable":true,"href":"https:\/\/circuitosalta.com.ar\/index.php?rest_route=\/wp\/v2\/media\/7650"}],"wp:attachment":[{"href":"https:\/\/circuitosalta.com.ar\/index.php?rest_route=%2Fwp%2Fv2%2Fmedia&parent=7649"}],"wp:term":[{"taxonomy":"category","embeddable":true,"href":"https:\/\/circuitosalta.com.ar\/index.php?rest_route=%2Fwp%2Fv2%2Fcategories&post=7649"},{"taxonomy":"post_tag","embeddable":true,"href":"https:\/\/circuitosalta.com.ar\/index.php?rest_route=%2Fwp%2Fv2%2Ftags&post=7649"}],"curies":[{"name":"wp","href":"https:\/\/api.w.org\/{rel}","templated":true}]}}