{"id":7658,"date":"2025-12-10T11:28:13","date_gmt":"2025-12-10T14:28:13","guid":{"rendered":"https:\/\/circuitosalta.com.ar\/?p=7658"},"modified":"2025-12-10T11:28:15","modified_gmt":"2025-12-10T14:28:15","slug":"coronel-moldes-se-prepara-para-una-temporada-de-verano-con-mas-oportunidades-y-desarrollo","status":"publish","type":"post","link":"https:\/\/circuitosalta.com.ar\/?p=7658","title":{"rendered":"Coronel Moldes se prepara para una temporada de verano con m\u00e1s oportunidades y desarrollo"},"content":{"rendered":"\n<p><strong><em>El Ministerio de Turismo y Deportes contin\u00faa trabajando en territorio para consolidar una temporada de verano federal y competitiva. En Coronel Moldes se avanz\u00f3 en la planificaci\u00f3n conjunta con el municipio y el sector privado para potenciar la oferta tur\u00edstica y garantizar m\u00e1s crecimiento econ\u00f3mico y empleo local.<\/em><\/strong><\/p>\n\n\n\n<p>En Coronel Moldes se llev\u00f3 adelante una nueva Mesa de Gobernanza Tur\u00edstica entre el Ministerio de Turismo y Deportes, el municipio y la C\u00e1mara de Turismo de la localidad. El objetivo del encuentro fue coordinar acciones estrat\u00e9gicas para la pr\u00f3xima temporada estival, impulsando el trabajo conjunto entre el sector p\u00fablico y el privado.<\/p>\n\n\n\n<p>Durante la reuni\u00f3n se analizaron los resultados de la \u00faltima temporada y se definieron nuevas l\u00edneas de acci\u00f3n para fortalecer la promoci\u00f3n, mejorar servicios y generar m\u00e1s oportunidades para emprendedores y trabajadores del turismo.<\/p>\n\n\n\n<p>Adem\u00e1s se destac\u00f3 la promoci\u00f3n \u201cVerano Cabra 30 mil\u201d, que ofrecer\u00e1 a los turistas un beneficio especial. Al realizar una reserva de tres noches, recibir\u00e1n un voucher de $30.000 para utilizar en actividades y propuestas gastron\u00f3micas de los comercios adheridos.<\/p>\n\n\n\n<p>En la oportunidad la&nbsp;<strong>ministra de Turismo y Deportes, Manuela Arancibia<\/strong>, afirm\u00f3 que \u201cel turismo es una herramienta de desarrollo y queremos que cada municipio pueda aprovechar al m\u00e1ximo su potencial. Moldes tiene un enorme atractivo natural y cultural, y estamos trabajando junto al sector privado para que esta temporada tenga un impacto positivo en la comunidad\u201d.<\/p>\n\n\n\n<p>Por su parte, el secretario de Turismo de Coronel Moldes, Eduardo Muratore, manifest\u00f3 que \u201cvenimos de un muy buen verano.&nbsp;Los prestadores tur\u00edsticos remarcaron que, con la llegada del calor, los fines de semana alcanzaron niveles de ocupaci\u00f3n cercanos al 90% y 100%.&nbsp;Asimismo, la ocupaci\u00f3n se vio impulsada por el clima, las actividades acu\u00e1ticas y deportivas, y el parque acu\u00e1tico, uno de los atractivos m\u00e1s concurridos que tenemos.&nbsp;Estas mesas de trabajo nos permiten llegar m\u00e1s preparados, con una oferta renovada y mejores servicios, para que quienes nos visiten vivan una experiencia inolvidable\u201d.<\/p>\n\n\n\n<p>Desde el Gobierno de la Provincia se reafirm\u00f3 el compromiso de continuar acompa\u00f1ando a Coronel Moldes y a todos los destinos tur\u00edsticos salte\u00f1os, fortaleciendo la competitividad del sector y consolidando una temporada estival que impulse el desarrollo local y la generaci\u00f3n de empleo en cada rinc\u00f3n de la provincia.<\/p>\n\n\n\n<hr class=\"wp-block-separator has-alpha-channel-opacity\"\/>\n\n\n\n<p>Fuente:&nbsp;<strong>Secretaria de Prensa y Comunicaci\u00f3n<\/strong><\/p>\n","protected":false},"excerpt":{"rendered":"<p>El Ministerio de Turismo y Deportes contin\u00faa trabajando en territorio para consolidar una temporada de verano federal y competitiva. En Coronel Moldes se avanz\u00f3 en la planificaci\u00f3n conjunta con el municipio y el sector privado para potenciar la oferta tur\u00edstica y garantizar m\u00e1s crecimiento econ\u00f3mico y empleo local. En Coronel Moldes se llev\u00f3 adelante una [&hellip;]<\/p>\n","protected":false},"author":2,"featured_media":7659,"comment_status":"open","ping_status":"open","sticky":false,"template":"","format":"standard","meta":{"tdm_status":"","tdm_grid_status":"","footnotes":""},"categories":[43,15],"tags":[],"class_list":{"0":"post-7658","1":"post","2":"type-post","3":"status-publish","4":"format-standard","5":"has-post-thumbnail","7":"category-ambiente-naturaleza","8":"category-provincial"},"_links":{"self":[{"href":"https:\/\/circuitosalta.com.ar\/index.php?rest_route=\/wp\/v2\/posts\/7658"}],"collection":[{"href":"https:\/\/circuitosalta.com.ar\/index.php?rest_route=\/wp\/v2\/posts"}],"about":[{"href":"https:\/\/circuitosalta.com.ar\/index.php?rest_route=\/wp\/v2\/types\/post"}],"author":[{"embeddable":true,"href":"https:\/\/circuitosalta.com.ar\/index.php?rest_route=\/wp\/v2\/users\/2"}],"replies":[{"embeddable":true,"href":"https:\/\/circuitosalta.com.ar\/index.php?rest_route=%2Fwp%2Fv2%2Fcomments&post=7658"}],"version-history":[{"count":1,"href":"https:\/\/circuitosalta.com.ar\/index.php?rest_route=\/wp\/v2\/posts\/7658\/revisions"}],"predecessor-version":[{"id":7660,"href":"https:\/\/circuitosalta.com.ar\/index.php?rest_route=\/wp\/v2\/posts\/7658\/revisions\/7660"}],"wp:featuredmedia":[{"embeddable":true,"href":"https:\/\/circuitosalta.com.ar\/index.php?rest_route=\/wp\/v2\/media\/7659"}],"wp:attachment":[{"href":"https:\/\/circuitosalta.com.ar\/index.php?rest_route=%2Fwp%2Fv2%2Fmedia&parent=7658"}],"wp:term":[{"taxonomy":"category","embeddable":true,"href":"https:\/\/circuitosalta.com.ar\/index.php?rest_route=%2Fwp%2Fv2%2Fcategories&post=7658"},{"taxonomy":"post_tag","embeddable":true,"href":"https:\/\/circuitosalta.com.ar\/index.php?rest_route=%2Fwp%2Fv2%2Ftags&post=7658"}],"curies":[{"name":"wp","href":"https:\/\/api.w.org\/{rel}","templated":true}]}}