{"id":7661,"date":"2025-12-10T11:32:33","date_gmt":"2025-12-10T14:32:33","guid":{"rendered":"https:\/\/circuitosalta.com.ar\/?p=7661"},"modified":"2025-12-10T11:33:31","modified_gmt":"2025-12-10T14:33:31","slug":"presentaran-el-anuario-de-gestion-turistica-2025-y-la-temporada-de-verano-2025-2026","status":"publish","type":"post","link":"https:\/\/circuitosalta.com.ar\/?p=7661","title":{"rendered":"Presentar\u00e1n el Anuario de Gesti\u00f3n Tur\u00edstica 2025 y la temporada de verano 2025-2026"},"content":{"rendered":"\n<p><strong><em>El jueves 11 a las 11 hs., en el Mercado Artesanal, se realizar\u00e1 la presentaci\u00f3n del Anuario de Gesti\u00f3n Tur\u00edstica 2025 junto con el lanzamiento oficial de la temporada de verano 2025-2026. El acto ser\u00e1 encabezado por la ministra de Turismo y Deportes, Manuela Arancibia junto a autoridades provinciales, intendentes y referentes del sector tur\u00edstico.<\/em><\/strong><\/p>\n\n\n\n<p>El Ministerio de Turismo y Deportes llevar\u00e1 adelante, este jueves 11 de diciembre a las 11 hs. en el Mercado Artesanal, la presentaci\u00f3n del Anuario de Gesti\u00f3n Tur\u00edstica 2025, donde se dar\u00e1n a conocer los principales indicadores, programas y acciones impulsadas por la Provincia durante el \u00faltimo a\u00f1o.<\/p>\n\n\n\n<p>El acto ser\u00e1 encabezado por la ministra de Turismo y Deportes, Manuela Arancibia, y contar\u00e1 con la participaci\u00f3n de autoridades de la cartera tur\u00edstica, intendentes de distintos municipios, representantes de las c\u00e1maras empresariales del sector, y equipos t\u00e9cnicos vinculados a la planificaci\u00f3n estrat\u00e9gica del turismo.<\/p>\n\n\n\n<p>Adem\u00e1s del anuario, se realizar\u00e1 el lanzamiento oficial de la temporada de verano 2025-2026, donde los municipios de toda la provincia presentar\u00e1n las propuestas, actividades y eventos que prepararon para recibir a salte\u00f1os y turistas durante los meses estivales.<\/p>\n\n\n\n<p>Al finalizar, la C\u00e1mara de Turismo de la Provincia de Salta ofrecer\u00e1 un brindis de fin de a\u00f1o para celebrar el trabajo realizado y renovar los lazos de cooperaci\u00f3n.<\/p>\n\n\n\n<hr class=\"wp-block-separator has-alpha-channel-opacity\"\/>\n\n\n\n<p>Fuente:&nbsp;<strong>Secretaria de Prensa y Comunicaci\u00f3n<\/strong><\/p>\n","protected":false},"excerpt":{"rendered":"<p>El jueves 11 a las 11 hs., en el Mercado Artesanal, se realizar\u00e1 la presentaci\u00f3n del Anuario de Gesti\u00f3n Tur\u00edstica 2025 junto con el lanzamiento oficial de la temporada de verano 2025-2026. El acto ser\u00e1 encabezado por la ministra de Turismo y Deportes, Manuela Arancibia junto a autoridades provinciales, intendentes y referentes del sector tur\u00edstico. [&hellip;]<\/p>\n","protected":false},"author":2,"featured_media":7663,"comment_status":"open","ping_status":"open","sticky":false,"template":"","format":"standard","meta":{"tdm_status":"","tdm_grid_status":"","footnotes":""},"categories":[11],"tags":[],"class_list":{"0":"post-7661","1":"post","2":"type-post","3":"status-publish","4":"format-standard","5":"has-post-thumbnail","7":"category-datos-utiles"},"_links":{"self":[{"href":"https:\/\/circuitosalta.com.ar\/index.php?rest_route=\/wp\/v2\/posts\/7661"}],"collection":[{"href":"https:\/\/circuitosalta.com.ar\/index.php?rest_route=\/wp\/v2\/posts"}],"about":[{"href":"https:\/\/circuitosalta.com.ar\/index.php?rest_route=\/wp\/v2\/types\/post"}],"author":[{"embeddable":true,"href":"https:\/\/circuitosalta.com.ar\/index.php?rest_route=\/wp\/v2\/users\/2"}],"replies":[{"embeddable":true,"href":"https:\/\/circuitosalta.com.ar\/index.php?rest_route=%2Fwp%2Fv2%2Fcomments&post=7661"}],"version-history":[{"count":1,"href":"https:\/\/circuitosalta.com.ar\/index.php?rest_route=\/wp\/v2\/posts\/7661\/revisions"}],"predecessor-version":[{"id":7662,"href":"https:\/\/circuitosalta.com.ar\/index.php?rest_route=\/wp\/v2\/posts\/7661\/revisions\/7662"}],"wp:featuredmedia":[{"embeddable":true,"href":"https:\/\/circuitosalta.com.ar\/index.php?rest_route=\/wp\/v2\/media\/7663"}],"wp:attachment":[{"href":"https:\/\/circuitosalta.com.ar\/index.php?rest_route=%2Fwp%2Fv2%2Fmedia&parent=7661"}],"wp:term":[{"taxonomy":"category","embeddable":true,"href":"https:\/\/circuitosalta.com.ar\/index.php?rest_route=%2Fwp%2Fv2%2Fcategories&post=7661"},{"taxonomy":"post_tag","embeddable":true,"href":"https:\/\/circuitosalta.com.ar\/index.php?rest_route=%2Fwp%2Fv2%2Ftags&post=7661"}],"curies":[{"name":"wp","href":"https:\/\/api.w.org\/{rel}","templated":true}]}}