{"id":7698,"date":"2025-12-23T10:05:24","date_gmt":"2025-12-23T13:05:24","guid":{"rendered":"https:\/\/circuitosalta.com.ar\/?p=7698"},"modified":"2025-12-23T10:05:26","modified_gmt":"2025-12-23T13:05:26","slug":"calendario-de-verano-el-municipio-presento-la-propuesta-con-mas-de-300-actividades","status":"publish","type":"post","link":"https:\/\/circuitosalta.com.ar\/?p=7698","title":{"rendered":"Calendario de Verano: el municipio present\u00f3 la propuesta con m\u00e1s de 300 actividades"},"content":{"rendered":"\n<p><strong><em>El objetivo es posicionar a Salta como un destino de verano, con una agenda diversa, con actividades culturales, recreativas y deportivas para salte\u00f1os y turistas. Se destacan, Ciudad de Navidad, Salta el Amor, Carnaval, ferias, espect\u00e1culos y mucho m\u00e1s.<\/em><\/strong><\/p>\n\n\n\n<p>La Municipalidad de Salta a trav\u00e9s del Ente de Turismo present\u00f3 el Calendario de Verano 2026, que contempla m\u00e1s de 300 actividades culturales, recreativas, deportivas y tur\u00edsticas, con el objetivo de consolidar a la ciudad como un destino atractivo durante la temporada de verano.<\/p>\n\n\n\n<figure class=\"wp-block-gallery has-nested-images columns-default is-cropped wp-block-gallery-1 is-layout-flex wp-block-gallery-is-layout-flex\">\n<figure class=\"wp-block-image size-large\"><img fetchpriority=\"high\" decoding=\"async\" width=\"1024\" height=\"683\" data-id=\"7701\" src=\"https:\/\/circuitosalta.com.ar\/wp-content\/uploads\/2025\/12\/calendario-de-verano-presentacion-2-1024x683.webp\" alt=\"\" class=\"wp-image-7701\" srcset=\"https:\/\/circuitosalta.com.ar\/wp-content\/uploads\/2025\/12\/calendario-de-verano-presentacion-2-1024x683.webp 1024w, https:\/\/circuitosalta.com.ar\/wp-content\/uploads\/2025\/12\/calendario-de-verano-presentacion-2-300x200.webp 300w, https:\/\/circuitosalta.com.ar\/wp-content\/uploads\/2025\/12\/calendario-de-verano-presentacion-2-768x512.webp 768w, https:\/\/circuitosalta.com.ar\/wp-content\/uploads\/2025\/12\/calendario-de-verano-presentacion-2-630x420.webp 630w, https:\/\/circuitosalta.com.ar\/wp-content\/uploads\/2025\/12\/calendario-de-verano-presentacion-2-696x464.webp 696w, https:\/\/circuitosalta.com.ar\/wp-content\/uploads\/2025\/12\/calendario-de-verano-presentacion-2.webp 1044w\" sizes=\"(max-width: 1024px) 100vw, 1024px\" \/><\/figure>\n\n\n\n<figure class=\"wp-block-image size-large\"><img decoding=\"async\" width=\"1024\" height=\"683\" data-id=\"7700\" src=\"https:\/\/circuitosalta.com.ar\/wp-content\/uploads\/2025\/12\/calendario-de-verano-presentacion-1-1024x683.webp\" alt=\"\" class=\"wp-image-7700\" srcset=\"https:\/\/circuitosalta.com.ar\/wp-content\/uploads\/2025\/12\/calendario-de-verano-presentacion-1-1024x683.webp 1024w, https:\/\/circuitosalta.com.ar\/wp-content\/uploads\/2025\/12\/calendario-de-verano-presentacion-1-300x200.webp 300w, https:\/\/circuitosalta.com.ar\/wp-content\/uploads\/2025\/12\/calendario-de-verano-presentacion-1-768x512.webp 768w, https:\/\/circuitosalta.com.ar\/wp-content\/uploads\/2025\/12\/calendario-de-verano-presentacion-1-630x420.webp 630w, https:\/\/circuitosalta.com.ar\/wp-content\/uploads\/2025\/12\/calendario-de-verano-presentacion-1-696x464.webp 696w, https:\/\/circuitosalta.com.ar\/wp-content\/uploads\/2025\/12\/calendario-de-verano-presentacion-1.webp 1044w\" sizes=\"(max-width: 1024px) 100vw, 1024px\" \/><\/figure>\n\n\n\n<figure class=\"wp-block-image size-large\"><img decoding=\"async\" width=\"1024\" height=\"683\" data-id=\"7699\" src=\"https:\/\/circuitosalta.com.ar\/wp-content\/uploads\/2025\/12\/calendario-de-verano-presentacion-3-1024x683.webp\" alt=\"\" class=\"wp-image-7699\" srcset=\"https:\/\/circuitosalta.com.ar\/wp-content\/uploads\/2025\/12\/calendario-de-verano-presentacion-3-1024x683.webp 1024w, https:\/\/circuitosalta.com.ar\/wp-content\/uploads\/2025\/12\/calendario-de-verano-presentacion-3-300x200.webp 300w, https:\/\/circuitosalta.com.ar\/wp-content\/uploads\/2025\/12\/calendario-de-verano-presentacion-3-768x512.webp 768w, https:\/\/circuitosalta.com.ar\/wp-content\/uploads\/2025\/12\/calendario-de-verano-presentacion-3-630x420.webp 630w, https:\/\/circuitosalta.com.ar\/wp-content\/uploads\/2025\/12\/calendario-de-verano-presentacion-3-696x464.webp 696w, https:\/\/circuitosalta.com.ar\/wp-content\/uploads\/2025\/12\/calendario-de-verano-presentacion-3.webp 1044w\" sizes=\"(max-width: 1024px) 100vw, 1024px\" \/><\/figure>\n<\/figure>\n\n\n\n<p>La presentaci\u00f3n se llev\u00f3 a cabo en el Centro Cultural Dino Saluzzi y cont\u00f3 con el acompa\u00f1amiento del intendente Emiliano Durand, autoridades de la Universidad Cat\u00f3lica de Salta, representantes de las c\u00e1maras del sector tur\u00edstico, referentes hoteleros, gastron\u00f3micos y prestadores de servicios.<\/p>\n\n\n\n<p>Durante el encuentro tambi\u00e9n se present\u00f3 el Anuario de Gesti\u00f3n Tur\u00edstica, un material que resume las acciones, eventos y actividades desarrolladas a lo largo del a\u00f1o, reflejando el trabajo articulado entre el sector p\u00fablico, privado y acad\u00e9mico.<\/p>\n\n\n\n<p>Entre las actividades destacadas del verano se encuentran: la apertura oficial de la temporada, el 10 de enero; la 60\u00aa edici\u00f3n de Ciudad de Navidad; el funcionamiento de los natatorios y balnearios municipales; propuestas especiales para el fin de semana largo de Carnaval; Salta el Amor \u2013 D\u00eda de los Enamorados; y los tradicionales Cambios de Guardia. Adem\u00e1s de espect\u00e1culos, ferias, eventos culturales y m\u00faltiples experiencias distribuidas en distintos puntos de la ciudad.<\/p>\n\n\n\n<p>De esta manera, la Municipalidad de Salta reafirma su compromiso con una planificaci\u00f3n tur\u00edstica integral, apostando a una oferta variada que incentive el movimiento tur\u00edstico, el disfrute de los vecinos y el fortalecimiento de la econom\u00eda local durante todo el verano.<\/p>\n\n\n\n<figure class=\"wp-block-embed is-type-video is-provider-youtube wp-block-embed-youtube wp-embed-aspect-16-9 wp-has-aspect-ratio\"><div class=\"wp-block-embed__wrapper\">\n<iframe title=\"Calendario de Verano: el municipio present\u00f3 la propuesta con m\u00e1s de 300 actividades\" width=\"696\" height=\"392\" src=\"https:\/\/www.youtube.com\/embed\/eEJGyGcinec?feature=oembed\" frameborder=\"0\" allow=\"accelerometer; autoplay; clipboard-write; encrypted-media; gyroscope; picture-in-picture; web-share\" referrerpolicy=\"strict-origin-when-cross-origin\" allowfullscreen><\/iframe>\n<\/div><\/figure>\n","protected":false},"excerpt":{"rendered":"<p>El objetivo es posicionar a Salta como un destino de verano, con una agenda diversa, con actividades culturales, recreativas y deportivas para salte\u00f1os y turistas. Se destacan, Ciudad de Navidad, Salta el Amor, Carnaval, ferias, espect\u00e1culos y mucho m\u00e1s. La Municipalidad de Salta a trav\u00e9s del Ente de Turismo present\u00f3 el Calendario de Verano 2026, [&hellip;]<\/p>\n","protected":false},"author":1,"featured_media":7699,"comment_status":"open","ping_status":"open","sticky":false,"template":"","format":"standard","meta":{"tdm_status":"","tdm_grid_status":"","footnotes":""},"categories":[44],"tags":[],"class_list":{"0":"post-7698","1":"post","2":"type-post","3":"status-publish","4":"format-standard","5":"has-post-thumbnail","7":"category-ciudad-de-salta"},"_links":{"self":[{"href":"https:\/\/circuitosalta.com.ar\/index.php?rest_route=\/wp\/v2\/posts\/7698"}],"collection":[{"href":"https:\/\/circuitosalta.com.ar\/index.php?rest_route=\/wp\/v2\/posts"}],"about":[{"href":"https:\/\/circuitosalta.com.ar\/index.php?rest_route=\/wp\/v2\/types\/post"}],"author":[{"embeddable":true,"href":"https:\/\/circuitosalta.com.ar\/index.php?rest_route=\/wp\/v2\/users\/1"}],"replies":[{"embeddable":true,"href":"https:\/\/circuitosalta.com.ar\/index.php?rest_route=%2Fwp%2Fv2%2Fcomments&post=7698"}],"version-history":[{"count":1,"href":"https:\/\/circuitosalta.com.ar\/index.php?rest_route=\/wp\/v2\/posts\/7698\/revisions"}],"predecessor-version":[{"id":7702,"href":"https:\/\/circuitosalta.com.ar\/index.php?rest_route=\/wp\/v2\/posts\/7698\/revisions\/7702"}],"wp:featuredmedia":[{"embeddable":true,"href":"https:\/\/circuitosalta.com.ar\/index.php?rest_route=\/wp\/v2\/media\/7699"}],"wp:attachment":[{"href":"https:\/\/circuitosalta.com.ar\/index.php?rest_route=%2Fwp%2Fv2%2Fmedia&parent=7698"}],"wp:term":[{"taxonomy":"category","embeddable":true,"href":"https:\/\/circuitosalta.com.ar\/index.php?rest_route=%2Fwp%2Fv2%2Fcategories&post=7698"},{"taxonomy":"post_tag","embeddable":true,"href":"https:\/\/circuitosalta.com.ar\/index.php?rest_route=%2Fwp%2Fv2%2Ftags&post=7698"}],"curies":[{"name":"wp","href":"https:\/\/api.w.org\/{rel}","templated":true}]}}