{"id":7712,"date":"2026-01-05T22:53:21","date_gmt":"2026-01-06T01:53:21","guid":{"rendered":"https:\/\/circuitosalta.com.ar\/?p=7712"},"modified":"2026-01-05T22:53:23","modified_gmt":"2026-01-06T01:53:23","slug":"record-historico-de-usuarios-en-el-complejo-teleferico-salta-s-e","status":"publish","type":"post","link":"https:\/\/circuitosalta.com.ar\/?p=7712","title":{"rendered":"R\u00e9cord hist\u00f3rico de usuarios en el Complejo Telef\u00e9rico Salta S.E"},"content":{"rendered":"\n<p><strong><em>El Complejo Telef\u00e9rico Salta S.E. cerr\u00f3 2025 con un r\u00e9cord de 437.825 visitantes, un 29,41% m\u00e1s que el a\u00f1o anterior, impulsado por el \u00e9xito del nuevo Telef\u00e9rico Aladelta y el crecimiento sostenido del turismo en la provincia.<\/em><\/strong><\/p>\n\n\n\n<p>El Complejo Telef\u00e9rico Salta S.E. cerr\u00f3 el a\u00f1o 2025 con un r\u00e9cord hist\u00f3rico de visitantes, alcanzando un total de 437.825 usuarios que utilizaron los servicios del Telef\u00e9rico San Bernardo y el Telef\u00e9rico Aladelta, lo que representa un incremento del 29,41% en comparaci\u00f3n con el a\u00f1o anterior.<\/p>\n\n\n\n<p>Este crecimiento sostenido refleja el fuerte acompa\u00f1amiento de salte\u00f1os y turistas, y marca un hito especial al tratarse del primer a\u00f1o de funcionamiento del Telef\u00e9rico Aladelta, que se consolid\u00f3 r\u00e1pidamente como una nueva alternativa tur\u00edstica y recreativa de gran impacto para la provincia.<\/p>\n\n\n\n<p>Al respecto, el presidente del Complejo Telef\u00e9rico Salta S.E.&nbsp;<strong>\u00c1ngel Causarano<\/strong>, destac\u00f3 que \u201ceste r\u00e9cord de usuarios es el resultado de un trabajo sostenido, con una fuerte apuesta a la calidad del servicio, la seguridad y la generaci\u00f3n de propuestas culturales y tur\u00edsticas pensadas tanto para los salte\u00f1os como para quienes visitan la provincia\u201d. A lo largo del a\u00f1o se desarrollaron numerosas actividades culturales, recreativas y eventos especiales en ambas cimas, fortaleciendo su rol como espacios de encuentro, disfrute y promoci\u00f3n del turismo local.<\/p>\n\n\n\n<p>En este contexto, se destaca la inauguraci\u00f3n del anfiteatro \u201cLas Voces de Or\u00e1n\u201d, realizada el 8 de octubre de 2025. El acto fue encabezado por el gobernador de la provincia, Gustavo S\u00e1enz, y cont\u00f3 con la presencia de Las Voces de Or\u00e1n, El Chaque\u00f1o Palavecino, Guitarreros, Ahyre, entre otros destacados exponentes de la m\u00fasica popular, convocando a una gran cantidad de p\u00fablico y consolidando al anfiteatro como un nuevo espacio cultural de referencia.<\/p>\n\n\n\n<p>Desde el Complejo Telef\u00e9rico Salta S.E. se celebra este balance altamente positivo, reafirmando el compromiso de continuar impulsando propuestas que fortalezcan el turismo, la cultura y el desarrollo de espacios p\u00fablicos de calidad para toda la comunidad.<\/p>\n\n\n\n<hr class=\"wp-block-separator has-alpha-channel-opacity\"\/>\n\n\n\n<p>Fuente:&nbsp;<strong>Secretaria de Prensa y Comunicaci\u00f3n<\/strong><\/p>\n","protected":false},"excerpt":{"rendered":"<p>El Complejo Telef\u00e9rico Salta S.E. cerr\u00f3 2025 con un r\u00e9cord de 437.825 visitantes, un 29,41% m\u00e1s que el a\u00f1o anterior, impulsado por el \u00e9xito del nuevo Telef\u00e9rico Aladelta y el crecimiento sostenido del turismo en la provincia. El Complejo Telef\u00e9rico Salta S.E. cerr\u00f3 el a\u00f1o 2025 con un r\u00e9cord hist\u00f3rico de visitantes, alcanzando un total [&hellip;]<\/p>\n","protected":false},"author":1,"featured_media":7713,"comment_status":"open","ping_status":"open","sticky":false,"template":"","format":"standard","meta":{"tdm_status":"","tdm_grid_status":"","footnotes":""},"categories":[44],"tags":[],"class_list":{"0":"post-7712","1":"post","2":"type-post","3":"status-publish","4":"format-standard","5":"has-post-thumbnail","7":"category-ciudad-de-salta"},"_links":{"self":[{"href":"https:\/\/circuitosalta.com.ar\/index.php?rest_route=\/wp\/v2\/posts\/7712"}],"collection":[{"href":"https:\/\/circuitosalta.com.ar\/index.php?rest_route=\/wp\/v2\/posts"}],"about":[{"href":"https:\/\/circuitosalta.com.ar\/index.php?rest_route=\/wp\/v2\/types\/post"}],"author":[{"embeddable":true,"href":"https:\/\/circuitosalta.com.ar\/index.php?rest_route=\/wp\/v2\/users\/1"}],"replies":[{"embeddable":true,"href":"https:\/\/circuitosalta.com.ar\/index.php?rest_route=%2Fwp%2Fv2%2Fcomments&post=7712"}],"version-history":[{"count":1,"href":"https:\/\/circuitosalta.com.ar\/index.php?rest_route=\/wp\/v2\/posts\/7712\/revisions"}],"predecessor-version":[{"id":7714,"href":"https:\/\/circuitosalta.com.ar\/index.php?rest_route=\/wp\/v2\/posts\/7712\/revisions\/7714"}],"wp:featuredmedia":[{"embeddable":true,"href":"https:\/\/circuitosalta.com.ar\/index.php?rest_route=\/wp\/v2\/media\/7713"}],"wp:attachment":[{"href":"https:\/\/circuitosalta.com.ar\/index.php?rest_route=%2Fwp%2Fv2%2Fmedia&parent=7712"}],"wp:term":[{"taxonomy":"category","embeddable":true,"href":"https:\/\/circuitosalta.com.ar\/index.php?rest_route=%2Fwp%2Fv2%2Fcategories&post=7712"},{"taxonomy":"post_tag","embeddable":true,"href":"https:\/\/circuitosalta.com.ar\/index.php?rest_route=%2Fwp%2Fv2%2Ftags&post=7712"}],"curies":[{"name":"wp","href":"https:\/\/api.w.org\/{rel}","templated":true}]}}