{"id":7721,"date":"2026-01-09T09:56:59","date_gmt":"2026-01-09T12:56:59","guid":{"rendered":"https:\/\/circuitosalta.com.ar\/?p=7721"},"modified":"2026-01-09T09:57:01","modified_gmt":"2026-01-09T12:57:01","slug":"san-jose-de-metan-celebra-la-11a-edicion-del-festimiel-una-fiesta-que-pone-en-valor-la-identidad-del-sur-salteno","status":"publish","type":"post","link":"https:\/\/circuitosalta.com.ar\/?p=7721","title":{"rendered":"San Jos\u00e9 de Met\u00e1n celebra la 11\u00aa edici\u00f3n del Festimiel, una fiesta que pone en valor la identidad del sur salte\u00f1o"},"content":{"rendered":"\n<p><strong><em>El tradicional Festimiel volver\u00e1 a reunir m\u00fasica, danza, producci\u00f3n local y gastronom\u00eda regional en San Jos\u00e9 de Met\u00e1n, con el acompa\u00f1amiento del Ministerio de Turismo y Deportes y la Secretar\u00eda de Cultura, a trav\u00e9s del Programa Provincial de Difusi\u00f3n y Promoci\u00f3n de Fiestas Populares.<\/em><\/strong><\/p>\n\n\n\n<p>San Jos\u00e9 de Met\u00e1n se prepara para vivir la 11\u00aa edici\u00f3n del Festimiel, uno de los festivales m\u00e1s convocantes del sur de la provincia de Salta, que se realizar\u00e1 el domingo 11 de enero en el Estadio de la Liga Metanense de F\u00fatbol. El evento cuenta con el acompa\u00f1amiento del Ministerio de Turismo y Deportes y la Secretar\u00eda de Cultura, mediante el Programa Provincial de Difusi\u00f3n y Promoci\u00f3n de Fiestas Populares, impulsado por el Gobierno de Salta con el objetivo de poner en valor las celebraciones que fortalecen la identidad cultural y promueven el turismo en los municipios.<\/p>\n\n\n<div class=\"wp-block-image\">\n<figure class=\"alignright size-full is-resized\"><img fetchpriority=\"high\" decoding=\"async\" width=\"560\" height=\"315\" src=\"https:\/\/circuitosalta.com.ar\/wp-content\/uploads\/2026\/01\/105738-san-jose-de-metan-celebra-la-11-edicion-del-festimiel-una-fiesta-que-pone-en-valor-la-identidad-del-sur-saltenio.webp\" alt=\"\" class=\"wp-image-7722\" style=\"width:350px;height:auto\" srcset=\"https:\/\/circuitosalta.com.ar\/wp-content\/uploads\/2026\/01\/105738-san-jose-de-metan-celebra-la-11-edicion-del-festimiel-una-fiesta-que-pone-en-valor-la-identidad-del-sur-saltenio.webp 560w, https:\/\/circuitosalta.com.ar\/wp-content\/uploads\/2026\/01\/105738-san-jose-de-metan-celebra-la-11-edicion-del-festimiel-una-fiesta-que-pone-en-valor-la-identidad-del-sur-saltenio-300x169.webp 300w\" sizes=\"(max-width: 560px) 100vw, 560px\" \/><\/figure><\/div>\n\n\n<p>El Festimiel refleja el alma de San Jos\u00e9 de Met\u00e1n y su historia como la \u00abciudad de la miel\u201d, celebrando la identidad local a trav\u00e9s de la tradici\u00f3n ap\u00edcola y folcl\u00f3rica. Sus ejes centrales se apoyan en una historia festivalera que se remonta a m\u00e1s de 50 a\u00f1os, desde la realizaci\u00f3n del primer festival en 1972, la producci\u00f3n local de miel reconocida a nivel nacional e internacional, y la m\u00fasica y danza folkl\u00f3rica acompa\u00f1adas por la gastronom\u00eda t\u00edpica de la regi\u00f3n.<\/p>\n\n\n\n<p>Destinado a todo p\u00fablico, el festival convoca a familias, p\u00fablico tradicional y visitantes tur\u00edsticos que buscan disfrutar de una aut\u00e9ntica fiesta popular. La propuesta se completa con ferias de artesanos y puestos gastron\u00f3micos que reflejan la cultura y las costumbres del municipio, poniendo en valor las expresiones del folclore regional y la cultura gauchesca. En esta edici\u00f3n, se destaca la actuaci\u00f3n del Chaque\u00f1o Palavecino como artista principal, que compartir\u00e1 cartelera con Deskta2, Dany Hoyos, Ivan Ruiz, Chiretes y muchos m\u00e1s.<\/p>\n\n\n\n<p>Entre las experiencias asociadas al Festimiel se incluyen la degustaci\u00f3n de productos regionales como miel, quesillo de vaca y alfajores de miel, adem\u00e1s de una variada oferta gastron\u00f3mica basada en productos caracter\u00edsticos de la zona, como c\u00edtricos y ar\u00e1ndanos. La propuesta se complementa con ferias de artesanos y actividades culturales que permiten al visitante acercarse a las tradiciones y saberes locales.<\/p>\n\n\n\n<p>San Jos\u00e9 de Met\u00e1n se encuentra ubicado sobre la Ruta Nacional N\u00ba 9\/34, a 145 kil\u00f3metros de la ciudad de Salta, con un tiempo estimado de viaje de 1 hora y 40 minutos. El destino ofrece un atractivo recorrido hist\u00f3rico y cultural que incluye su casco hist\u00f3rico de arquitectura poscolonial, la Posta de Yatasto (Monumento Hist\u00f3rico Nacional), iglesias emblem\u00e1ticas como la de San Jos\u00e9 y la del Se\u00f1or del Milagro con el reconocido \u201cJes\u00fas del Mosaico\u201d, museos dedicados al gaucho, las bellas artes y la historia ferroviaria, as\u00ed como propuestas de turismo de naturaleza como el Camping-Balneario Municipal, el avistaje de tucanes y el trekking en el entorno de yungas de los cerros El Crest\u00f3n y La Media Luna.<\/p>\n\n\n\n<p>Finalmente, desde el Ministerio de Turismo y Deportes se invita a quienes elijan visitar Salta a optar por alojamientos debidamente habilitados, disponibles para su consulta en el sitio oficial&nbsp;<a href=\"https:\/\/visitsalta.ar\/alojamientos\/\">https:\/\/visitsalta.ar\/alojamientos\/<\/a>, como parte del compromiso de brindar una experiencia tur\u00edstica segura y de calidad.<\/p>\n\n\n\n<hr class=\"wp-block-separator has-alpha-channel-opacity\"\/>\n\n\n\n<p>Fuente:&nbsp;<strong>Secretar\u00eda de Prensa y Comunicaci\u00f3n<\/strong><\/p>\n","protected":false},"excerpt":{"rendered":"<p>El tradicional Festimiel volver\u00e1 a reunir m\u00fasica, danza, producci\u00f3n local y gastronom\u00eda regional en San Jos\u00e9 de Met\u00e1n, con el acompa\u00f1amiento del Ministerio de Turismo y Deportes y la Secretar\u00eda de Cultura, a trav\u00e9s del Programa Provincial de Difusi\u00f3n y Promoci\u00f3n de Fiestas Populares. San Jos\u00e9 de Met\u00e1n se prepara para vivir la 11\u00aa edici\u00f3n [&hellip;]<\/p>\n","protected":false},"author":1,"featured_media":7723,"comment_status":"open","ping_status":"open","sticky":false,"template":"","format":"standard","meta":{"tdm_status":"","tdm_grid_status":"","footnotes":""},"categories":[13],"tags":[],"class_list":{"0":"post-7721","1":"post","2":"type-post","3":"status-publish","4":"format-standard","5":"has-post-thumbnail","7":"category-festivales"},"_links":{"self":[{"href":"https:\/\/circuitosalta.com.ar\/index.php?rest_route=\/wp\/v2\/posts\/7721"}],"collection":[{"href":"https:\/\/circuitosalta.com.ar\/index.php?rest_route=\/wp\/v2\/posts"}],"about":[{"href":"https:\/\/circuitosalta.com.ar\/index.php?rest_route=\/wp\/v2\/types\/post"}],"author":[{"embeddable":true,"href":"https:\/\/circuitosalta.com.ar\/index.php?rest_route=\/wp\/v2\/users\/1"}],"replies":[{"embeddable":true,"href":"https:\/\/circuitosalta.com.ar\/index.php?rest_route=%2Fwp%2Fv2%2Fcomments&post=7721"}],"version-history":[{"count":1,"href":"https:\/\/circuitosalta.com.ar\/index.php?rest_route=\/wp\/v2\/posts\/7721\/revisions"}],"predecessor-version":[{"id":7724,"href":"https:\/\/circuitosalta.com.ar\/index.php?rest_route=\/wp\/v2\/posts\/7721\/revisions\/7724"}],"wp:featuredmedia":[{"embeddable":true,"href":"https:\/\/circuitosalta.com.ar\/index.php?rest_route=\/wp\/v2\/media\/7723"}],"wp:attachment":[{"href":"https:\/\/circuitosalta.com.ar\/index.php?rest_route=%2Fwp%2Fv2%2Fmedia&parent=7721"}],"wp:term":[{"taxonomy":"category","embeddable":true,"href":"https:\/\/circuitosalta.com.ar\/index.php?rest_route=%2Fwp%2Fv2%2Fcategories&post=7721"},{"taxonomy":"post_tag","embeddable":true,"href":"https:\/\/circuitosalta.com.ar\/index.php?rest_route=%2Fwp%2Fv2%2Ftags&post=7721"}],"curies":[{"name":"wp","href":"https:\/\/api.w.org\/{rel}","templated":true}]}}