{"id":7725,"date":"2026-01-14T20:26:23","date_gmt":"2026-01-14T23:26:23","guid":{"rendered":"https:\/\/circuitosalta.com.ar\/?p=7725"},"modified":"2026-01-14T20:26:25","modified_gmt":"2026-01-14T23:26:25","slug":"turismo-y-vialidad-nacional-articulan-acciones-para-fortalecer-la-transitabilidad-en-rutas-de-salta","status":"publish","type":"post","link":"https:\/\/circuitosalta.com.ar\/?p=7725","title":{"rendered":"Turismo y Vialidad Nacional articulan acciones para fortalecer la transitabilidad en rutas de Salta"},"content":{"rendered":"\n<p><strong><em>Se avanz\u00f3 en la planificaci\u00f3n de tareas de mantenimiento y asistencia vial para la temporada estival, en articulaci\u00f3n con el calendario tur\u00edstico y cultural de la provincia.<\/em><\/strong><\/p>\n\n\n\n<p>La ministra de Turismo y Deportes,&nbsp;<strong>Manuela Arancibia<\/strong>, mantuvo una reuni\u00f3n de trabajo con el jefe del 5\u00b0 Distrito Salta de Vialidad Nacional, ingeniero&nbsp;<strong>Federico Casas<\/strong>, con el objetivo de coordinar acciones conjuntas orientadas a mejorar la transitabilidad y la seguridad vial en la red de rutas nacionales que atraviesan la provincia.<\/p>\n\n\n\n<p>Durante el encuentro se avanz\u00f3 en la planificaci\u00f3n de los trabajos viales previstos para los meses de enero, febrero y marzo, un per\u00edodo clave que coincide con la temporada estival y un importante incremento del tr\u00e1nsito vehicular vinculado al turismo, las actividades recreativas y el desarrollo de festivales y celebraciones populares en distintas localidades salte\u00f1as. En este sentido, las acciones se enmarcan dentro del Programa Provincial de Difusi\u00f3n y Promoci\u00f3n de Fiestas Populares, impulsado por el Gobierno de Salta, que promueve un abordaje integral para acompa\u00f1ar los eventos que fortalecen la identidad cultural y el movimiento tur\u00edstico en los municipios.<\/p>\n\n\n\n<p>Al respecto, la ministra Arancibia destac\u00f3 que \u201cel trabajo articulado con Vialidad Nacional es fundamental para garantizar rutas seguras y en buenas condiciones durante la temporada alta, acompa\u00f1ando el crecimiento del turismo y el desarrollo de las fiestas populares que forman parte de nuestra identidad y atraen a miles de visitantes a la provincia\u201d.<\/p>\n\n\n\n<p>Por su parte, desde Vialidad Nacional se se\u00f1al\u00f3 que, como ocurre cada verano, se intensificar\u00e1n las tareas de mantenimiento, conservaci\u00f3n y asistencia vial, con especial refuerzo en los tramos donde las rutas nacionales atraviesan zonas urbanas o sectores de alto flujo tur\u00edstico. \u201cLa planificaci\u00f3n anticipada nos permite optimizar recursos y reforzar la presencia operativa en rutas estrat\u00e9gicas, brindando mayor seguridad y respuestas r\u00e1pidas ante las contingencias propias de esta \u00e9poca del a\u00f1o\u201d, afirm\u00f3 el ingeniero Federico Casas.<\/p>\n\n\n\n<p>Asimismo, se remarc\u00f3 la importancia del trabajo conjunto entre organismos nacionales y provinciales, entendiendo que la infraestructura vial cumple un rol estrat\u00e9gico no solo para la conectividad y la seguridad vial, sino tambi\u00e9n como motor del desarrollo tur\u00edstico, cultural y econ\u00f3mico de Salta. La coordinaci\u00f3n permanente permitir\u00e1 acompa\u00f1ar los principales eventos del calendario estival y garantizar una circulaci\u00f3n m\u00e1s fluida tanto para residentes como para quienes eligen la provincia como destino tur\u00edstico.<\/p>\n\n\n\n<p>Desde ambas \u00e1reas se reafirm\u00f3 el compromiso de continuar fortaleciendo estos espacios de articulaci\u00f3n, con una mirada integral que priorice la seguridad vial, el bienestar de los usuarios y la promoci\u00f3n de Salta, asegurando rutas en mejores condiciones durante todo el a\u00f1o.<\/p>\n\n\n\n<hr class=\"wp-block-separator has-alpha-channel-opacity\"\/>\n\n\n\n<p>Fuente:&nbsp;<strong>Secretaria de Prensa y Comunicaci\u00f3n<\/strong><\/p>\n","protected":false},"excerpt":{"rendered":"<p>Se avanz\u00f3 en la planificaci\u00f3n de tareas de mantenimiento y asistencia vial para la temporada estival, en articulaci\u00f3n con el calendario tur\u00edstico y cultural de la provincia. La ministra de Turismo y Deportes,&nbsp;Manuela Arancibia, mantuvo una reuni\u00f3n de trabajo con el jefe del 5\u00b0 Distrito Salta de Vialidad Nacional, ingeniero&nbsp;Federico Casas, con el objetivo de [&hellip;]<\/p>\n","protected":false},"author":1,"featured_media":7726,"comment_status":"open","ping_status":"open","sticky":false,"template":"","format":"standard","meta":{"tdm_status":"","tdm_grid_status":"","footnotes":""},"categories":[15,6],"tags":[],"class_list":{"0":"post-7725","1":"post","2":"type-post","3":"status-publish","4":"format-standard","5":"has-post-thumbnail","7":"category-provincial","8":"category-temas-relacionados"},"_links":{"self":[{"href":"https:\/\/circuitosalta.com.ar\/index.php?rest_route=\/wp\/v2\/posts\/7725"}],"collection":[{"href":"https:\/\/circuitosalta.com.ar\/index.php?rest_route=\/wp\/v2\/posts"}],"about":[{"href":"https:\/\/circuitosalta.com.ar\/index.php?rest_route=\/wp\/v2\/types\/post"}],"author":[{"embeddable":true,"href":"https:\/\/circuitosalta.com.ar\/index.php?rest_route=\/wp\/v2\/users\/1"}],"replies":[{"embeddable":true,"href":"https:\/\/circuitosalta.com.ar\/index.php?rest_route=%2Fwp%2Fv2%2Fcomments&post=7725"}],"version-history":[{"count":1,"href":"https:\/\/circuitosalta.com.ar\/index.php?rest_route=\/wp\/v2\/posts\/7725\/revisions"}],"predecessor-version":[{"id":7727,"href":"https:\/\/circuitosalta.com.ar\/index.php?rest_route=\/wp\/v2\/posts\/7725\/revisions\/7727"}],"wp:featuredmedia":[{"embeddable":true,"href":"https:\/\/circuitosalta.com.ar\/index.php?rest_route=\/wp\/v2\/media\/7726"}],"wp:attachment":[{"href":"https:\/\/circuitosalta.com.ar\/index.php?rest_route=%2Fwp%2Fv2%2Fmedia&parent=7725"}],"wp:term":[{"taxonomy":"category","embeddable":true,"href":"https:\/\/circuitosalta.com.ar\/index.php?rest_route=%2Fwp%2Fv2%2Fcategories&post=7725"},{"taxonomy":"post_tag","embeddable":true,"href":"https:\/\/circuitosalta.com.ar\/index.php?rest_route=%2Fwp%2Fv2%2Ftags&post=7725"}],"curies":[{"name":"wp","href":"https:\/\/api.w.org\/{rel}","templated":true}]}}